{"id":69656,"date":"2024-07-25T00:00:06","date_gmt":"2024-07-25T00:00:06","guid":{"rendered":"https:\/\/kamucalisani.net\/?p=69656"},"modified":"2024-07-25T00:00:06","modified_gmt":"2024-07-25T00:00:06","slug":"tff-baskani-mehmet-buyukeksi-infantino-ve-ceferin-ile-bir-araya-geldi","status":"publish","type":"post","link":"https:\/\/kamucalisani.net\/index.php\/2024\/07\/25\/tff-baskani-mehmet-buyukeksi-infantino-ve-ceferin-ile-bir-araya-geldi\/","title":{"rendered":"TFF Ba\u015fkan\u0131 Mehmet B\u00fcy\u00fckek\u015fi, Infantino ve Ceferin ile bir araya geldi!"},"content":{"rendered":"<p><p>T\u00fcrkiye Futbol Federasyonu Ba\u015fkan\u0131 Mehmet B\u00fcy\u00fckek\u015fi, Almanya&#8217;da d\u00fcn ak\u015fam a\u00e7\u0131l\u0131\u015f t\u00f6reni yap\u0131lan Avrupa Futbol \u015eampiyonas\u0131 \u00f6ncesi ger\u00e7ekle\u015ftirilen etkinliklerde FIFA Ba\u015fkan\u0131 Gianni Infantino ile UEFA Ba\u015fkan\u0131 Aleksander Ceferin&#8217;in yan\u0131 s\u0131ra F Grubu&#8217;ndaki rakiplerimizin \u00fclke futbol federasyon ba\u015fkanlar\u0131 ile de bir araya geldi.\u00a0<br \/>\u00a0<br \/><strong>A Milli Tak\u0131m\u0131m\u0131za ba\u015far\u0131 dilediler<br \/><\/strong>\u00a0<br \/>FIFA Ba\u015fkan\u0131 Infantino ile olan bulu\u015fmada A Milli Tak\u0131m\u0131m\u0131z\u0131n F Grubu&#8217;ndaki rakiplerinden Portekiz&#8217;in efsane oyuncusu Luis Figo, UEFA Ba\u015fkan\u0131 Ceferin ile yap\u0131lan bulu\u015fmada ise Macaristan Ba\u015fbakan\u0131 Viktor Orban ile Macaristan Futbol Federasyonu Ba\u015fkan\u0131 Sandor Csany de yer ald\u0131. Hem Infantino hem de Ceferin, A Milli Tak\u0131m\u0131m\u0131za EURO 2024&#8217;te ba\u015far\u0131 dilerken, Ba\u015fkan B\u00fcy\u00fckek\u015fi de kendilerine te\u015fekk\u00fcr etti. TFF Ba\u015fkan\u0131 B\u00fcy\u00fckek\u015fi, Macaristan Ba\u015fbakan\u0131 Orban ve Macaristan Futbol Federasyonu Ba\u015fkan\u0131 Csany&#8217;ye ise ba\u015fkent Budape\u015fte&#8217;deki Puskas Arena&#8217;da oynanan Macaristan &#8211; T\u00fcrkiye aras\u0131ndaki dostluk ma\u00e7\u0131nda g\u00f6sterilen misafirperverlik i\u00e7in bir kez daha te\u015fekk\u00fcrlerini iletti.\u00a0<\/p>\n<p>\u00a0<br \/><strong>Ba\u015fkan B\u00fcy\u00fckek\u015fi, F Grubu&#8217;ndaki rakiplerimizin ba\u015fkanlar\u0131 ile de g\u00f6r\u00fc\u015ft\u00fc<br \/><\/strong>\u00a0<br \/>TFF Ba\u015fkan\u0131 Mehmet B\u00fcy\u00fckek\u015fi, M\u00fcnih&#8217;te Almanya ile \u0130sko\u00e7ya aras\u0131nda oynanan ma\u00e7tan \u00f6nce yap\u0131lan a\u00e7\u0131l\u0131\u015f t\u00f6reni etkinliklerinde FIFA ve UEFA Ba\u015fkanlar\u0131 d\u0131\u015f\u0131nda Avrupa \u015eampiyonas\u0131&#8217;nda F Grubu&#8217;ndaki rakiplerimizin \u00fclke temsilcileri ile de bir araya geldi. B\u00fcy\u00fckek\u015fi, \u00c7ekya Futbol Federasyonu Ba\u015fkan\u0131 Petr Fousek, G\u00fcrcistan Futbol Federasyonu Ba\u015fkan\u0131 Levan Kobiashvili ve Portekiz Futbol Federasyonu Ba\u015fkan\u0131 Fernando Gomes ile g\u00f6r\u00fc\u015f\u00fcrken, d\u00f6rt ba\u015fkan ma\u00e7lar\u0131n centilmence ge\u00e7mesi temennisiyle birbirlerine ba\u015far\u0131 diledi.\u00a0\u00a0<\/p>\n<div>\n<div> <img decoding=\"async\" src=\"https:\/\/kamucalisani.net\/wp-content\/uploads\/2024\/07\/tff-baskani-mehmet-buyukeksi-infantino-ve-ceferin-ile-bir-araya-geldi-0-wFASBcqu.jpg\"\/><\/img> <\/div>\n<\/p><\/div>\n<p>\u00a0<br \/><strong>Almanya &#8211; \u0130sko\u00e7ya ma\u00e7\u0131n\u0131 birlikte izlediler<br \/><\/strong>\u00a0<br \/>L\u00fcksemburg Futbol Federasyonu Ba\u015fkan\u0131 Paul Philipp, Arnavutluk Futbol Federasyonu Ba\u015fkan\u0131 Armand Duka ve \u0130svi\u00e7re Futbol Federasyonu Dominique Blanc ile de g\u00f6r\u00fc\u015fen Ba\u015fkan B\u00fcy\u00fckek\u015fi, 14 Temmuz&#8217;a kadar s\u00fcrecek \u015fampiyona ile ilgili g\u00f6r\u00fc\u015f al\u0131\u015fveri\u015finde bulundu. TFF Ba\u015fkan\u0131 Mehmet B\u00fcy\u00fckek\u015fi, M\u00fcnih Futbol Arena&#8217;da ger\u00e7ekle\u015ftirilen EURO 2024 a\u00e7\u0131l\u0131\u015f seremonisini ve a\u00e7\u0131l\u0131\u015f ma\u00e7\u0131 olan Almanya-\u0130sko\u00e7ya m\u00fcsabakas\u0131n\u0131 FIFA Ba\u015fkan\u0131 Infantino ve UEFA Ba\u015fkan\u0131 Ceferin&#8217;in yan\u0131 s\u0131ra \u00fclke federasyon ba\u015fkanlar\u0131yla da birlikte takip etti.<\/p>\n\n<p><\/p>\n<p>Kaynak :\u00a0<span style=\"background-color: rgb(255, 249, 236); color: rgb(55, 58, 60); font-size: 14px;\">http:\/\/www.milliyet.com.tr\/skorer\/tff-baskani-mehmet-buyukeksi-infantino-ve-ceferin-ile-bir-araya-geldi-7142616<\/span><\/p>\n","protected":false},"excerpt":{"rendered":"<p>T\u00fcrkiye Futbol Federasyonu Ba\u015fkan\u0131 Mehmet B\u00fcy\u00fckek\u015fi, Avrupa Futbol \u015eampiyonas\u0131 \u00f6ncesi FIFA Ba\u015fkan\u0131 Gianni Infantino ile UEFA Ba\u015fkan\u0131 Aleksander Ceferin ile bir araya geldi.<\/p>\n","protected":false},"author":1,"featured_media":69657,"comment_status":"open","ping_status":"open","sticky":false,"template":"","format":"standard","meta":{"footnotes":""},"categories":[7],"tags":[186,215,3918,3917,2169],"class_list":["post-69656","post","type-post","status-publish","format-standard","has-post-thumbnail","hentry","category-spor","tag-baskan","tag-baskani","tag-buyukeksi","tag-futbol-federasyonu-baskani","tag-macaristan"],"_links":{"self":[{"href":"https:\/\/kamucalisani.net\/index.php\/wp-json\/wp\/v2\/posts\/69656","targetHints":{"allow":["GET"]}}],"collection":[{"href":"https:\/\/kamucalisani.net\/index.php\/wp-json\/wp\/v2\/posts"}],"about":[{"href":"https:\/\/kamucalisani.net\/index.php\/wp-json\/wp\/v2\/types\/post"}],"author":[{"embeddable":true,"href":"https:\/\/kamucalisani.net\/index.php\/wp-json\/wp\/v2\/users\/1"}],"replies":[{"embeddable":true,"href":"https:\/\/kamucalisani.net\/index.php\/wp-json\/wp\/v2\/comments?post=69656"}],"version-history":[{"count":1,"href":"https:\/\/kamucalisani.net\/index.php\/wp-json\/wp\/v2\/posts\/69656\/revisions"}],"predecessor-version":[{"id":69659,"href":"https:\/\/kamucalisani.net\/index.php\/wp-json\/wp\/v2\/posts\/69656\/revisions\/69659"}],"wp:featuredmedia":[{"embeddable":true,"href":"https:\/\/kamucalisani.net\/index.php\/wp-json\/wp\/v2\/media\/69657"}],"wp:attachment":[{"href":"https:\/\/kamucalisani.net\/index.php\/wp-json\/wp\/v2\/media?parent=69656"}],"wp:term":[{"taxonomy":"category","embeddable":true,"href":"https:\/\/kamucalisani.net\/index.php\/wp-json\/wp\/v2\/categories?post=69656"},{"taxonomy":"post_tag","embeddable":true,"href":"https:\/\/kamucalisani.net\/index.php\/wp-json\/wp\/v2\/tags?post=69656"}],"curies":[{"name":"wp","href":"https:\/\/api.w.org\/{rel}","templated":true}]}}