{"id":69689,"date":"2024-07-25T00:48:07","date_gmt":"2024-07-25T00:48:07","guid":{"rendered":"https:\/\/kamucalisani.net\/?p=69689"},"modified":"2024-07-25T00:48:07","modified_gmt":"2024-07-25T00:48:07","slug":"elektrikli-otomobiller-ve-yenilenebilir-enerji-sistemleri-icin-yerli-ve-milli-cip-uretilecek","status":"publish","type":"post","link":"https:\/\/kamucalisani.net\/index.php\/2024\/07\/25\/elektrikli-otomobiller-ve-yenilenebilir-enerji-sistemleri-icin-yerli-ve-milli-cip-uretilecek\/","title":{"rendered":"Elektrikli otomobiller ve yenilenebilir enerji sistemleri i\u00e7in yerli ve milli \u00e7ip \u00fcretilecek"},"content":{"rendered":"<p><figure> <span> <img decoding=\"async\" src=\"https:\/\/kamucalisani.net\/wp-content\/uploads\/2024\/07\/elektrikli-otomobiller-ve-yenilenebilir-enerji-sistemleri-icin-yerli-ve-milli-cip-uretilecek-0-lalN9b4c.jpg\"\/> <\/span> Sanayi ve Teknoloji Bakan\u0131 Kac\u0131r, T\u00dcB\u0130TAK\u2019\u0131n 61. Kurulu\u015f Y\u0131l D\u00f6n\u00fcm\u00fc T\u00f6reni\u2019nde a\u00e7\u0131klamalarda bulundu. <strong>Yerli ve milli \u00e7ip ve sens\u00f6r<\/strong> \u00fcretimi i\u00e7in m\u00fcjdeyi verdi. <\/figure>\n<p>Bakan Kac\u0131r, yerli \u00e7ip tesisinin <strong>temelinin<\/strong> \u00f6n\u00fcm\u00fczdeki d\u00f6nemde at\u0131laca\u011f\u0131n\u0131 a\u00e7\u0131klad\u0131. Bu tesiste \u00fcretilecek \u00e7ipler hakk\u0131nda bilgi veren Bakan Kac\u0131r, \u015funlar\u0131 s\u00f6yledi:<\/p>\n<p>\u201cTemelini in\u015fallah \u00f6n\u00fcm\u00fczdeki d\u00f6nemde ataca\u011f\u0131m\u0131z yeni \u00e7ip \u00fcretim tesisimizle \u00e7ip tasar\u0131m ve \u00fcretiminde \u00f6nce <strong>110 nanometre<\/strong>, ard\u0131ndan da <strong>65 nanometre<\/strong> teknolojisine ge\u00e7i\u015f yapaca\u011f\u0131z. Ba\u015fta elektrikli ara\u00e7lar olmak \u00fczere, yenilenebilir enerji sistemlerinin ihtiya\u00e7 duydu\u011fu t\u00fcm \u00e7ipleri ve beyaz e\u015fya gibi sekt\u00f6rlerde kullan\u0131lan hassas sens\u00f6rleri yerli ve milli olarak \u00fcretece\u011fiz.&#8221;<\/p>\n<p><b>Yerli \u00e7ip i\u00e7in Katar ile i\u015f birli\u011fi yap\u0131lacak<\/b><\/p>\n<p>T\u00fcrkiye yerli ve milli \u00e7ip \u00fcretimi i\u00e7in <strong>Katar\u2019\u0131n Hamad Bin Halife \u00dcniversitesi<\/strong> ile i\u015f birli\u011fi anla\u015fmas\u0131 imzalad\u0131. 65 nanometre \u00e7ip \u00fcretim hatt\u0131n\u0131n kurulabilmesi i\u00e7in gerekli olan de\u011feri 30 milyon dolar\u0131 bulan makineler, Hamad Bin Halife \u00dcniversitesi taraf\u0131ndan temin edilecek. T\u00dcB\u0130TAK B\u0130LGEM ise temiz odalar\u0131n in\u015fa edilmesinden, makinelerin Katar\u2019dan getirilerek kurulmas\u0131ndan ve tesisin i\u015fletilmesinden sorumlu olacak. Makine ekipmanlar\u0131n Gebze kamp\u00fcs\u00fcne getirilmesinden sonra in\u015fallah 12 ay i\u00e7erisinde T\u00fcrkiye\u2019de ilk defa 65 nm \u00e7ip \u00fcretimine ba\u015flayaca\u011f\u0131z. Buras\u0131, iki \u00fclkenin ihtiya\u00e7 duydu\u011fu kritik komponentlerin \u00fcretildi\u011fi ve pazara sunuldu\u011fu bir tesis olacak. Geli\u015ftirdi\u011fi teknolojik \u00e7\u00f6z\u00fcmlerle, milli has\u0131lam\u0131za, cari a\u00e7\u0131\u011f\u0131n azalt\u0131lmas\u0131na ve istihdama katk\u0131 sa\u011flayacak.<\/p>\n\n<p>Kaynak\u00a0 :\u00a0<span style=\"background-color: rgb(255, 249, 236); color: rgb(55, 58, 60); font-size: 14px;\">https:\/\/www.donanimhaber.com\/elektrikli-otomobiller-icin-yerli-ve-milli-cip-uretilecek&#8211;179829<\/span><\/p>\n","protected":false},"excerpt":{"rendered":"<p>Sanayi ve Teknoloji Bakan\u0131 Kac\u0131r, T\u00dcB\u0130TAK\u2019\u0131n 61. Kurulu\u015f Y\u0131l D\u00f6n\u00fcm\u00fc T\u00f6reni\u2019nde a\u00e7\u0131klamalarda bulundu. Yerli ve milli \u00e7ip ve sens\u00f6r \u00fcretimi i\u00e7in m\u00fcjdeyi verdi. Bakan Kac\u0131r, yerli \u00e7ip tesisinin temelinin \u00f6n\u00fcm\u00fczdeki d\u00f6nemde at\u0131laca\u011f\u0131n\u0131 a\u00e7\u0131klad\u0131 &#8230;<\/p>\n","protected":false},"author":1,"featured_media":69690,"comment_status":"open","ping_status":"open","sticky":false,"template":"","format":"standard","meta":{"footnotes":""},"categories":[8],"tags":[480,460,479,2235],"class_list":["post-69689","post","type-post","status-publish","format-standard","has-post-thumbnail","hentry","category-teknoloji","tag-cip","tag-tesis","tag-uretim","tag-yerli"],"_links":{"self":[{"href":"https:\/\/kamucalisani.net\/index.php\/wp-json\/wp\/v2\/posts\/69689","targetHints":{"allow":["GET"]}}],"collection":[{"href":"https:\/\/kamucalisani.net\/index.php\/wp-json\/wp\/v2\/posts"}],"about":[{"href":"https:\/\/kamucalisani.net\/index.php\/wp-json\/wp\/v2\/types\/post"}],"author":[{"embeddable":true,"href":"https:\/\/kamucalisani.net\/index.php\/wp-json\/wp\/v2\/users\/1"}],"replies":[{"embeddable":true,"href":"https:\/\/kamucalisani.net\/index.php\/wp-json\/wp\/v2\/comments?post=69689"}],"version-history":[{"count":1,"href":"https:\/\/kamucalisani.net\/index.php\/wp-json\/wp\/v2\/posts\/69689\/revisions"}],"predecessor-version":[{"id":69692,"href":"https:\/\/kamucalisani.net\/index.php\/wp-json\/wp\/v2\/posts\/69689\/revisions\/69692"}],"wp:featuredmedia":[{"embeddable":true,"href":"https:\/\/kamucalisani.net\/index.php\/wp-json\/wp\/v2\/media\/69690"}],"wp:attachment":[{"href":"https:\/\/kamucalisani.net\/index.php\/wp-json\/wp\/v2\/media?parent=69689"}],"wp:term":[{"taxonomy":"category","embeddable":true,"href":"https:\/\/kamucalisani.net\/index.php\/wp-json\/wp\/v2\/categories?post=69689"},{"taxonomy":"post_tag","embeddable":true,"href":"https:\/\/kamucalisani.net\/index.php\/wp-json\/wp\/v2\/tags?post=69689"}],"curies":[{"name":"wp","href":"https:\/\/api.w.org\/{rel}","templated":true}]}}