{"id":69928,"date":"2024-07-25T10:48:07","date_gmt":"2024-07-25T10:48:07","guid":{"rendered":"https:\/\/kamucalisani.net\/?p=69928"},"modified":"2024-07-25T10:48:07","modified_gmt":"2024-07-25T10:48:07","slug":"fenerbahcede-batshuayi-ile-buraya-kadar-sozlesmede-ozel-madde","status":"publish","type":"post","link":"https:\/\/kamucalisani.net\/index.php\/2024\/07\/25\/fenerbahcede-batshuayi-ile-buraya-kadar-sozlesmede-ozel-madde\/","title":{"rendered":"Fenerbah\u00e7e&#8217;de Batshuayi ile buraya kadar! S\u00f6zle\u015fmede \u00f6zel madde"},"content":{"rendered":"<p><p>Fenerbah\u00e7e, 22 Haziran&#8217;da ba\u015flayacak Avusturya kamp\u0131 \u00e7er\u00e7evesinde Admira Wacker, Hajduk Split ve Strasbourg tak\u0131mlar\u0131 ile haz\u0131rl\u0131k ma\u00e7\u0131 yapacak. Bu m\u00fccadele \u00f6ncesinde transferde vites art\u0131ran sar\u0131-lacivertlilerde Batshuayi geli\u015fmesi ya\u015fand\u0131.<\/p>\n<p><strong>S\u00d6ZLE\u015eME MADDES\u0130 DEVREYE G\u0130RDMED\u0130<\/strong><br \/>\u0130\u00e7 transferde ise idareciler s\u00f6zle\u015fmesi biten isimlerle masaya oturacak. Edin Dzeko\u2019nun sar\u0131-lacivertli tak\u0131mdaki gelece\u011finde karar\u0131 tecr\u00fcbeli forvete b\u0131rakan y\u00f6netim, Michy Batshuayi&#8217;nin opsiyonunu kullanmad\u0131<\/p>\n<p>Ya\u011f\u0131z Sabuncuo\u011flu&#8217;nun haberine g\u00f6re; Michy Batshuayi&#8217;nin s\u00f6zle\u015fmesinde yer alan ve KAP&#8217;a a\u00e7\u0131klanan +1 y\u0131ll\u0131k opsiyon &#8216;\u0130lk 11&#8217;de oynanacak ma\u00e7 say\u0131s\u0131na&#8217; ba\u011fl\u0131yd\u0131. Yeterli ma\u00e7 say\u0131s\u0131na ula\u015f\u0131lamad\u0131\u011f\u0131 i\u00e7in devreye girmedi.<\/p>\n<p><strong>KAMP PROGRAMI BELL\u0130 OLDU<\/strong><br \/>Teknik direkt\u00f6r Jose Mourinho y\u00f6netimindeki Sar\u0131-lacivertliler, 2024-2025 sezonuna 22 Haziran tarihinde Avusturya kamp\u0131yla ba\u015flayacak. Kamp d\u00f6neminde Sar\u0131-lacivertliler 6 Temmuz&#8217;da Avusturya ekibi Admira Wacker, 10 Temmuz&#8217;da H\u0131rvatistan temsilcisi Hajduk Split, 13 Temmuz&#8217;da da Fransa tak\u0131m\u0131 Strasbourg ile haz\u0131rl\u0131k ma\u00e7\u0131 oynayacak.<\/p>\n<p>Ekip, 13 Temmuz tarihinde oynayaca\u011f\u0131 ma\u00e7 sonras\u0131nda da haz\u0131rl\u0131klar\u0131n\u0131 tamamlay\u0131p \u0130stanbul\u2019a d\u00f6necek.<\/p>\n<p>Sar\u0131-lacivertlilerin kamp program\u0131 dahilinde oynayaca\u011f\u0131 ma\u00e7lar\u0131n program\u0131 \u015fu \u015fekilde:<\/p>\n<p><strong>6 TEMMUZ CUMARTES\u0130<\/strong><\/p>\n<p>19.00 Fenerbah\u00e7e &#8211; Admira Wacker (BSFZ Arena)<\/p>\n<p><strong>10 TEMMUZ \u00c7AR\u015eAMBA<\/strong><\/p>\n<p>19.00 Fenerbah\u00e7e &#8211; Hajduk Split (Merkur Arena)<\/p>\n<p><strong>13 TEMMUZ CUMARTES\u0130<\/strong><\/p>\n<p>18.30 Fenerbah\u00e7e &#8211; Strasbourg (Merkur Arena)<\/p>\n\n<p><\/p>\n<p>Kaynak :\u00a0<span style=\"background-color: rgb(255, 249, 236); color: rgb(55, 58, 60); font-size: 14px;\">http:\/\/www.milliyet.com.tr\/skorer\/fenerbahcede-batshuayi-gercegi-sozlesmede-ozel-madde-7142682<\/span><\/p>\n","protected":false},"excerpt":{"rendered":"<p>Gelecek sezon iddial\u0131 bir kadro kurmak i\u00e7in giri\u015fimlerini s\u00fcrd\u00fcren Fenerbah\u00e7e&#8217;de Michy Batshuayi ile ilgili s\u0131cak geli\u015fme ya\u015fand\u0131.<\/p>\n","protected":false},"author":1,"featured_media":69929,"comment_status":"open","ping_status":"open","sticky":false,"template":"","format":"standard","meta":{"footnotes":""},"categories":[7],"tags":[2403,288,3881,2704],"class_list":["post-69928","post","type-post","status-publish","format-standard","has-post-thumbnail","hentry","category-spor","tag-kamp","tag-mac","tag-sari-lacivertli","tag-temmuz"],"_links":{"self":[{"href":"https:\/\/kamucalisani.net\/index.php\/wp-json\/wp\/v2\/posts\/69928","targetHints":{"allow":["GET"]}}],"collection":[{"href":"https:\/\/kamucalisani.net\/index.php\/wp-json\/wp\/v2\/posts"}],"about":[{"href":"https:\/\/kamucalisani.net\/index.php\/wp-json\/wp\/v2\/types\/post"}],"author":[{"embeddable":true,"href":"https:\/\/kamucalisani.net\/index.php\/wp-json\/wp\/v2\/users\/1"}],"replies":[{"embeddable":true,"href":"https:\/\/kamucalisani.net\/index.php\/wp-json\/wp\/v2\/comments?post=69928"}],"version-history":[{"count":1,"href":"https:\/\/kamucalisani.net\/index.php\/wp-json\/wp\/v2\/posts\/69928\/revisions"}],"predecessor-version":[{"id":69930,"href":"https:\/\/kamucalisani.net\/index.php\/wp-json\/wp\/v2\/posts\/69928\/revisions\/69930"}],"wp:featuredmedia":[{"embeddable":true,"href":"https:\/\/kamucalisani.net\/index.php\/wp-json\/wp\/v2\/media\/69929"}],"wp:attachment":[{"href":"https:\/\/kamucalisani.net\/index.php\/wp-json\/wp\/v2\/media?parent=69928"}],"wp:term":[{"taxonomy":"category","embeddable":true,"href":"https:\/\/kamucalisani.net\/index.php\/wp-json\/wp\/v2\/categories?post=69928"},{"taxonomy":"post_tag","embeddable":true,"href":"https:\/\/kamucalisani.net\/index.php\/wp-json\/wp\/v2\/tags?post=69928"}],"curies":[{"name":"wp","href":"https:\/\/api.w.org\/{rel}","templated":true}]}}