{"id":70023,"date":"2024-07-25T13:48:07","date_gmt":"2024-07-25T13:48:07","guid":{"rendered":"https:\/\/kamucalisani.net\/?p=70023"},"modified":"2024-07-25T13:48:07","modified_gmt":"2024-07-25T13:48:07","slug":"kazada-olen-polis-memuru-omer-faruk-canbula-veda","status":"publish","type":"post","link":"https:\/\/kamucalisani.net\/index.php\/2024\/07\/25\/kazada-olen-polis-memuru-omer-faruk-canbula-veda\/","title":{"rendered":"Kazada \u00f6len polis memuru \u00d6mer Faruk Canbul&#8217;a veda"},"content":{"rendered":"<p><p>\u0130stanbul Havaliman\u0131nda g\u00f6revli polis memuru \u00d6mer Faruk Canbul (30), bayram tatilini memleketinde ge\u00e7irmek \u00fczere e\u015fi Emine Canbul (28) ve 1 ya\u015f\u0131ndaki k\u0131z\u0131 Defne Sare Canbul ile birlikte Samsun&#8217;a do\u011fru yola \u00e7\u0131kt\u0131.<\/p>\n<p>\u00d6mer Faruk Canbul&#8217;un kulland\u0131\u011f\u0131 55 AGJ 774 plakal\u0131 otomobil, Samsun \u00c7ar\u015famba il\u00e7esi Irmaks\u0131rt\u0131 E\u011ferceli mevkisinde direksiyon hakimiyetini kaybederek yolun sa\u011f\u0131nda park halindeki 52 AEC 668 \u00e7ekiciye ba\u011fl\u0131 52 AEC 669 plakal\u0131 t\u0131r\u0131n dorsesine \u00e7arpt\u0131. A\u011f\u0131r yaralanan polis memuru \u00d6mer Faruk Canbul, ambulansla hastaneye sevk edilirken yolda hayat\u0131n\u0131 kaybetti.<\/p>\n<div>\n<div> <img decoding=\"async\" src=\"https:\/\/kamucalisani.net\/wp-content\/uploads\/2024\/07\/kazada-olen-polis-memuru-omer-faruk-canbula-veda-0-ney2HvEg.jpg\"\/><\/img> <\/div>\n<\/p><\/div>\n<\/p>\n<p>\u00d6l\u00fcm\u00fc ile yak\u0131nlar\u0131n\u0131 yasa bo\u011fan \u00d6mer Faruk Canbul i\u00e7in baba oca\u011f\u0131 \u00c7ar\u015famba il\u00e7esi Ep\u00e7eli Mahallesi&#8217;nde cenaze t\u00f6reni d\u00fczenlendi. Ep\u00e7eli Kabristan\u0131nda \u00f6\u011fle namaz\u0131n\u0131 m\u00fcteakip cenaze namaz\u0131 k\u0131l\u0131nd\u0131. Meslekta\u015flar\u0131n\u0131n omzunda ta\u015f\u0131nan Canbul, al\u0131nan helallik sonras\u0131 dualarla son yolculu\u011funa u\u011furland\u0131.<\/p>\n<p>Cenaze merasimine, Samsun \u0130l Emniyet M\u00fcd\u00fcr\u00fc Ahmet Ar\u0131ba\u015f, \u00c7ar\u015famba \u0130l\u00e7e Emniyet M\u00fcd\u00fcr\u00fc Barik \u00c7i\u00e7ek, polis memurlar\u0131 ve Canbul ailesinin yak\u0131nlar\u0131 ile \u00e7ok say\u0131da vatanda\u015f kat\u0131ld\u0131.<\/p>\n\n<p><\/p>\n<p>Kaynak :\u00a0<span style=\"background-color: rgb(255, 249, 236); color: rgb(55, 58, 60); font-size: 14px;\">http:\/\/www.milliyet.com.tr\/gundem\/kazada-olen-polis-memuru-omer-faruk-canbula-veda-7142759<\/span><\/p>\n","protected":false},"excerpt":{"rendered":"<p>Bayram tatili i\u00e7in geldi\u011fi memleketi Samsun&#8217;da ge\u00e7irdi\u011fi trafik kazas\u0131 sonucu hayat\u0131n\u0131 kaybeden polis memuru \u00d6mer Faruk Canbul son yolculu\u011funa u\u011furland\u0131.<\/p>\n","protected":false},"author":1,"featured_media":70024,"comment_status":"open","ping_status":"open","sticky":false,"template":"","format":"standard","meta":{"footnotes":""},"categories":[3],"tags":[],"class_list":["post-70023","post","type-post","status-publish","format-standard","has-post-thumbnail","hentry","category-guncel"],"_links":{"self":[{"href":"https:\/\/kamucalisani.net\/index.php\/wp-json\/wp\/v2\/posts\/70023","targetHints":{"allow":["GET"]}}],"collection":[{"href":"https:\/\/kamucalisani.net\/index.php\/wp-json\/wp\/v2\/posts"}],"about":[{"href":"https:\/\/kamucalisani.net\/index.php\/wp-json\/wp\/v2\/types\/post"}],"author":[{"embeddable":true,"href":"https:\/\/kamucalisani.net\/index.php\/wp-json\/wp\/v2\/users\/1"}],"replies":[{"embeddable":true,"href":"https:\/\/kamucalisani.net\/index.php\/wp-json\/wp\/v2\/comments?post=70023"}],"version-history":[{"count":1,"href":"https:\/\/kamucalisani.net\/index.php\/wp-json\/wp\/v2\/posts\/70023\/revisions"}],"predecessor-version":[{"id":70026,"href":"https:\/\/kamucalisani.net\/index.php\/wp-json\/wp\/v2\/posts\/70023\/revisions\/70026"}],"wp:featuredmedia":[{"embeddable":true,"href":"https:\/\/kamucalisani.net\/index.php\/wp-json\/wp\/v2\/media\/70024"}],"wp:attachment":[{"href":"https:\/\/kamucalisani.net\/index.php\/wp-json\/wp\/v2\/media?parent=70023"}],"wp:term":[{"taxonomy":"category","embeddable":true,"href":"https:\/\/kamucalisani.net\/index.php\/wp-json\/wp\/v2\/categories?post=70023"},{"taxonomy":"post_tag","embeddable":true,"href":"https:\/\/kamucalisani.net\/index.php\/wp-json\/wp\/v2\/tags?post=70023"}],"curies":[{"name":"wp","href":"https:\/\/api.w.org\/{rel}","templated":true}]}}