{"id":70675,"date":"2024-07-26T11:12:09","date_gmt":"2024-07-26T11:12:09","guid":{"rendered":"https:\/\/kamucalisani.net\/?p=70675"},"modified":"2024-07-26T11:12:09","modified_gmt":"2024-07-26T11:12:09","slug":"tff-baskani-mehmet-buyukeksiden-kurban-bayrami-mesaji","status":"publish","type":"post","link":"https:\/\/kamucalisani.net\/index.php\/2024\/07\/26\/tff-baskani-mehmet-buyukeksiden-kurban-bayrami-mesaji\/","title":{"rendered":"TFF Ba\u015fkan\u0131 Mehmet B\u00fcy\u00fckek\u015fi&#8217;den Kurban Bayram\u0131 mesaj\u0131!"},"content":{"rendered":"<p><p>TFF Ba\u015fkan\u0131 Mehmet B\u00fcy\u00fckek\u015fi, Kurban Bayram\u0131 dolay\u0131s\u0131yla bir kutlama mesaj\u0131 yay\u0131nlad\u0131. TFF Ba\u015fkan\u0131 Mehmet B\u00fcy\u00fckek\u015fi, mesaj\u0131nda bayramlar\u0131n toplumumuzu kayna\u015ft\u0131rma g\u00f6revine vurguda bulundu.<\/p>\n<p><strong>TFF Ba\u015fkan\u0131 Mehmet B\u00fcy\u00fckek\u015fi mesaj\u0131nda \u015fu ifadeleri kulland\u0131:<\/strong><\/p>\n<p>&#8220;Birlik ve beraberli\u011fimizin, yard\u0131mla\u015fma ve dayan\u0131\u015fma duygular\u0131m\u0131z\u0131n g\u00fc\u00e7lendi\u011fi, payla\u015fman\u0131n \u00f6n plana \u00e7\u0131kt\u0131\u011f\u0131 Kurban Bayram\u0131m\u0131za kavu\u015fman\u0131n bir kez daha sevincini ya\u015f\u0131yoruz.<\/p>\n<p>Manevi de\u011ferlerimizin ve dayan\u0131\u015fma gelene\u011fimizin en g\u00fczel \u00f6rneklerinin ya\u015fand\u0131\u011f\u0131 Kurban Bayram\u0131&#8217;n\u0131n, toplumumuzda b\u00fcy\u00fck bir birle\u015ftirici g\u00fcce sahip olan futbolumuzda da sevgi, sayg\u0131, dostluk, bar\u0131\u015f ve karde\u015fli\u011fin hakim olmas\u0131na vesile olmas\u0131 en b\u00fcy\u00fck temennimdir.<\/p>\n<p>Kurban Bayram\u0131&#8217;n\u0131n 3. g\u00fcn\u00fc Avrupa Futbol \u015eampiyonas\u0131&#8217;nda G\u00fcrcistan kar\u015f\u0131s\u0131nda ilk ma\u00e7\u0131na \u00e7\u0131kacak A Milli Futbol Tak\u0131m\u0131m\u0131za ba\u015far\u0131lar diliyor, milletimize \u00e7ifte bayram ya\u015fatmalar\u0131n\u0131 temenni ediyorum.<\/p>\n<p>Bu duygularla, Kurban Bayram\u0131&#8217;n\u0131n \u00fclkemize, milletimize ve t\u00fcm \u0130slam \u00e2lemine sa\u011fl\u0131k, huzur, mutluluk getirmesini diliyor, b\u00fcy\u00fck futbol ailemizin ve t\u00fcm vatanda\u015flar\u0131m\u0131z\u0131n bayram\u0131n\u0131 en i\u00e7ten dileklerimle kutluyorum. Bayram\u0131m\u0131z m\u00fcbarek olsun.&#8221;<\/p>\n<p>\u00a0<\/p>\n\n<p><\/p>\n<p>Kaynak :\u00a0<span style=\"background-color: rgb(255, 249, 236); color: rgb(55, 58, 60); font-size: 14px;\">http:\/\/www.milliyet.com.tr\/skorer\/tff-baskani-mehmet-buyukeksiden-kurban-bayrami-mesaji-7142960<\/span><\/p>\n","protected":false},"excerpt":{"rendered":"<p>T\u00fcrkiye Futbol Federasyonu Ba\u015fkan\u0131 Mehmet B\u00fcy\u00fckek\u015fi, Kurban Bayram\u0131 sebebiyle bir kutlama mesaj\u0131 payla\u015ft\u0131.<\/p>\n","protected":false},"author":1,"featured_media":70676,"comment_status":"open","ping_status":"open","sticky":false,"template":"","format":"standard","meta":{"footnotes":""},"categories":[7],"tags":[2098],"class_list":["post-70675","post","type-post","status-publish","format-standard","has-post-thumbnail","hentry","category-spor","tag-kurban-bayrami"],"_links":{"self":[{"href":"https:\/\/kamucalisani.net\/index.php\/wp-json\/wp\/v2\/posts\/70675","targetHints":{"allow":["GET"]}}],"collection":[{"href":"https:\/\/kamucalisani.net\/index.php\/wp-json\/wp\/v2\/posts"}],"about":[{"href":"https:\/\/kamucalisani.net\/index.php\/wp-json\/wp\/v2\/types\/post"}],"author":[{"embeddable":true,"href":"https:\/\/kamucalisani.net\/index.php\/wp-json\/wp\/v2\/users\/1"}],"replies":[{"embeddable":true,"href":"https:\/\/kamucalisani.net\/index.php\/wp-json\/wp\/v2\/comments?post=70675"}],"version-history":[{"count":1,"href":"https:\/\/kamucalisani.net\/index.php\/wp-json\/wp\/v2\/posts\/70675\/revisions"}],"predecessor-version":[{"id":70677,"href":"https:\/\/kamucalisani.net\/index.php\/wp-json\/wp\/v2\/posts\/70675\/revisions\/70677"}],"wp:featuredmedia":[{"embeddable":true,"href":"https:\/\/kamucalisani.net\/index.php\/wp-json\/wp\/v2\/media\/70676"}],"wp:attachment":[{"href":"https:\/\/kamucalisani.net\/index.php\/wp-json\/wp\/v2\/media?parent=70675"}],"wp:term":[{"taxonomy":"category","embeddable":true,"href":"https:\/\/kamucalisani.net\/index.php\/wp-json\/wp\/v2\/categories?post=70675"},{"taxonomy":"post_tag","embeddable":true,"href":"https:\/\/kamucalisani.net\/index.php\/wp-json\/wp\/v2\/tags?post=70675"}],"curies":[{"name":"wp","href":"https:\/\/api.w.org\/{rel}","templated":true}]}}