{"id":70748,"date":"2024-07-26T15:12:08","date_gmt":"2024-07-26T15:12:08","guid":{"rendered":"https:\/\/kamucalisani.net\/?p=70748"},"modified":"2024-07-26T15:12:08","modified_gmt":"2024-07-26T15:12:08","slug":"siyasetin-gundemi-halk-etrafinda-sekillenmeli","status":"publish","type":"post","link":"https:\/\/kamucalisani.net\/index.php\/2024\/07\/26\/siyasetin-gundemi-halk-etrafinda-sekillenmeli\/","title":{"rendered":"\u2018Siyasetin g\u00fcndemi halk etraf\u0131nda \u015fekillenmeli\u2019"},"content":{"rendered":"<p><p><strong>ANKARA Milliyet &#8211; <\/strong>CHP Genel Ba\u015fkan\u0131 \u00d6zg\u00fcr \u00d6zel, Kurban Bayram\u0131 mesaj\u0131nda \u015fu ifadelere yer verdi:<\/p>\n<p><strong>EMEK\u00c7\u0130 M\u0130T\u0130NG\u0130:<\/strong> 31 Mart yerel se\u00e7imlerinin ard\u0131ndan ekonomik krizden en \u00e7ok etkilenen kesimlerden olan e\u011fitim emek\u00e7ileriyle \u0130stanbul\u2019da, emeklilerle Ankara\u2019da, \u00e7ay \u00fcreticileriyle Rize\u2019de, hububat \u00fcreticileriyle Hayrabolu\u2019da bir araya gelerek, sorunlar\u0131n\u0131 duyurduk. Kurban Bayram\u0131\u2019n\u0131n ard\u0131ndan Gebze\u2019de emek\u00e7ilerle, asgari \u00fccretlilerle bir araya gelece\u011fiz.<\/p>\n<p><strong>NORMALLE\u015eME:<\/strong> T\u00fcrkiye\u2019nin normalle\u015fmesi, siyasetin rotas\u0131n\u0131n yeniden millete \u00e7evrilmesini, siyasetin g\u00fcndeminin sadece halk\u0131n g\u00fcndemi etraf\u0131nda \u015fekillenmesini gerektirmektedir. Son se\u00e7imlerin birinci partisi olarak, normalle\u015fme s\u00fcrecinde \u00f6nemsedi\u011fimiz as\u0131l mesele budur.<\/p>\n<p><strong>GAZZE MESAJI:<\/strong> T\u00fcm \u0130slam alemi ve t\u00fcm insanl\u0131\u011f\u0131n y\u00fcre\u011fini ac\u0131tan Gazze\u2019deki katliama kar\u015f\u0131 Filistin\u2019i tan\u0131ma karar\u0131 alan Avrupa \u00fclkelerine yenilerinin eklenmesini diliyor, d\u00fcnyan\u0131n bu mezalim kar\u015f\u0131s\u0131nda sessizli\u011fini bozmas\u0131n\u0131 temenni ediyorum.<\/p>\n<div>\n<div> <img decoding=\"async\" src=\"https:\/\/kamucalisani.net\/wp-content\/uploads\/2024\/07\/siyasetin-gundemi-halk-etrafinda-sekillenmeli-0-CHvUeUat.jpg\"\/><\/img> <\/div>\n<\/p><\/div>\n<\/p>\n<p><em><strong>\u00d6zg\u00fcr \u00d6zel, \u00f6nceki genel ba\u015fkanlar Altan \u00d6ymen, Hikmet \u00c7etin ve Murat Karayal\u00e7\u0131n ile \u0130stanbul\u2019da bir araya geldi.<\/strong><\/em><\/p>\n<p><strong>\u2018Liderleri arayaca\u011f\u0131m\u2019<\/strong><\/p>\n<p>\u00d6zel, KKTC\u2019ye 174 gazi ve b\u00fct\u00fcn MYK ile birlikte gidece\u011fini belirterek, \u201cTarifeli bir u\u00e7akla giderim\u201d dedi. Bayramda b\u00fct\u00fcn liderleri arayaca\u011f\u0131n\u0131 ifade eden \u00d6zel, \u201cBayramdan sonra Diyarbak\u0131r ve Mardin ziyareti yapmay\u0131 d\u00fc\u015f\u00fcn\u00fcyorum\u201d diye konu\u015ftu. \u00d6zel, Selahattin Demirta\u015f\u2019\u0131 da cezaevinde uygun bir zamanda ziyaret edece\u011fini ifade etti.<\/p>\n<p>\u00a0<\/p>\n\n<p><\/p>\n<p>Kaynak :\u00a0<span style=\"background-color: rgb(255, 249, 236); color: rgb(55, 58, 60); font-size: 14px;\">http:\/\/www.milliyet.com.tr\/gundem\/siyasetin-gundemi-halk-etrafinda-sekillenmeli-7142912<\/span><\/p>\n","protected":false},"excerpt":{"rendered":"<p>ANKARA Milliyet &#8211; CHP Genel Ba\u015fkan\u0131 \u00d6zg\u00fcr \u00d6zel, Kurban Bayram\u0131 mesaj\u0131nda \u015fu ifadelere yer verdi: EMEK\u00c7\u0130 M\u0130T\u0130NG\u0130: 31 Mart yerel se\u00e7imlerinin ard\u0131ndan ekonomik krizden en \u00e7ok etkilenen kesimlerden olan e\u011fitim emek\u00e7ileriyle \u0130stanbul\u2019da, emeklilerle &#8230;<\/p>\n","protected":false},"author":1,"featured_media":70749,"comment_status":"open","ping_status":"open","sticky":false,"template":"","format":"standard","meta":{"footnotes":""},"categories":[3],"tags":[2651],"class_list":["post-70748","post","type-post","status-publish","format-standard","has-post-thumbnail","hentry","category-guncel","tag-araya"],"_links":{"self":[{"href":"https:\/\/kamucalisani.net\/index.php\/wp-json\/wp\/v2\/posts\/70748","targetHints":{"allow":["GET"]}}],"collection":[{"href":"https:\/\/kamucalisani.net\/index.php\/wp-json\/wp\/v2\/posts"}],"about":[{"href":"https:\/\/kamucalisani.net\/index.php\/wp-json\/wp\/v2\/types\/post"}],"author":[{"embeddable":true,"href":"https:\/\/kamucalisani.net\/index.php\/wp-json\/wp\/v2\/users\/1"}],"replies":[{"embeddable":true,"href":"https:\/\/kamucalisani.net\/index.php\/wp-json\/wp\/v2\/comments?post=70748"}],"version-history":[{"count":1,"href":"https:\/\/kamucalisani.net\/index.php\/wp-json\/wp\/v2\/posts\/70748\/revisions"}],"predecessor-version":[{"id":70751,"href":"https:\/\/kamucalisani.net\/index.php\/wp-json\/wp\/v2\/posts\/70748\/revisions\/70751"}],"wp:featuredmedia":[{"embeddable":true,"href":"https:\/\/kamucalisani.net\/index.php\/wp-json\/wp\/v2\/media\/70749"}],"wp:attachment":[{"href":"https:\/\/kamucalisani.net\/index.php\/wp-json\/wp\/v2\/media?parent=70748"}],"wp:term":[{"taxonomy":"category","embeddable":true,"href":"https:\/\/kamucalisani.net\/index.php\/wp-json\/wp\/v2\/categories?post=70748"},{"taxonomy":"post_tag","embeddable":true,"href":"https:\/\/kamucalisani.net\/index.php\/wp-json\/wp\/v2\/tags?post=70748"}],"curies":[{"name":"wp","href":"https:\/\/api.w.org\/{rel}","templated":true}]}}