{"id":70752,"date":"2024-07-26T15:24:07","date_gmt":"2024-07-26T15:24:07","guid":{"rendered":"https:\/\/kamucalisani.net\/?p=70752"},"modified":"2024-07-26T15:24:07","modified_gmt":"2024-07-26T15:24:07","slug":"cumhur-ittifakindan-taviz-vermeyecegiz","status":"publish","type":"post","link":"https:\/\/kamucalisani.net\/index.php\/2024\/07\/26\/cumhur-ittifakindan-taviz-vermeyecegiz\/","title":{"rendered":"\u2018Cumhur \u0130ttifak\u0131\u2019ndan taviz vermeyece\u011fiz\u2019"},"content":{"rendered":"<p><p><strong>ANKARA Milliyet &#8211;<\/strong> Cumhurba\u015fkan\u0131 Recep Tayyip Erdo\u011fan, MHP Genel Ba\u015fkan\u0131 Devlet Bah\u00e7eli\u2019nin \u201csiyasette yumu\u015famaya\u201d ili\u015fkin a\u00e7\u0131klamalar\u0131n\u0131 de\u011ferlendirirken, CHP Genel Ba\u015fkan\u0131 \u00d6zg\u00fcr \u00d6zel\u2019e de tepki g\u00f6sterdi. \u0130spanya ve \u0130talya ziyaretleri d\u00f6n\u00fc\u015f\u00fc u\u00e7akta gazetecilerin sorular\u0131n\u0131 yan\u0131tlayan Cumhurba\u015fkan\u0131 Erdo\u011fan, \u00f6zetle \u015funlar\u0131 s\u00f6yledi:<\/p>\n<p><strong>\u0130SPANYA B\u0130R DEN\u0130Z FENER\u0130: \u0130<\/strong>srail\u2019in uluslararas\u0131 hukuku hi\u00e7e sayan katliamlar\u0131 kar\u015f\u0131s\u0131nda \u0130spanya ile duygular\u0131m\u0131z\u0131n, \u00e7ekincelerimizin ve itirazlar\u0131m\u0131z\u0131n ortak oldu\u011funu g\u00f6rmek sevindirici. \u00d6zelikle Filistin\u2019in devlet olarak tan\u0131nmas\u0131 konusunda \u0130spanya, zifiri karanl\u0131kta insanl\u0131k gemisine yol g\u00f6steren bir deniz feneri oldu\u011funu kan\u0131tlad\u0131.<\/p>\n<p><strong>BM \u0130\u00c7\u0130N FIRSAT:<\/strong> (BM G\u00fcvenlik Konseyi\u2019nin Gazze\u2019de ate\u015fkes karar\u0131) BM G\u00fcvenlik Konseyi\u2019nin bug\u00fcne kadar att\u0131\u011f\u0131 ad\u0131mlara dikkat ederseniz, ABD her zaman kesi\u015fim noktas\u0131 olmu\u015ftur.\u00a0\u0130srail aleyhinde al\u0131nmas\u0131 gereken kararlar s\u00f6z konusu oldu\u011funda ABD, Konsey\u2019i bloke ediyor. \u015eu anda al\u0131nan ate\u015fkes karar\u0131nda da benim endi\u015fem yine bir \u015fekilde Konsey\u2019i bloke edece\u011fi \u015feklinde. Bizim i\u00e7in en \u00f6nemli ad\u0131m BM Genel Kurulu\u2019ndan \u00e7\u0131kan kararlard\u0131r. Genel Kurul\u2019dan \u00e7\u0131kan olumlu kararlarda 150\u2019ye yak\u0131n \u00fclke, Filistin\u2019in yan\u0131nda yer ald\u0131. Mevcut durum BM i\u00e7in de bir f\u0131rsatt\u0131r.<\/p>\n<p><strong>B\u0130DEN, SAM\u0130M\u0130YET TEST\u0130NDE:<\/strong> (Biden\u2019\u0131n 3 a\u015famal\u0131 ate\u015fkes plan\u0131) Kabataslak bakt\u0131\u011f\u0131m\u0131z zaman bu a\u00e7\u0131klamadan memnuniyet duyuyoruz. Ama bu BMGK\u2019n\u0131n 5 daimi \u00fcyesini Filistin\u2019in yan\u0131na \u00e7ekmeye yetmiyor. Ben, inan\u0131yorum ki, ABD de \u0130srail\u2019in artan \u015f\u0131mar\u0131kl\u0131\u011f\u0131ndan rahats\u0131z. Bu rahats\u0131zl\u0131\u011f\u0131 Amerikan y\u00f6netimi a\u00e7\u0131k a\u00e7\u0131k dile getirmese de Amerikan \u00fcniversitelerinden, sokaklar\u0131ndan, \u00f6\u011frencilerinden, rekt\u00f6rlerden y\u00fckselen sesler, burada art\u0131k belli bir d\u00f6n\u00fc\u015f\u00fcm\u00fcn ba\u015flad\u0131\u011f\u0131n\u0131 g\u00f6steriyor. Say\u0131n Biden\u2019dan bu plan\u0131n bir se\u00e7im yat\u0131r\u0131m\u0131 de\u011fil, ger\u00e7ekten ve samimi olarak Filistin\u2019deki katliamlar\u0131 sonland\u0131rmak i\u00e7in at\u0131lm\u0131\u015f bir ad\u0131m oldu\u011funu ispat etmesi do\u011fal olarak beklenir. Say\u0131n Biden da art\u0131k bir samimiyet testinden ge\u00e7mektedir.<\/p>\n<p><strong>AVRUPA\u2019DA \u2018BUMERANG\u2019 ETK\u0130S\u0130:<\/strong> (AP se\u00e7imleriyle a\u015f\u0131r\u0131 sa\u011f ve \u0131rk\u00e7\u0131 partilerin y\u00fckseli\u015fi) \u015eu anda \u00f6zellikle bizim AB \u00fcyesi \u00fclkelerle ataca\u011f\u0131m\u0131z ad\u0131mlarda ibre bizden yana dersem abartm\u0131\u015f olmam. Bu konuyla ilgili olarak da \u015fu anda AB\u2019den AP se\u00e7imlerine kat\u0131lan partilerin \u00e7o\u011fu T\u00fcrkiye\u2019nin ne denli hakl\u0131 oldu\u011funu kabul ediyor. Sokaklar\u0131n\u0131, meydanlar\u0131n\u0131 insanlar\u0131n kutsallar\u0131na hakarete, yabanc\u0131 kar\u015f\u0131tl\u0131\u011f\u0131na a\u00e7an, onlar\u0131n s\u0131rtlar\u0131n\u0131 i\u015flerine geldi\u011fi i\u00e7in s\u0131vazlayan \u00fclkeler, \u015fimdi g\u00f6rmezden geldikleri ger\u00e7ekle y\u00fczle\u015fti. \u2018Bumerang etkisi\u2019, i\u015fte tam olarak budur. Avrupa\u2019n\u0131n \u2018zarar\u0131n neresinden d\u00f6nersek kard\u0131r\u2019 anlay\u0131\u015f\u0131yla hareket etmesi ve ger\u00e7ek\u00e7i tedbirleri hayata ge\u00e7irmesi elzemdir.\u00a0<\/p>\n<p><strong>CUMHUR \u0130TT\u0130FAKI\u2019NDAN TAV\u0130Z YOK:<\/strong> (Bah\u00e7eli\u2019nin \u2018siyasette normalle\u015fme ve yumu\u015fama\u2019 a\u00e7\u0131klamalar\u0131) Say\u0131n Devlet Bey\u2019in yapm\u0131\u015f oldu\u011fu a\u00e7\u0131klama bir devlet adam\u0131 yakla\u015f\u0131m\u0131yla, sakin, herhangi bir tart\u0131\u015fmaya f\u0131rsat vermeden yap\u0131lm\u0131\u015ft\u0131r. Konuyu bu \u015fekilde kapatm\u0131\u015f olmas\u0131, bence gayet isabetlidir. Bizler Cumhur \u0130ttifak\u0131 olarak asla duru\u015fumuzdan taviz vermeyece\u011fiz. Parti s\u00f6zc\u00fcm\u00fcz \u00d6mer \u00c7elik Bey zaten gereken a\u00e7\u0131klamalar\u0131 detayl\u0131ca yapt\u0131. Bu a\u00e7\u0131klamalarda da dikkat ederseniz tahrik ve dala\u015fma yoktur. Sadece net bir duru\u015f vard\u0131r.\u00a0<\/p>\n<p><strong>\u2018N\u0130YE OLMASIN\u2019 YAKLA\u015eIMI:<\/strong> (Yeni ve sivil anayasa \u00e7al\u0131\u015fmalar\u0131)\u00a0Bizim bu ziyaretleri yapmam\u0131z\u0131n alt\u0131nda yatan ger\u00e7ek de \u2018her ne kadar ters g\u00f6r\u00fcnse de CHP ile de b\u00f6yle bir anayasa yapma ba\u015fl\u0131\u011f\u0131 alt\u0131nda bulu\u015fabilir miyiz\u2019 aray\u0131\u015f\u0131yd\u0131. Teklifimizi yapt\u0131k. Onlardan \u2018niye olmas\u0131n\u2019 noktas\u0131na gelen bir yakla\u015f\u0131m g\u00f6rd\u00fcm. Fakat iki g\u00fcn sonra ortaya maalesef arzu etmedi\u011fimiz bir yakla\u015f\u0131m \u00e7\u0131k\u0131nca, bu durum da bizi \u00fczmedi de\u011fil.\u00a0<\/p>\n<div>\n<div> <img decoding=\"async\" src=\"https:\/\/kamucalisani.net\/wp-content\/uploads\/2024\/07\/cumhur-ittifakindan-taviz-vermeyecegiz-0-lqI3XJpu.jpg\"\/><\/img> <\/div>\n<\/p><\/div>\n<\/p>\n<p><em><strong>Cumhurba\u015fkan\u0131 Erdo\u011fan, aralar\u0131nda Milliyet Gazetesi Genel Yay\u0131n Y\u00f6netmeni \u00d6zay \u015eendir ve Demir\u00f6ren Medya TV Grup Ba\u015fkan\u0131 Murat Yanc\u0131\u2019n\u0131n da bulundu\u011fu gazetecilerin sorular\u0131n\u0131 yan\u0131tlad\u0131.<\/strong><\/em><\/p>\n<p><strong>Erdo\u011fan\u2019dan CHP lideri \u00d6zel\u2019e tepki:<\/strong><\/p>\n<p><strong>\u2018Kibarl\u0131ktan anlamad\u0131lar\u2019<\/strong><\/p>\n<p><strong>\u00d6ZEL\u2019E \u2018HAZIMSIZLIK\u2019 TEPK\u0130S\u0130:<\/strong> CHP\u2019den yap\u0131lan a\u00e7\u0131klamalar oldu. Biz iade-i ziyareti yapmak suretiyle \u2018siyasete bir yumu\u015fama, bir kibarl\u0131k getirelim\u2019 dedik. Ama bu kibarl\u0131ktan anlamayanlar \u0130stanbul\u2019da bas\u0131n toplant\u0131s\u0131 yapt\u0131lar ve orada belli ki birilerinin etkisi alt\u0131nda kald\u0131lar. Demek ki baz\u0131 yerlerden onay ald\u0131lar. Bunlar tabii do\u011fru \u015feyler, g\u00fczel \u015feyler, s\u00fcrece katk\u0131 sa\u011flayan \u015feyler de\u011fil. Yani bu, yumu\u015fama de\u011fildir, siyasete yeni bir ba\u015flang\u0131\u00e7 getirme de\u011fildir. Bizim iade-i ziyaretimizi demek ki hazmedemediler. E\u011fer bu iade-i ziyaretimizi CHP\u2019nin ba\u015f\u0131ndaki arkada\u015f hazmedebilseydi, bu t\u00fcr bir a\u00e7\u0131klamay\u0131 yapmaya gerek duymazd\u0131. B\u00f6yle bir a\u00e7\u0131klama kar\u015f\u0131s\u0131nda ben Cumhurba\u015fkan\u0131 olarak, AK Parti\u2019nin ba\u015fkan\u0131 olarak, buna cevap vermeyi dahi yanl\u0131\u015f bulurum. Ama onlar ne yaparsa yaps\u0131n. Biz Cumhur \u0130ttifak\u0131 olarak ayn\u0131 duru\u015fumuzu, ayn\u0131 dayan\u0131\u015fmam\u0131z\u0131 devam ettirece\u011fiz. Cumhur \u0130ttifak\u0131 bir alt\u0131l\u0131 masa de\u011fildir. Alt\u0131l\u0131 masan\u0131n i\u00e7inde yer alanlar, bildiklerini okusunlar.<\/p>\n<p><strong>\u2018M\u00fcsl\u00fcmanlar\u0131 zor g\u00fcnler bekliyor\u2019<\/strong><\/p>\n<p><strong>AP SE\u00c7\u0130MLER\u0130:<\/strong> Avrupa Parlamentosu (AP) se\u00e7imleri, \u0131rk\u00e7\u0131 ve fa\u015fist yap\u0131larla ilgili bizim kayg\u0131lar\u0131m\u0131z\u0131 hakl\u0131 \u00e7\u0131kard\u0131. Avrupa\u2019daki M\u00fcsl\u00fcmanlar\u0131 ve g\u00f6\u00e7menleri maalesef daha zor g\u00fcnler bekliyor. Medeniyetler \u0130ttifak\u0131 giri\u015fimini hayata ge\u00e7iren iki \u00fclke olarak, \u0130slam ve yabanc\u0131 d\u00fc\u015fman\u0131 ak\u0131mlara dair ortak endi\u015felerimizi dile getirdik.<\/p>\n<p><strong>\u2018Dibimizde ter\u00f6ristan kurdurmay\u0131z\u2019<\/strong><\/p>\n<p><strong>GEREKEN\u0130 YAPARIZ:<\/strong> (Suriye\u2019de ter\u00f6r \u00f6rg\u00fct\u00fcn\u00fcn ertelenen s\u00f6zde se\u00e7im giri\u015fimi) Ortada se\u00e7im falan yok, \u00f6ncelikle bunu belirtelim. Ortada ter\u00f6r \u00f6rg\u00fct\u00fcn\u00fc me\u015frula\u015ft\u0131rma ve b\u00f6lgede bir ter\u00f6ristan kurmak i\u00e7in tertiplenmi\u015f bir oyun var. Suriye\u2019de PKK ter\u00f6r \u00f6rg\u00fct\u00fcn\u00fcn ve di\u011ferlerinin rahat hareket etme imkan\u0131 in\u015fallah olmayacakt\u0131r. B\u00f6yle bir durum oldu\u011fu anda zaten biz de ilgili birimlerimizi gerekli \u015fekilde seferber ederiz. Burnumuzun dibinde bir ter\u00f6ristan kurdurmay\u0131z. Bunun i\u00e7in gereken ne ise yapmaktan da asla ve asla imtina etmeyiz.<\/p>\n<p><strong>Almanya art\u0131k yumu\u015fad\u0131<\/strong><\/p>\n<p><strong>\u0130SPANYA\u2019DAN DESTEK:<\/strong> (Sanchez ile g\u00f6r\u00fc\u015fmede Eurofighter g\u00fcndeme geldi mi?) Bu konuyu Say\u0131n Sanchez\u2019le g\u00f6r\u00fc\u015ft\u00fck. \u0130spanya\u2019n\u0131n e\u011fitim u\u00e7aklar\u0131 \u00f6nemli. Bu e\u011fitim u\u00e7aklar\u0131ndan bize verebilme \u015fanslar\u0131 veya kabiliyetleri var. Ama Almanya\u2019yla temas noktas\u0131nda bu konuda bize yard\u0131mc\u0131 olma durumunu kendilerine s\u00f6yledim. Eurofighter\u2019la ilgili b\u00f6yle bir g\u00f6r\u00fc\u015fme yapabilece\u011fini ifade etti. Ama hepsinden \u00f6te bizim i\u00e7in \u015fu anda Eurofighter \u00f6nemli. Bu konuda Almanya da art\u0131k yumu\u015fad\u0131. Bizim temel yakla\u015f\u0131m\u0131m\u0131z bellidir: \u0130htiya\u00e7lar\u0131m\u0131z\u0131 \u00f6ncelikle NATO m\u00fcttefiklerimizden kar\u015f\u0131lamak isteriz. Fakat s\u00fcrecin sonunda olumsuz bir sonu\u00e7 elde edilirse alternatifsiz de de\u011filiz. KAAN\u2019\u0131m\u0131z art\u0131k kanatland\u0131. \u0130lerleyen d\u00f6nemlerde seri \u00fcretimin ba\u015flamas\u0131 ve envantere giri\u015f s\u00fcrecinin tamamlanmas\u0131 sonras\u0131 bu konuda s\u0131k\u0131nt\u0131m\u0131z da kalmayacak.<\/p>\n<div>\n<div> <img decoding=\"async\" src=\"https:\/\/kamucalisani.net\/wp-content\/uploads\/2024\/07\/cumhur-ittifakindan-taviz-vermeyecegiz-1-diO7Gz12.jpg\"\/><\/img> <\/div>\n<\/p><\/div>\n<\/p>\n<p><strong>\u2018Enflasyon canavar\u0131ndan kurtulaca\u011f\u0131z\u2019<\/strong><\/p>\n<p>Cumhurba\u015fkan\u0131 Erdo\u011fan, Kurban Bayram\u0131 dolay\u0131s\u0131yla bir mesaj yay\u0131mlad\u0131. Erdo\u011fan, siyasette olu\u015fan yumu\u015fama ikliminin milletin tekrar kucakla\u015fmas\u0131na katk\u0131 sa\u011flad\u0131\u011f\u0131n\u0131 belirtirken, enflasyonla m\u00fccadeleye ili\u015fkin \u201cEnflasyon canavar\u0131ndan kurtulma s\u00fcrecine girdik\u201d dedi. Cumhurba\u015fkan\u0131 Erdo\u011fan\u2019\u0131n e\u015fi Emine Erdo\u011fan, Kurban Bayram\u0131\u2019n\u0131n Filistinliler i\u00e7in bar\u0131\u015f dolu g\u00fcnlerin m\u00fcjdecisi olmas\u0131 dile\u011finde bulundu.<\/p>\n<p>\u00a0<\/p>\n<p>\u00a0<\/p>\n<p>\u00a0<\/p>\n<p>\u00a0<\/p>\n<p>\u00a0<\/p>\n\n<p><\/p>\n<p>Kaynak :\u00a0<span style=\"background-color: rgb(255, 249, 236); color: rgb(55, 58, 60); font-size: 14px;\">http:\/\/www.milliyet.com.tr\/gundem\/cumhur-ittifakindan-taviz-vermeyecegiz-7142914<\/span><\/p>\n","protected":false},"excerpt":{"rendered":"<p>Cumhurba\u015fkan\u0131 Erdo\u011fan, MHP lideri Bah\u00e7eli\u2019nin \u2018siyasette yumu\u015fama\u2019 a\u00e7\u0131klamalar\u0131yla ilgili \u201cCumhur \u0130ttifak\u0131 olarak asla duru\u015fumuzdan taviz vermeyece\u011fiz\u201d derken CHP lideri \u00d6zel\u2019e tepki g\u00f6sterdi: \u201cKibarl\u0131ktan anlamad\u0131lar, ziyaretimizi demek ki hazmedemediler\u201d<\/p>\n","protected":false},"author":1,"featured_media":70753,"comment_status":"open","ping_status":"open","sticky":false,"template":"","format":"standard","meta":{"footnotes":""},"categories":[3],"tags":[1621,594,593,1228,1316],"class_list":["post-70752","post","type-post","status-publish","format-standard","has-post-thumbnail","hentry","category-guncel","tag-bizim","tag-cumhurbaskani","tag-erdogan","tag-ispanya","tag-secim"],"_links":{"self":[{"href":"https:\/\/kamucalisani.net\/index.php\/wp-json\/wp\/v2\/posts\/70752","targetHints":{"allow":["GET"]}}],"collection":[{"href":"https:\/\/kamucalisani.net\/index.php\/wp-json\/wp\/v2\/posts"}],"about":[{"href":"https:\/\/kamucalisani.net\/index.php\/wp-json\/wp\/v2\/types\/post"}],"author":[{"embeddable":true,"href":"https:\/\/kamucalisani.net\/index.php\/wp-json\/wp\/v2\/users\/1"}],"replies":[{"embeddable":true,"href":"https:\/\/kamucalisani.net\/index.php\/wp-json\/wp\/v2\/comments?post=70752"}],"version-history":[{"count":1,"href":"https:\/\/kamucalisani.net\/index.php\/wp-json\/wp\/v2\/posts\/70752\/revisions"}],"predecessor-version":[{"id":70756,"href":"https:\/\/kamucalisani.net\/index.php\/wp-json\/wp\/v2\/posts\/70752\/revisions\/70756"}],"wp:featuredmedia":[{"embeddable":true,"href":"https:\/\/kamucalisani.net\/index.php\/wp-json\/wp\/v2\/media\/70753"}],"wp:attachment":[{"href":"https:\/\/kamucalisani.net\/index.php\/wp-json\/wp\/v2\/media?parent=70752"}],"wp:term":[{"taxonomy":"category","embeddable":true,"href":"https:\/\/kamucalisani.net\/index.php\/wp-json\/wp\/v2\/categories?post=70752"},{"taxonomy":"post_tag","embeddable":true,"href":"https:\/\/kamucalisani.net\/index.php\/wp-json\/wp\/v2\/tags?post=70752"}],"curies":[{"name":"wp","href":"https:\/\/api.w.org\/{rel}","templated":true}]}}