{"id":70821,"date":"2024-07-26T18:36:05","date_gmt":"2024-07-26T18:36:05","guid":{"rendered":"https:\/\/kamucalisani.net\/?p=70821"},"modified":"2024-07-26T18:36:05","modified_gmt":"2024-07-26T18:36:05","slug":"ulkemiz-huzur-icinde-bayrami-karsiladi","status":"publish","type":"post","link":"https:\/\/kamucalisani.net\/index.php\/2024\/07\/26\/ulkemiz-huzur-icinde-bayrami-karsiladi\/","title":{"rendered":"&#8216;\u00dclkemiz huzur i\u00e7inde bayram\u0131 kar\u015f\u0131lad\u0131&#8217;"},"content":{"rendered":"<p><p>Cumhurba\u015fkan\u0131 Yard\u0131mc\u0131s\u0131 Y\u0131lmaz, bayram namaz\u0131n\u0131 Cumhurba\u015fkanl\u0131\u011f\u0131 K\u00fclliyesi\u2019nde bulunan Millet Camii\u2019nde k\u0131ld\u0131.<\/p>\n<p>Ard\u0131ndan bas\u0131n mensuplar\u0131na a\u00e7\u0131klamada bulunan Y\u0131lmaz, \u2018\u2019Milletimizin bayram\u0131n\u0131 tebrik ediyorum. B\u00fct\u00fcn \u0130slam aleminin bayram\u0131n\u0131 tebrik ediyorum. G\u00fczel, huzur i\u00e7inde, sevdiklerimizle bir bayram ge\u00e7irmeyi temenni ediyorum. Bayram dayan\u0131\u015fman\u0131n, karde\u015fli\u011fin, beraberli\u011fin zirve yapt\u0131\u011f\u0131 bir zaman. Bunu her bir ki\u015finin en g\u00fczel \u015fekilde ya\u015famas\u0131n\u0131, ge\u00e7irmesini temenni ediyorum. Malum b\u00fcy\u00fcklerimiz var bayramda bizleri bekleyen. Onlar\u0131n ellerinden \u00f6p\u00fcyorum ya\u015fl\u0131lar\u0131m\u0131z\u0131n. \u00c7ocuklar\u0131m\u0131z\u0131n g\u00f6zlerinden \u00f6p\u00fcyorum. Onlara ne\u015feli, g\u00fczel bir bayram diliyorum. \u00dclkemiz huzur i\u00e7inde, g\u00fcven i\u00e7inde bir bayram\u0131 kar\u015f\u0131lad\u0131 ama maalesef d\u00fcnyan\u0131n farkl\u0131 co\u011frafyalar\u0131nda s\u0131k\u0131nt\u0131 i\u00e7erisinde bayram\u0131 kar\u015f\u0131layanlar var. Hele Gazze\u2019de, Filistin\u2019de zul\u00fcm alt\u0131nda her t\u00fcrl\u00fc insanl\u0131k d\u0131\u015f\u0131 sald\u0131r\u0131 alt\u0131nda bayram\u0131 kar\u015f\u0131layan karde\u015flerimiz var. Buradan Gazzeli, Filistinli karde\u015flerimizin bayram\u0131n\u0131 tebrik ediyorum. Bu bayram\u0131n onlar\u0131n da bar\u0131\u015f\u0131na, huzuruna vesile olmas\u0131n\u0131 temenni ediyorum\u2019\u2019 dedi.<\/p>\n<p><strong>\u2018BAYRAMIN B\u0130RL\u0130\u011e\u0130M\u0130Z\u0130 PEK\u0130\u015eT\u0130RMES\u0130N\u0130 TEMENN\u0130 ED\u0130YORUZ\u2019<\/strong><\/p>\n<p>Y\u0131lmaz, T\u00fcrkiye\u2019nin ge\u00e7ti\u011fimiz y\u0131l b\u00fcy\u00fck bir deprem afeti ya\u015fad\u0131\u011f\u0131n\u0131 hat\u0131rlatarak, \u2018\u2019Tarihimizin en b\u00fcy\u00fck afeti. Ge\u00e7en g\u00fcn Hatay\u2019dayd\u0131m. Oradaki \u00e7al\u0131\u015fmalar\u0131 bir kez daha yerinde de g\u00f6rd\u00fcm. Halen \u00e7ok say\u0131da vatanda\u015f\u0131m\u0131z konteyn\u0131r \u015fehirlerde ya\u015fam\u0131n\u0131 s\u00fcrd\u00fcr\u00fcyor. Kal\u0131c\u0131 konutlar i\u00e7in yo\u011fun bir \u00e7al\u0131\u015fma var. Peyderpey de ba\u015flad\u0131 yerle\u015fmeler. Buradan depremzede karde\u015flerimizin bayram\u0131n\u0131 da bir kez daha tebrik ediyorum. Bir an \u00f6nce kal\u0131c\u0131 bir \u015fekilde hayatlar\u0131n\u0131 normalle\u015ftirmelerini temenni ediyorum, onu diliyorum. Di\u011fer yandan bu d\u00f6nemde yak\u0131nlar\u0131n\u0131 kaybetmi\u015f olanlara sab\u0131r diliyoruz. Hastalara \u015fifalar diliyoruz. Bu bayram\u0131 herkesin huzur i\u00e7inde, bar\u0131\u015f i\u00e7inde ge\u00e7irmesini bir kez daha temenni ediyoruz. Cenab\u0131 Allah\u2019tan bizleri nice bayramlara hep birlikte sevdiklerimizle kavu\u015fturmas\u0131n\u0131 diliyoruz. Bayram\u0131n birli\u011fimizi, beraberli\u011fimizi, karde\u015fli\u011fimizi, daha peki\u015ftirmesini temenni ediyoruz\u2019\u2019 ifadelerini kulland\u0131.<\/p>\n\n<p><\/p>\n<p>Kaynak :\u00a0<span style=\"background-color: rgb(255, 249, 236); color: rgb(55, 58, 60); font-size: 14px;\">http:\/\/www.milliyet.com.tr\/gundem\/ulkemiz-huzur-icinde-bayrami-karsiladi-7143002<\/span><\/p>\n","protected":false},"excerpt":{"rendered":"<p>Cumhurba\u015fkan\u0131 Yard\u0131mc\u0131s\u0131 Cevdet Y\u0131lmaz, &#8220;\u00dclkemiz huzur i\u00e7inde, g\u00fcven i\u00e7inde bir bayram\u0131 kar\u015f\u0131lad\u0131 ama maalesef d\u00fcnyan\u0131n farkl\u0131 co\u011frafyalar\u0131nda s\u0131k\u0131nt\u0131 i\u00e7erisinde bayram\u0131 kar\u015f\u0131layanlar var.&#8221; a\u00e7\u0131klamas\u0131n\u0131 yapt\u0131.<\/p>\n","protected":false},"author":1,"featured_media":70822,"comment_status":"open","ping_status":"open","sticky":false,"template":"","format":"standard","meta":{"footnotes":""},"categories":[3],"tags":[1682,4003,3969],"class_list":["post-70821","post","type-post","status-publish","format-standard","has-post-thumbnail","hentry","category-guncel","tag-bayram","tag-icinde","tag-temenni"],"_links":{"self":[{"href":"https:\/\/kamucalisani.net\/index.php\/wp-json\/wp\/v2\/posts\/70821","targetHints":{"allow":["GET"]}}],"collection":[{"href":"https:\/\/kamucalisani.net\/index.php\/wp-json\/wp\/v2\/posts"}],"about":[{"href":"https:\/\/kamucalisani.net\/index.php\/wp-json\/wp\/v2\/types\/post"}],"author":[{"embeddable":true,"href":"https:\/\/kamucalisani.net\/index.php\/wp-json\/wp\/v2\/users\/1"}],"replies":[{"embeddable":true,"href":"https:\/\/kamucalisani.net\/index.php\/wp-json\/wp\/v2\/comments?post=70821"}],"version-history":[{"count":1,"href":"https:\/\/kamucalisani.net\/index.php\/wp-json\/wp\/v2\/posts\/70821\/revisions"}],"predecessor-version":[{"id":70823,"href":"https:\/\/kamucalisani.net\/index.php\/wp-json\/wp\/v2\/posts\/70821\/revisions\/70823"}],"wp:featuredmedia":[{"embeddable":true,"href":"https:\/\/kamucalisani.net\/index.php\/wp-json\/wp\/v2\/media\/70822"}],"wp:attachment":[{"href":"https:\/\/kamucalisani.net\/index.php\/wp-json\/wp\/v2\/media?parent=70821"}],"wp:term":[{"taxonomy":"category","embeddable":true,"href":"https:\/\/kamucalisani.net\/index.php\/wp-json\/wp\/v2\/categories?post=70821"},{"taxonomy":"post_tag","embeddable":true,"href":"https:\/\/kamucalisani.net\/index.php\/wp-json\/wp\/v2\/tags?post=70821"}],"curies":[{"name":"wp","href":"https:\/\/api.w.org\/{rel}","templated":true}]}}