{"id":71994,"date":"2024-07-28T18:24:06","date_gmt":"2024-07-28T18:24:06","guid":{"rendered":"https:\/\/kamucalisani.net\/?p=71994"},"modified":"2024-07-28T18:24:06","modified_gmt":"2024-07-28T18:24:06","slug":"samsung-galaxy-a06-artik-resmi-iste-beklenen-ozellikler","status":"publish","type":"post","link":"https:\/\/kamucalisani.net\/index.php\/2024\/07\/28\/samsung-galaxy-a06-artik-resmi-iste-beklenen-ozellikler\/","title":{"rendered":"Samsung Galaxy A06 art\u0131k resmi: \u0130\u015fte beklenen \u00f6zellikler"},"content":{"rendered":"<p><figure> <span> <img decoding=\"async\" src=\"https:\/\/kamucalisani.net\/wp-content\/uploads\/2024\/07\/samsung-galaxy-a06-artik-resmi-iste-beklenen-ozellikler-0-5Td1FYFE.jpg\"\/> <\/span> Samsung&#8217;un b\u00fct\u00e7e odakl\u0131 telefonu\u00a0<strong>Galaxy A06<\/strong>\u00a0modelinin\u00a0\u00e7ok yak\u0131nda resmiyete kavu\u015fmas\u0131 bekleniyor. Bildi\u011finiz gibi ge\u00e7en y\u0131lki Galaxy A05&#8217;in yerini alacak model, daha \u00f6nce Geekbench ve FCC veritaban\u0131nda ortaya \u00e7\u0131km\u0131\u015ft\u0131. Ge\u00e7ti\u011fimiz saatlerde ise Galaxy A06, Samsung Hindistan&#8217;\u0131n destek sayfalar\u0131nda resmen do\u011fruland\u0131. \u0130\u015fte beklenen \u00f6zellikler <\/figure>\n<p><b>Samsung Galaxy A06 beklenen \u00f6zellikler<\/b><\/p>\n<p>S\u0131zd\u0131r\u0131lan foto\u011fraflara g\u00f6re Galaxy A06, Samsung Hindistan&#8217;\u0131n destek sayfas\u0131nda &#8220;<strong>A065F\/DS<\/strong>&#8221; model numaras\u0131yla g\u00f6r\u00fcnmeye ba\u015flad\u0131. \u015eu an i\u00e7in cihaz\u0131n hangi pazarlarda sat\u0131\u015fa \u00e7\u0131kaca\u011f\u0131 net de\u011fil. Ancak model numaras\u0131nda bulunan &#8220;DS&#8221; eki\u00a0\u00e7ift SIM \u00f6zelli\u011fine ve lansman tarihinin yak\u0131n oldu\u011funu bizlere g\u00f6steriyor.<\/p>\n<figure> <span> <img decoding=\"async\" src=\"https:\/\/kamucalisani.net\/wp-content\/uploads\/2024\/07\/samsung-galaxy-a06-artik-resmi-iste-beklenen-ozellikler-1-DwBU9J2c.jpg\"\/> <\/span> Telefon, daha \u00f6nceki sertifikalara g\u00f6re<strong> 167,3 x 77,31 mm \u00f6l\u00e7\u00fclerinde<\/strong> olacak. K\u0131yaslayacak olursak, bu A05\u2019ten biraz daha uzun ve daha az geni\u015f. Bunun haricinde <strong>MediaTek Helio G85<\/strong>\u00a0yonga setinden g\u00fc\u00e7 alacak telefona, \u00e7ift bantl\u0131 Wi-Fi, 15W kablolu \u015farj sunan 5.000 mAh batarya e\u015flik edecek. <\/figure>\n<p>Bu rakamlar, ge\u00e7en y\u0131lki A05 ile ayn\u0131 olsa da, \u015farj h\u0131z\u0131nda 25W&#8217;tan <strong>15W&#8217;a garip bir d\u00fc\u015f\u00fc\u015f<\/strong> s\u00f6z konusu. Son olarak, 6GB RAM ve Android 14 ile kutusundan \u00e7\u0131kacak.\u00a0Galaxy A06&#8217;n\u0131n fiyat\u0131 ve \u00e7\u0131k\u0131\u015f tarihi hen\u00fcz a\u00e7\u0131klanmad\u0131. Ancak Galaxy A05&#8217;in 25 Eyl\u00fcl tarihinde lanse edildi\u011fini hat\u0131rlatal\u0131m. Dolay\u0131s\u0131yla Ekim ay\u0131na kadar tan\u0131t\u0131lmas\u0131 muhtemel.<\/p>\n\n<p>Kaynak\u00a0 :\u00a0<span style=\"background-color: rgb(255, 249, 236); color: rgb(55, 58, 60); font-size: 14px;\">https:\/\/www.donanimhaber.com\/samsung-galaxy-a06-artik-resmi-iste-beklenen-ozellikler&#8211;179936<\/span><\/p>\n","protected":false},"excerpt":{"rendered":"<p>Samsung&#8217;un b\u00fct\u00e7e odakl\u0131 telefonu\u00a0Galaxy A06\u00a0modelinin\u00a0\u00e7ok yak\u0131nda resmiyete kavu\u015fmas\u0131 bekleniyor. Bildi\u011finiz gibi ge\u00e7en y\u0131lki Galaxy A05&#8217;in yerini alacak model, daha \u00f6nce Geekbench ve FCC veritaban\u0131nda ortaya \u00e7\u0131km\u0131\u015ft\u0131. Ge\u00e7ti\u011fimiz saatlerde ise &#8230;<\/p>\n","protected":false},"author":1,"featured_media":71995,"comment_status":"open","ping_status":"open","sticky":false,"template":"","format":"standard","meta":{"footnotes":""},"categories":[8],"tags":[4097],"class_list":["post-71994","post","type-post","status-publish","format-standard","has-post-thumbnail","hentry","category-teknoloji","tag-galaxy-a06"],"_links":{"self":[{"href":"https:\/\/kamucalisani.net\/index.php\/wp-json\/wp\/v2\/posts\/71994","targetHints":{"allow":["GET"]}}],"collection":[{"href":"https:\/\/kamucalisani.net\/index.php\/wp-json\/wp\/v2\/posts"}],"about":[{"href":"https:\/\/kamucalisani.net\/index.php\/wp-json\/wp\/v2\/types\/post"}],"author":[{"embeddable":true,"href":"https:\/\/kamucalisani.net\/index.php\/wp-json\/wp\/v2\/users\/1"}],"replies":[{"embeddable":true,"href":"https:\/\/kamucalisani.net\/index.php\/wp-json\/wp\/v2\/comments?post=71994"}],"version-history":[{"count":1,"href":"https:\/\/kamucalisani.net\/index.php\/wp-json\/wp\/v2\/posts\/71994\/revisions"}],"predecessor-version":[{"id":71998,"href":"https:\/\/kamucalisani.net\/index.php\/wp-json\/wp\/v2\/posts\/71994\/revisions\/71998"}],"wp:featuredmedia":[{"embeddable":true,"href":"https:\/\/kamucalisani.net\/index.php\/wp-json\/wp\/v2\/media\/71995"}],"wp:attachment":[{"href":"https:\/\/kamucalisani.net\/index.php\/wp-json\/wp\/v2\/media?parent=71994"}],"wp:term":[{"taxonomy":"category","embeddable":true,"href":"https:\/\/kamucalisani.net\/index.php\/wp-json\/wp\/v2\/categories?post=71994"},{"taxonomy":"post_tag","embeddable":true,"href":"https:\/\/kamucalisani.net\/index.php\/wp-json\/wp\/v2\/tags?post=71994"}],"curies":[{"name":"wp","href":"https:\/\/api.w.org\/{rel}","templated":true}]}}