{"id":72471,"date":"2024-07-29T16:00:06","date_gmt":"2024-07-29T16:00:06","guid":{"rendered":"https:\/\/kamucalisani.net\/?p=72471"},"modified":"2024-07-29T16:00:06","modified_gmt":"2024-07-29T16:00:06","slug":"ergin-atamandan-nba-cevabi-galatasaray-baskanligina-aday-olacagim","status":"publish","type":"post","link":"https:\/\/kamucalisani.net\/index.php\/2024\/07\/29\/ergin-atamandan-nba-cevabi-galatasaray-baskanligina-aday-olacagim\/","title":{"rendered":"Ergin Ataman&#8217;dan NBA cevab\u0131! &#8216;Galatasaray ba\u015fkanl\u0131\u011f\u0131na aday olaca\u011f\u0131m&#8217;"},"content":{"rendered":"<p><p>Yunanistan temsilcisi Panathinaikos&#8217;ta unutulmaz bir sezonu geride b\u0131rakan Ergin Ataman a\u00e7\u0131klamalarda bulundu. Tecr\u00fcbeli ba\u015fantren\u00f6r, EuroLeague&#8217;de Real Madrid&#8217;e kar\u015f\u0131 \u015fampiyonlu\u011fu kazanmas\u0131n\u0131 \u0130spanyol bas\u0131n\u0131ndan AS&#8217;a de\u011ferlendirdi.<\/p>\n<p>NBA&#8217;den bir tak\u0131mla daha \u00f6nce g\u00f6r\u00fc\u015ft\u00fc\u011f\u00fcn\u00fc belirten Ergin Ataman&#8217;\u0131n Galatasaray&#8217;daki ba\u015fkanl\u0131k hayaline dair s\u00f6zleri dikkat \u00e7ekti.<\/p>\n<p><em><span><strong>\u0130\u015fte Ergin Ataman&#8217;\u0131n AS&#8217;a verdi\u011fi r\u00f6portaj\u0131n tamam\u0131:<\/strong><\/span><\/em><\/p>\n<p><strong>Tebrikler!! Euroleague sonras\u0131 ilk g\u00fcnler nas\u0131ld\u0131? Telefonunuz \u00e7almadan durmam\u0131\u015ft\u0131r!<\/strong><\/p>\n<p>\u0130nan\u0131lmazd\u0131. \u0130lk defa b\u00f6yle bir kutlama tecr\u00fcbesi ya\u015fad\u0131m. Etkileyiciydi. Madrid&#8217;in \u015eampiyonlar Ligi&#8217;ndeki futbol kutlamalar\u0131na benzerdi! Taraftarlar\u0131n buradaki basketbol k\u00fclt\u00fcr\u00fc \u00e7ok b\u00fcy\u00fck ve 12 y\u0131l sonra kazanman\u0131n ne demek oldu\u011funu \u00e7ok iyi anl\u0131yorlar. Bu \u00e7ok \u00f6nemli bir \u015fey. Onlar ve Panathinaikos i\u00e7in. Harika bir mazileri var ama son y\u0131llarda a\u011f\u0131r yenilgiler ya\u015fam\u0131\u015flard\u0131. \u0130\u015fte bu y\u00fczden b\u00f6yle bir \u015feyi deneyimleyebilmek inan\u0131lmazd\u0131. Yunanistan Ba\u015fbakan\u0131&#8217;n\u0131n beni tebrik etmek i\u00e7in telefon etmesi bile muhte\u015femdi. Sadece basketbol nedeniyle de\u011fil, ayn\u0131 zamanda bu t\u00fcr etkinliklerin \u00fclkeler aras\u0131ndaki, Yunanistan ile T\u00fcrkiye aras\u0131ndaki ili\u015fkilere de yard\u0131mc\u0131 olmas\u0131 nedeniyle. Cumhurba\u015fkan\u0131m\u0131z Say\u0131n Erdo\u011fan beni s\u00fcrekli ar\u0131yor. Ama bu sefer Say\u0131n Mi\u00e7otakis de arad\u0131. Bir \u015fampiyonluk \u00e7ok daha fazlas\u0131 oldu. Atina&#8217;da tecr\u00fcbe ettiklerim, basketbolun da \u00f6tesinde \u015feyler.<\/p>\n<p><span><strong>&#8220;BEN\u0130 \u00c7OK MUTLU ETT\u0130&#8221;<\/strong><\/span><\/p>\n<p><strong>Tebriklerden s\u00f6z a\u00e7\u0131lm\u0131\u015fken. Giannis Antetokounmpo da b\u00fcy\u00fck bir iltifatta bulundu&#8230;<\/strong><\/p>\n<p>Giannis&#8217;i birka\u00e7 y\u0131ld\u0131r T\u00fcrkiye ko\u00e7lu\u011fum sayesinde tan\u0131yorum. D\u00fcr\u00fcst olmak gerekirse bana her zaman b\u00fcy\u00fck sayg\u0131 g\u00f6sterdi. Ben ayn\u0131 zamanda karde\u015fi Kostas&#8217;\u0131n da ko\u00e7uyum. Ve ma\u00e7tan sonra beni tebrik etmeye gelmi\u015fti. Herhangi birinden bahsetmiyoruz, NBA MVP&#8217;si Giannis Antetokounmpo&#8217;dan bahsediyoruz! Karde\u015fi sayesinde sadece final ve Final Four de\u011fil, bir\u00e7ok ma\u00e7\u0131 takip etmi\u015fti. Ve bana gelip &#8216;Sen sadece Avrupa&#8217;n\u0131n de\u011fil, d\u00fcnyan\u0131n en iyi ko\u00e7lar\u0131ndan birisin.&#8217; demi\u015fti. B\u00f6yle bir \u015feyi NBA&#8217;in en \u00f6nemli y\u0131ld\u0131zlar\u0131ndan birinden duymak&#8230; Beni \u00e7ok mutlu etti.<\/p>\n<p><span><strong>&#8220;1 NUMARA G\u0130B\u0130 H\u0130SSETM\u0130YORUM&#8221;<\/strong><\/span><\/p>\n<p><strong>Peki \u00f6yle mi hissediyorsunuz? \u015eu anda Giannis&#8217;in dedi\u011fi gibi kendinizi &#8220;bir numara&#8221; hissediyor musunuz?<\/strong><\/p>\n<p>Hay\u0131r hay\u0131r. Kendimi d\u00fcnyan\u0131n bir numaras\u0131 gibi hissetmiyorum. Kendimi NBA ko\u00e7lar\u0131yla kar\u015f\u0131la\u015ft\u0131rman\u0131n hi\u00e7bir yolu yok. Ve ben Avrupa basketbol tarihinin de 1 numaras\u0131 de\u011filim ama e\u011fer birisi son be\u015f y\u0131l i\u00e7in alt\u0131n madalya verecek olsayd\u0131&#8230; (g\u00fcl\u00fcyor). Be\u015f y\u0131l i\u00e7inde d\u00f6rt kez finale y\u00fckseldim ve \u00fc\u00e7 \u015fampiyonluk kazand\u0131m. Bence bu \u00f6zel bir \u015fey. Sadece sonu\u00e7lardan bahsedecek olursak son be\u015f y\u0131l\u0131n en iyisi benim.<\/p>\n<p><span><strong>&#8220;NBA DENEMEK \u0130STED\u0130\u011e\u0130M\u0130 B\u0130L\u0130YORLAR&#8221;<\/strong><\/span><\/p>\n<p><strong>NBA hi\u00e7 kap\u0131n\u0131z\u0131 \u00e7ald\u0131 m\u0131?<\/strong><\/p>\n<p>Hay\u0131r. Ger\u00e7i&#8230; D\u00fcr\u00fcst olmak gerekirse, iki y\u0131l \u00f6nce \u00f6nemli bir NBA tak\u0131m\u0131n\u0131n genel menajeriyle g\u00f6r\u00fc\u015fm\u00fc\u015ft\u00fcm. \u0130sim veremem. Gelecekte NBA&#8217;i denemek istedi\u011fimi herkes biliyor. Avrupal\u0131 ilk ko\u00e7 olarak. Jordi Fern\u00e1ndez&#8217;in orada oldu\u011funu zaten biliyorum ama o orada e\u011fitim g\u00f6rm\u00fc\u015ft\u00fc, Avrupa&#8217;da e\u011fitim almad\u0131. Avrupa&#8217;dan \u00e7\u0131km\u0131\u015f ilk Avrupal\u0131&#8217;dan bahsediyorum. Kariyerim boyunca hep birinci oldum. Siena&#8217;da, Galatasaray&#8217;da, Be\u015fikta\u015f&#8217;ta, Efes&#8217;te, Panathinaikos&#8217;ta&#8230; Birisinin gelip benden NBA&#8217;de ko\u00e7luk yapmam\u0131 istemesi benim i\u00e7in \u00e7ok \u00f6zel. Kimse benim gibi ba\u015far\u0131l\u0131 olmad\u0131. Dedi\u011fim gibi, iki y\u0131l \u00f6nce bu konu\u015fmalar\u0131 yapm\u0131\u015ft\u0131k. Her ne kadar ikna olmam\u0131\u015f olsam da. Bana yard\u0131mc\u0131 ko\u00e7 olabilmem i\u00e7in birka\u00e7 y\u0131l ko\u00e7luk kadrosunda yer almam gerekti\u011fini s\u00f6ylediler&#8230; Ama art\u0131k 58 ya\u015f\u0131nday\u0131m. Kendimi kimseyle k\u0131yaslamak istemiyorum ama son be\u015f y\u0131l\u0131n sonu\u00e7lar\u0131na bakt\u0131\u011f\u0131n\u0131zda Euroleague&#8217;de bir numaray\u0131m. Neden NBA&#8217;de yard\u0131mc\u0131 antren\u00f6r olmak zorunda olay\u0131m?<\/p>\n<p><span><strong>&#8220;C\u0130DD\u0130 B\u0130R TEMAS OLMADI&#8221;<\/strong><\/span><\/p>\n<p><strong>Yani ho\u015funuza giden bir teklifi de\u011ferlendirir misiniz?<\/strong><\/p>\n<p>E\u011fer birisi bana Avrupa&#8217;da ba\u015fard\u0131klar\u0131m dolay\u0131s\u0131yla bir f\u0131rsat sunmak istiyorsa, bu bir ba\u015fantren\u00f6rl\u00fck g\u00f6revi f\u0131rsat\u0131 olmal\u0131. Bu y\u00fczden \u015fu ana kadar ciddi bir temas kurmad\u0131\u011f\u0131m\u0131 ve ger\u00e7ekten d\u00fc\u015f\u00fcnmedi\u011fimi s\u00f6yl\u00fcyorum. Oras\u0131 farkl\u0131 bir d\u00fcnya. Euroleague&#8217;de ve Panathinaikos&#8217;ta \u00e7ok mutluyum. \u00dc\u00e7 ya da d\u00f6rt y\u0131l \u00f6nce size bunun hayalim oldu\u011funu s\u00f6ylerdim. Art\u0131k \u00f6yle de\u011fil. Elbette, NBA de bir\u00e7ok y\u0131ld\u0131z i\u00e7in Avrupa&#8217;ya geliyor: Antetokounmpo, Doncic, Jokic, Alperen \u015eeng\u00fcn&#8230; Y\u0131ld\u0131z bir Avrupal\u0131 ko\u00e7 istiyorsan\u0131z, ben buraday\u0131m.<\/p>\n<p><strong>Tarz\u0131n\u0131z\u0131n oraya uyaca\u011f\u0131n\u0131 d\u00fc\u015f\u00fcn\u00fcyor musunuz?<\/strong><\/p>\n<p>Elbette. Neden olmas\u0131n? Sonu\u00e7ta basketbol bu. B\u00fcy\u00fck NBA oyuncular\u0131na ko\u00e7luk yapm\u0131\u015fl\u0131\u011f\u0131m var. Ge\u00e7mi\u015fte de yapt\u0131m. Lokavt s\u0131ras\u0131nda Deron Williams ve Allen Iverson&#8217;a (ikisi de Be\u015fikta\u015f&#8217;tayken), \u015fimdi de Kendrick Nunn&#8217;a ko\u00e7luk yap\u0131yorum&#8230; \u0130nsanlar benim tarz\u0131m\u0131n oyunculara \u00f6zg\u00fcrl\u00fck vermek ve iyi bir organizasyonla sa\u011flam savunma yapmaya odaklanmak oldu\u011funu s\u00f6yl\u00fcyor. Bir\u00e7ok oyuncu benim tak\u0131m\u0131mda en iyi seviyelerini g\u00f6rd\u00fc: Larkin, Micic&#8230; Bunlar da NBA oyuncular\u0131. Kendrick Nunn, Kostas Sloukas&#8230; E\u011fer ben EuroLeague \u015fampiyonu bir ko\u00e7sam, NBA y\u0131ld\u0131zlar\u0131na ko\u00e7luk yapmaktan neden korkay\u0131m ki? Oyuncularla nas\u0131l ba\u015fa \u00e7\u0131kaca\u011f\u0131m\u0131 biliyorum, onlar\u0131n g\u00fc\u00e7l\u00fc ve zay\u0131f y\u00f6nlerini nas\u0131l tespit edece\u011fimi biliyorum&#8230; Tarz\u0131m b\u00f6yle.<\/p>\n<p><span><strong>&#8220;GURUR DUYUYORUM&#8221;<\/strong><\/span><\/p>\n<p><strong>Ma\u00e7a d\u00f6necek olursak, PAO, trib\u00fcndeki 15.000 taraftar\u0131yla kazand\u0131! Kendilerini evlerindeymi\u015f gibi hissettiler&#8230;<\/strong><\/p>\n<p>Sonu\u00e7lar elbette bize yard\u0131mc\u0131 oldu ama hem tak\u0131m\u0131n hem de taraftarlar\u0131n karakteri ve enerjisiyle de gurur duyuyorum. Normal ma\u00e7larda da trib\u00fcnler doluydu. Maccabi ile oynanacak be\u015finci ma\u00e7\u0131n biletleri sat\u0131\u015fa \u00e7\u0131kt\u0131\u011f\u0131nda hepsi t\u00fckenmi\u015fti ve bekleme listesinde 100.000 ki\u015fi vard\u0131. E\u011fer Final Four Wembley&#8217;de oynansayd\u0131 50.000 ya da 60.000 Panathinakos taraftar\u0131 olurdu! Herkes orada olmak istiyordu. Final biletini ise Olympiakos ve Fenerbah\u00e7e taraftarlar\u0131ndan ald\u0131lar. Atmosfer muhte\u015femdi! Ayr\u0131ca tak\u0131ma nas\u0131l destek olacaklar\u0131n\u0131 da biliyorlard\u0131. Oyunculara verdikleri enerji \u00e7ok y\u00fcksek. Real Madrid&#8217;den ilk \u00e7eyrekte 36 say\u0131 yedikten sonra toparlanmak kolay i\u015f de\u011fil&#8230; \u0130lk \u00e7eyrekten sonra her tak\u0131m &#8216;Real Madrid 40 say\u0131 farkla kazan\u0131r&#8217; diye d\u00fc\u015f\u00fcn\u00fcrd\u00fc. Ancak benim ve tak\u0131m\u0131n karakteri ve trib\u00fcnlerin deste\u011fi, oyuna geri d\u00f6nmemizi sa\u011flad\u0131. Berlin&#8217;deki atmosfer inan\u0131lmazd\u0131. Hi\u00e7 b\u00f6yle bir \u015fey g\u00f6rmemi\u015ftim.<\/p>\n<p><strong>Oyuncular\u0131n\u0131z bir a\u00e7\u0131klama bulam\u0131yor. Grigonis &#8220;mucize&#8221; derken, Juancho &#8220;aura&#8221;dan bahsediyor&#8230; Ergin Ataman&#8217;\u0131n sihirli iksiri nedir?<\/strong><\/p>\n<p>Mucize falan yok. Euroleague&#8217;i birka\u00e7 kez kazanan bir ko\u00e7 i\u00e7in bu bir mucize de\u011fil. Sezon ba\u015f\u0131nda kazanmak mucize gibi g\u00f6r\u00fcnse de ikinci yar\u0131da b\u00fcy\u00fck tak\u0131mlara kar\u015f\u0131 bir\u00e7ok ma\u00e7 kazanmaya ba\u015flam\u0131\u015ft\u0131k. Madrid&#8217;de Madrid&#8217;i yendik ve o noktaya gelene kadar 49 ma\u00e7 oynad\u0131k. Yar\u0131 finalde kazan\u0131p finale y\u00fckseldik. Benim i\u00e7in bu bir mucize de\u011fil.<\/p>\n<p><span><strong>&#8220;MADR\u0130D ZAFER\u0130 \u00d6NEML\u0130YD\u0130&#8221;<\/strong><\/span><\/p>\n<p><strong>Madrid&#8217;de Madrid&#8217;e kar\u015f\u0131 kazan\u0131lan zafer bir \u015feylerin ba\u015flang\u0131c\u0131 m\u0131yd\u0131?<\/strong><\/p>\n<p>Evet kesinlikle. Euroleague&#8217;de yedinci veya sekizinci haftadan sonra \u00e7ok iyi oynamaya ba\u015flam\u0131\u015ft\u0131k. Uzatmalarda iki veya \u00fc\u00e7 ma\u00e7 kaybetmi\u015f olsak da yava\u015f yava\u015f kimli\u011fimizi olu\u015fturuyorduk. Ancak Madrid&#8217;e kar\u015f\u0131 kazand\u0131\u011f\u0131m\u0131z zafer, potansiyelimizi ve yetene\u011fimizi ortaya \u00e7\u0131karmam\u0131z\u0131 sa\u011flad\u0131. Bu, Madrid&#8217;in iki y\u0131ld\u0131r evinde ald\u0131\u011f\u0131 ilk yenilgiydi. Evet, bizim i\u00e7in \u00f6nemli bir zaferdi.<\/p>\n<p><strong>Kazand\u0131ktan sonra konu\u015fmak kolayd\u0131r ama \u00f6ncesinde o kadar kolay de\u011fildir. Oyunculara ilk g\u00fcn\u00fcn\u00fczde Euroleague&#8217;i kazanacaklar\u0131n\u0131 s\u00f6yledi\u011finizde nas\u0131l tepki verdiler?<\/strong><\/p>\n<p>Atina&#8217;ya geldi\u011fim ilk g\u00fcn onlara: &#8216;Beni dinleyin. Euroleague&#8217;i \u00fcst \u00fcste iki kez kazanm\u0131\u015f adam\u0131m. Sadece ge\u00e7en y\u0131l ba\u015far\u0131s\u0131z oldum. Panathinaikos&#8217;tay\u0131m ve sizin i\u00e7in geldim. Yaln\u0131zca kazanaca\u011f\u0131na inand\u0131\u011f\u0131m oyuncular burada.&#8217; demi\u015ftim. Sadece iki gen\u00e7 oyuncu ve Grigonis h\u00e2l\u00e2 oradayd\u0131 ve onlara hedefin Final Four&#8217;a kalmak oldu\u011funu s\u00f6ylemi\u015ftim. Ve sezon boyunca her galibiyetten sonra ayn\u0131 \u015feyi onlara tekrarlad\u0131m; &#8216;Final Four&#8217;a kalaca\u011f\u0131z.&#8217; 35. haftadan sonra \u00e7ok \u00f6nemli bir \u015fey s\u00f6yledim: &#8216;Ligi ikinci s\u0131rada bitirelim. E\u011fer ligi ikinci s\u0131rada bitirirsek \u015fampiyonlu\u011fu kazanaca\u011f\u0131m\u0131z\u0131n garantisini veriyorum. \u0130kinci s\u0131ray\u0131 koruyal\u0131m ve Euroleague&#8217;i kazanaca\u011f\u0131z.&#8217; dedim. Ve i\u015fe de yarad\u0131!<\/p>\n<p><strong>\u015eampiyon bir tak\u0131m nas\u0131l olu\u015fturulur? Sani Becirovic ve Ba\u015fkan Giannakopoulos ile oturup konu\u015fuyor musunuz? Hangi oyuncularla s\u00f6zle\u015fme imzalamas\u0131 gerekti\u011fini nereden biliyordu?<\/strong><\/p>\n<p>Her hafta Haziran ve Temmuz aylar\u0131nda bir araya geliyoruz. Ba\u015fkan Giannakopoulos, Sani Becirovic, Dimitris Kontos (spor direkt\u00f6r\u00fc) ve ben olmak \u00fczere. Be\u011fendi\u011fim isimleri s\u00f6ylemi\u015ftim, onlar da g\u00f6zlemlerini yapt\u0131lar. Onlar\u0131 zaten incelemi\u015ftim ve ajanslar\u0131 aramadan \u00f6nce baz\u0131 eski tak\u0131mlar\u0131 ve eski antren\u00f6rleriyle ki\u015filikleri ve karakterleri hakk\u0131nda bilgi edinmek i\u00e7in konu\u015fmu\u015ftuk. \u00c7\u00fcnk\u00fc benim i\u00e7in iyi bir oyuncu olmak \u00f6nemli ama en \u00f6nemlisi tak\u0131m oyuncusu olabilmektir. Sadece kendin i\u00e7in oynarsan, \u015fampiyonluk kazanamazs\u0131n. \u0130lk ald\u0131\u011f\u0131m\u0131z ki\u015fi Matthias Lessort&#8217;tu. Kendisiyle 4-5 kez telefonda konu\u015fmu\u015ftum. Onu Panathinaikos&#8217;a gelmeye ikna etmek zordu \u00e7\u00fcnk\u00fc tak\u0131m bir \u00f6nceki y\u0131l\u0131 sondan ikinci s\u0131rada tamamlam\u0131\u015ft\u0131. Karma\u015f\u0131k bir ge\u00e7i\u015f s\u00fcreci oldu. Ama Lessort&#8217;u ald\u0131\u011f\u0131m\u0131z her \u015fey daha kolayla\u015fm\u0131\u015ft\u0131. Di\u011ferleri de gelmeye ba\u015flad\u0131. Ve Sloukas&#8217;\u0131 da alm\u0131\u015ft\u0131k! D\u00fcr\u00fcst olmak gerekirse, ba\u015fkan bana &#8216;Sloukas&#8217;\u0131 sever misin?&#8217; diye sordu\u011funda, ona evet dedim fakat a\u00e7\u0131k\u00e7as\u0131 bunun m\u00fcmk\u00fcn olmayaca\u011f\u0131n\u0131 d\u00fc\u015f\u00fcn\u00fcyordum. Ve bana &#8216;L\u00fctfen, seni bekliyor. Sen de bekle. Ba\u015fka bir oyun kurucuyla s\u00f6zle\u015fme imzalamay\u0131 akl\u0131ndan bile ge\u00e7irme.&#8217; dedi. Ve Ba\u015fkan Giannakopoulos&#8217;a \u00e7ok g\u00fcvenirim. \u00d6zel bir \u015fey kurmak istedi\u011fini biliyordum. Her g\u00fcn bana beklememi s\u00f6ylemi\u015fti ve ben de beklemi\u015ftim. \u0130mkans\u0131z g\u00f6r\u00fcn\u00fcyordu. Olympiakos&#8217;un y\u0131ld\u0131z\u0131yd\u0131 ve Panathinaikos&#8217;a gelmesinden bahsediyoruz! Ama ba\u015fkan ve Dimitris Kontos bunu yapmay\u0131 ba\u015fard\u0131lar.<\/p>\n<p><span><strong>&#8220;\u00d6ZEL B\u0130R AURASI VAR&#8221;<\/strong><\/span><\/p>\n<p><strong>Anla\u015f\u0131lan u\u00e7akta bir \u015feyler ya\u015fanm\u0131\u015f&#8230;<\/strong><\/p>\n<p>Evet. O d\u00f6nemde Atina&#8217;ya giderken ayn\u0131 u\u00e7akta bulu\u015fmu\u015ftuk. Kostas&#8217;\u0131n bana kar\u0131s\u0131n\u0131n Panathinaikos&#8217;a gitmekten korktu\u011funu s\u00f6yledi\u011fini hat\u0131rl\u0131yorum. \u00c7ok nazik bir kad\u0131n, Kostas \u00fczerinde b\u00fcy\u00fck bir etkisi var ve \u015fu anda Panathinaikos&#8217;u seviyor. Bu \u00e7ok \u00f6nemli bir karard\u0131. Bana &#8216;Ko\u00e7, senin ad\u0131na bu karar\u0131 verecek cesarete sahiptim&#8217; demi\u015fti. \u00d6yle de yapt\u0131 ve bu benim i\u00e7in \u00e7ok \u00f6nemli bir \u015feydi. Ben ona inan\u0131yorum, o da bana inan\u0131yor. Sadece oynama bi\u00e7imi sayesinde veya art\u0131k kazand\u0131\u011f\u0131m i\u00e7in de\u011fil. Ona sayg\u0131m b\u00fcy\u00fck \u00e7\u00fcnk\u00fc tam bir profesyonel. Soyunma odas\u0131nda \u00f6zel bir auras\u0131 var ve geri kalanlar \u00fczerinde de etkisi olduk\u00e7a b\u00fcy\u00fck.<\/p>\n<p><strong>Peki Giannakopoulos gibi \u00f6zel bir ba\u015fkanla \u00e7al\u0131\u015fmak nas\u0131l bir \u015fey?<\/strong><\/p>\n<p>Onu \u00e7ok severim. \u00c7al\u0131\u015fmas\u0131 karma\u015f\u0131k bir insan oldu\u011fu s\u00f6ylenir ama ilk g\u00fcnden itibaren \u00e7ok iyi anla\u015ft\u0131k. \u00c7ok \u00f6nemli noktada olan bir insan ama bunu hi\u00e7 umursam\u0131yor. Ben de \u00f6nemli noktada olan biriyim. Ona sayg\u0131 duyuyorum, o da bana sayg\u0131 duyuyor. Ve olduk\u00e7a da tutkulu. Yapt\u0131klar\u0131 i\u015fe tutkuyla ba\u011fl\u0131 insanlar\u0131 \u00e7ok severim. Benim i\u00e7in sadece sahada de\u011fil saha d\u0131\u015f\u0131nda da rahat olmak \u00f6nemli. Patronumun deste\u011fini sonuna kadar hissediyorum.<\/p>\n<p><span><strong>&#8220;REAL&#8217;DEN KORKMUYORDUM&#8221;<\/strong><\/span><\/p>\n<p><strong>Duygulardan bahsetmi\u015fken, herkesin Real Madrid&#8217;i favori olarak g\u00f6rd\u00fc\u011f\u00fcn\u00fc hissetmi\u015f miydiniz?<\/strong><\/p>\n<p>Madrid, normal sezon ve playofflar\u0131n ard\u0131ndan favori tak\u0131md\u0131. Campazzo, Tavares, Hezonja ve Yabusele kadrodayd\u0131. Ama ben korkmuyordum. Yar\u0131 final ile final aras\u0131ndaki saatlerde Madrid&#8217;in kaybetti\u011fi 4-5 ma\u00e7 izlemi\u015ftim. Evet, \u015fampiyonlard\u0131 ama yenilmez de\u011fillerdi. Bizim yaln\u0131zca \u00e7ocuklara g\u00fcven a\u015f\u0131lamam\u0131z gerekiyordu. O\u011flum Sarp (13 ya\u015f\u0131nda, Ergin&#8217;in teknik kadrosunun \u00e7ok \u00f6zel bir \u00fcyesi) bana Real Madrid&#8217;i yenebilece\u011fimizi \u00e7\u00fcnk\u00fc galaktik bir tak\u0131m oldu\u011fumuzu s\u00f6ylemi\u015fti. \u00c7evrenizdekilerin size g\u00fcvenmesi \u00e7ok \u00f6nemli ve o\u011flum bana \u00e7ok enerji veriyor. Ma\u00e7 \u00f6ncesi Madrid favoriydi. Ve a\u00e7\u0131k\u00e7as\u0131 ilk \u00e7eyrekten sonra biraz korkmu\u015ftum (g\u00fcl\u00fcyor). &#8216;B\u00f6yle devam edersek 30-40 say\u0131 farkla kaybederiz&#8217; demi\u015ftim. Ama rotasyonda biraz de\u011fi\u015fiklik yapt\u0131m ve Tavares de iki faul alm\u0131\u015ft\u0131. Kendisi korkun\u00e7 bir oyuncu. Ona kar\u015f\u0131 oynamak \u00e7ok zor. Campazzo&#8217;nun da faul problemi vard\u0131. Campazzo ve Tavares olmadan Real Madrid normal bir tak\u0131m. Sahadayken onlar\u0131 yenmek \u00e7ok zor ama onlar\u0131 oyun d\u0131\u015f\u0131 b\u0131rak\u0131rsan\u0131z Madrid&#8217;i yenebilirsiniz.<\/p>\n<p><strong>Chus Mateo, hakem kararlar\u0131n\u0131n &#8220;kafa kar\u0131\u015ft\u0131r\u0131c\u0131&#8221; oldu\u011funu s\u00f6ylemi\u015fti. Tak\u0131m\u0131n\u0131z\u0131n geri d\u00f6n\u00fc\u015f\u00fcnde bunun belirleyici oldu\u011funu d\u00fc\u015f\u00fcn\u00fcyor musunuz?<\/strong><\/p>\n<p>(G\u00fcl\u00fcms\u00fcyor) Mateo \u00e7ok zeki bir adam. O &#8216;kafa kar\u0131\u015ft\u0131r\u0131c\u0131&#8217; ifadesini kulland\u0131 fakat ben olsam ba\u015fka bir \u015fey s\u00f6ylerdim ve cezay\u0131 yerdim (g\u00fcl\u00fcyor). \u015eimdi ciddi olursak, Finalde do\u011fru olmayan kararlar al\u0131nm\u0131\u015f olabilir ama hakemler ellerinden geleni yapmaya \u00e7al\u0131\u015ft\u0131. Belki aleyhlerinde bir karar yanl\u0131\u015ft\u0131, belki de 60-40&#8217;l\u0131k bir oranda \u00f6yle olmu\u015ftu&#8230; Antren\u00f6rlerin ma\u00e7 sonras\u0131 yorumlar\u0131na ger\u00e7ekten sayg\u0131 duyuyorum. Futbolda oldu\u011fu gibi polislik yap\u0131p kimse bir \u015fey s\u00f6yleyemez diyemezsiniz. Ama hakemlerin finalde yanl\u0131\u015f i\u015f yapt\u0131\u011f\u0131n\u0131 d\u00fc\u015f\u00fcnm\u00fcyorum. Ellerinden gelenin en iyisini yapmaya \u00e7al\u0131\u015ft\u0131klar\u0131n\u0131 d\u00fc\u015f\u00fcn\u00fcyorum. Mateo&#8217;nun b\u00f6yle d\u00fc\u015f\u00fcnmesine sayg\u0131 duymama ra\u011fmen.<\/p>\n<p><strong>Devre aras\u0131nda neler konu\u015ftunuz? \u0130kinci \u00e7eyrekte yapt\u0131klar\u0131 en karma\u015f\u0131k \u015fey ne olmu\u015ftu?<\/strong><\/p>\n<p>Ma\u00e7tan \u00f6nce de, ma\u00e7 s\u0131ras\u0131nda da, molalarda da&#8230; sonu\u00e7tan hi\u00e7 bahsetmem. Her zaman momentumu analiz ederim. Genelde \u00f6zel bir \u015fey s\u00f6ylemem. \u0130lk \u00e7eyrekte 5 dakikada 22 say\u0131 yedikten sonra farkl\u0131 bir \u015fey s\u00f6ylemi\u015ftim. \u00c7ocuklar\u0131 uyand\u0131rmak i\u00e7in. Ama sonra sonuca odaklanmam\u0131\u015ft\u0131m. Real Madrid&#8217;i yenmek \u00e7ok zor i\u015f. H\u00fccumda m\u00fcthi\u015f yetenekli adamlar\u0131 var. As\u0131l \u00f6nemli olan baz\u0131 savunma pozisyonlar\u0131n\u0131 analiz etmekti. \u0130lk yar\u0131da onlara ilk \u00e7eyrekte iyi olmad\u0131\u011f\u0131m\u0131z\u0131 ancak savunma kimli\u011fimizi ve sald\u0131rganl\u0131\u011f\u0131m\u0131z\u0131 yeniden kazand\u0131\u011f\u0131m\u0131zda oyunun momentumunun tamamen de\u011fi\u015fti\u011fini s\u00f6ylemi\u015ftim. Devre aras\u0131nda Nunn olmadan ba\u015flad\u0131k \u00e7\u00fcnk\u00fc \u00fc\u00e7 faul\u00fc vard\u0131 ve biz de Sloukas&#8217;\u0131 oyuna soktuk. Topa daha fazla bask\u0131 uygulamak i\u00e7in. Size s\u00f6yl\u00fcyorum, molalarda \u00f6zel bir \u015fey konu\u015fmuyoruz, sadece an\u0131 analiz ediyoruz. Ma\u00e7tan \u00f6nce bile konu\u015fmuyoruz, belki de s\u0131rr\u0131m budur. \u00c7ocuklar\u0131n bunun sadece herhangi bir ma\u00e7 oldu\u011funu g\u00f6rmelerini sa\u011flamaya \u00e7al\u0131\u015f\u0131yorum. &#8216;Normal bir sezon ma\u00e7\u0131 gibi oynay\u0131n.&#8217; diyorum. Pek \u00e7ok insan g\u00f6z\u00fcne uyku bile girmedi\u011finden falan bahsediyor&#8230; Ben ma\u00e7lardan \u00f6nce gayet rahat uyuyorum. Hi\u00e7 problem olmuyor. Lessort normal sezonda ve playofflarda bir\u00e7ok serbest at\u0131\u015f ka\u00e7\u0131rm\u0131\u015ft\u0131 ama finalde onlar\u0131 sokmu\u015ftu. Bu psikolojik bir \u015fey. Real Madrid daha fazla bask\u0131 alt\u0131ndayd\u0131 ve favori olmamak da umurumuzda de\u011fildi. \u00dcst \u00fcste iki kez \u015fampiyonluk kazanmak istedi\u011fini s\u00f6yledi\u011finde Mateo&#8217;ya biraz bask\u0131 yapm\u0131\u015ft\u0131m. Ona &#8216;hay\u0131r&#8217; dedim, &#8216;bunu ba\u015faran tek ki\u015fi benim&#8217; (g\u00fcl\u00fcyor).<\/p>\n<p><span><strong>&#8220;\u0130NANILMAZ B\u0130R \u0130NSAN&#8221;<\/strong><\/span><\/p>\n<p><strong>Bu geri d\u00f6n\u00fc\u015fte Juancho Hernangomez \u00e7ok \u00f6nemli rol oynad\u0131. Onun i\u00e7in kolay bir sezon olmad\u0131 ama ona g\u00fcvendiniz.<\/strong><\/p>\n<p>Juancho&#8217;nun harika bir sezon ge\u00e7irmedi\u011fi do\u011fru ama harika performanslar sergiledi\u011fi baz\u0131 anlar da oldu. Bazen tamamen oyuna odaklanamasa da m\u00fckemmel bir \u00e7ocuk. Bu baz\u0131 NBA oyuncular\u0131nda yayg\u0131nd\u0131r. Ancak belli ba\u011flamlarda Juancho&#8217;nun bize \u00e7ok \u015fey katabilece\u011fi konusunda nettim. Sald\u0131rganl\u0131\u011f\u0131yla ve sahadaki zihniyetiyle. Ayr\u0131ca Berlin&#8217;de \u0130spanya ile Avrupa \u015fampiyonlu\u011funu kazanm\u0131\u015ft\u0131. Ve MVP&#8217;ydi de! T\u00fcm bunlar bir \u015fekilde bir araya geliyor. Berlin&#8217;de \u00f6nemli bir ma\u00e7\u0131 kazanman\u0131n nas\u0131l bir \u015fey oldu\u011funu zaten biliyordu, bu duyguyu zaten ta\u015f\u0131yordu. Son aylarda sa\u011fl\u0131\u011f\u0131 pek iyi de\u011fildi, hastayd\u0131 ve hatta bir hafta boyunca Madrid&#8217;de hastanede yatm\u0131\u015ft\u0131. Bu sezon pek \u00e7ok sorun ya\u015fad\u0131 ama ben ona inan\u0131yorum. Ve \u015fahsen zaten inan\u0131lmaz bir insan. Ger\u00e7ekten. O\u011flum Sarp&#8217;\u0131n da arkada\u015f\u0131d\u0131r. Ona \u00e7ok sayg\u0131 duyuyor ve e\u011fer bazen ben ona sahada o kadar sayg\u0131 duymuyorsam, bunun nedeni tam anlam\u0131yla odaklanmam\u0131\u015f olmas\u0131d\u0131r. Bu da onun problemi.<\/p>\n<p><strong>Bu k\u00fc\u00e7\u00fck ayr\u0131nt\u0131lara \u00e7ok \u00f6nem veriyorsunuz: Juancho&#8217;nun Berlin&#8217;de MVP olmas\u0131, Mateo&#8217;nun \u00fcst \u00fcste iki kez kazanmak istedi\u011fini s\u00f6ylemesi gibi&#8230;<\/strong><\/p>\n<p>Evet. Bir\u00e7ok ki\u015fi \u015fov yapmay\u0131 sevdi\u011fimi s\u00f6yl\u00fcyor ve baz\u0131lar\u0131 da karakterimden dolay\u0131 benden nefret ediyor ama ben b\u00f6yle biriyim. Ergin Ataman budur. Bu i\u015ften ger\u00e7ekten keyif al\u0131yorum ve ne d\u00fc\u015f\u00fcn\u00fcyorsam onu s\u00f6yl\u00fcyorum. Final bas\u0131n toplant\u0131s\u0131nda da \u015fakalar yap\u0131yordum \u00e7\u00fcnk\u00fc b\u00f6yle konu\u015fmay\u0131 seven biriyim. Herkes bas\u0131n toplant\u0131lar\u0131nda politik do\u011frucu oluyor. Ben politikac\u0131 de\u011filim (g\u00fcl\u00fcyor). Basketbolu seviyorum ve benim i\u00e7in bu k\u00fc\u00e7\u00fck detaylar \u00f6nemli. Bu y\u00fczden \u00f6yle konu\u015fuyorum.<\/p>\n<p><strong>Peki Ergin Ataman nas\u0131l biri?<\/strong><\/p>\n<p>Saha d\u0131\u015f\u0131nda \u00e7ok sakin ve rahat biriyim. G\u00f6rd\u00fc\u011f\u00fcn gibi (g\u00fcl\u00fcms\u00fcyor). Sokakta y\u00fcr\u00fcmeyi ve sahile gitmeyi severim&#8230; \u00c7ok basit bir adam\u0131m. D\u0131\u015far\u0131dan bak\u0131ld\u0131\u011f\u0131nda farkl\u0131 g\u00f6r\u00fcnd\u00fc\u011f\u00fcn\u00fcn fark\u0131nday\u0131m. Ama \u00f6yle de\u011filim. Herkesle konu\u015furum. Lamborgini ya da Ferrari ile dola\u015fmam. Bir o\u011flum ve iki k\u0131z\u0131m var. Gayet normal bir insan\u0131m. Y\u00fczmeyi ger\u00e7ekten severim. K\u0131\u015f\u0131n da haftada bir kez y\u00fczerim. Ve plaj\u0131 ger\u00e7ekten \u00e7ok severim. Y\u00fczmeyi, rahatlamay\u0131 ve meditasyon yapmay\u0131&#8230; Restoranlara gitme falan gibi planlar\u0131 pek sevmem.<\/p>\n<p><span><strong>GALATASARAY \u0130T\u0130RAFI<\/strong><\/span><\/p>\n<p><strong>Real Madrid&#8217;e olan bu sevgi nereden geliyor?<\/strong><\/p>\n<p>Ben b\u00fcy\u00fck bir futbol hayran\u0131y\u0131m. Galatasaray taraftar\u0131y\u0131m. Futbolu \u00e7ok seviyorum. Ve \u015fu s\u00f6yleyece\u011fim \u015faka de\u011fil: Ko\u00e7luk kariyerimi sonland\u0131rd\u0131\u011f\u0131mda, Galatasaray ba\u015fkanl\u0131\u011f\u0131na aday olaca\u011f\u0131m. Bunu yapmam\u0131 isteyen \u00f6nemli insanlar var. Birka\u00e7 y\u0131l \u00f6nce Galatasaray basketbol tak\u0131m\u0131n\u0131n antren\u00f6rl\u00fc\u011f\u00fcn\u00fc yaparken ba\u015fkan \u00dcnal Aysal bana o d\u00f6nemde Dider Drogba gibi oyuncular\u0131n bulundu\u011fu futbol tak\u0131m\u0131n\u0131n teknik direkt\u00f6rl\u00fc\u011f\u00fcn\u00fc yap\u0131p yapamayaca\u011f\u0131n\u0131 sormu\u015ftu. Ben de ona &#8216;Say\u0131n Ba\u015fkan, oyuncularla ba\u015fa \u00e7\u0131kabilirim ama \u00e7al\u0131\u015fmam, haz\u0131rlanmam ve lisans\u0131m\u0131 almam laz\u0131m&#8230;&#8217; demi\u015ftim. Bana bu konuyu d\u00fc\u015f\u00fcnmemi s\u00f6ylemi\u015fti. Ger\u00e7ek\u00e7i olmad\u0131\u011f\u0131 a\u00e7\u0131kt\u0131 ama durum b\u00f6yleydi. Basketbolda oldu\u011fu gibi futbolda da ayn\u0131 ba\u015far\u0131y\u0131 yakalam\u0131\u015f olsayd\u0131, sizinle sahilde de\u011fil, \u015furada g\u00f6rd\u00fc\u011f\u00fcn\u00fcz teknelerden birinde konu\u015furdu.<\/p>\n<p>Madrid&#8217;e gelince. Tak\u0131m\u0131 her zaman takip etmi\u015fimdir. Ronaldo&#8217;yu, Zidane&#8217;\u0131&#8230; Benim i\u00e7in hep farkl\u0131 bir tak\u0131md\u0131. Pek \u00e7ok \u015feyden daha fazlas\u0131yd\u0131. Benim i\u00e7in futbolda Real Madrid ile Barcelona ve sonra di\u011ferleri gelir. \u00dc\u00e7 ya da d\u00f6rt y\u0131l \u00f6nce ne zaman Madrid&#8217;e ma\u00e7a \u00e7\u0131ksak, o\u011flumu Santiago Bernabeu&#8217;daki ma\u00e7\u0131 izlemeye g\u00f6t\u00fcr\u00fcrd\u00fcm. Kul\u00fcp olarak Madrid&#8217;e ve Florentino P\u00e9rez&#8217;e sayg\u0131m b\u00fcy\u00fckt\u00fcr. Onlar \u00e7ok farkl\u0131. Benim i\u00e7in Madrid gibi bir tak\u0131mla, Bay Florentino P\u00e9rez&#8217;in tak\u0131m\u0131yla kar\u015f\u0131la\u015fmak bir onurdur.<\/p>\n<p>Ve art\u0131k Madrid&#8217;in basketbolda kabusuyum&#8230; \u00d6z\u00fcr dilerim (g\u00fcl\u00fcyor). Efes&#8217;le de kazand\u0131k, \u015fimdi yine kazan\u0131yoruz&#8230;<\/p>\n<p><strong>Panathinaikos ile yeni bir hanedan\u0131n ba\u015flad\u0131\u011f\u0131n\u0131 m\u0131 d\u00fc\u015f\u00fcn\u00fcyorsunuz?<\/strong><\/p>\n<p>Bilmiyorum. Burada sadece bir y\u0131l daha kontrat\u0131m kald\u0131 ama \u00e7ok mutluyum. Art\u0131k bu t\u00fcr kul\u00fcplerde herkes daha fazlas\u0131n\u0131 isteyecek. Tekrar Euroleague&#8217;i kazanmak isteyecekler. Benim bu deneyimim var ama ba\u015fkalar\u0131nda olmayabilir (g\u00fcl\u00fcms\u00fcyor). Benim i\u00e7in en \u00f6nemli \u015fey, sayg\u0131n\u0131n \u00e7ok olmas\u0131. Sadece an\u0131 ya\u015famak istiyorum.<\/p>\n<p><strong>Her ne kadar serbest oyuncu d\u00f6nemi geliyor olsa da&#8230; Yeni bir devrim olacak m\u0131 yoksa Euroleague&#8217;i kazand\u0131ktan sonra daha sakin bir yaz m\u0131 ge\u00e7ireceksiniz?<\/strong><\/p>\n<p>Final Four \u00f6ncesinde Sani Becirovic ne yapabilece\u011fimizi, hangi transferlere bakmam\u0131z gerekti\u011fini sormu\u015ftu&#8230; Ben de ona &#8216;dur&#8217; demi\u015ftim. Art\u0131k transferleri d\u00fc\u015f\u00fcnmek istemiyordum. O s\u0131rada Final Four&#8217;a \u00e7\u0131k\u0131p, yar\u0131 finali kazanmal\u0131 ve ard\u0131ndan \u015fampiyonlu\u011fu kazanmaya odaklanmal\u0131yd\u0131k. Finalden sonra ondan birka\u00e7 g\u00fcn daha izin istemi\u015ftim. Asl\u0131nda \u015fu anda sakiniz, \u00e7\u00fcnk\u00fc bir iki oyuncu d\u0131\u015f\u0131nda t\u00fcm oyuncular\u0131n kontrat\u0131 var. Belki birka\u00e7 imza atabiliriz \u00e7\u00fcnk\u00fc yakalad\u0131\u011f\u0131m\u0131z kimyan\u0131n bozulmas\u0131n\u0131 istemiyorum.<\/p>\n<p><strong>Ge\u00e7en yaz Willy ile s\u00f6zle\u015fme imzalamaya \u00e7al\u0131\u015fm\u0131\u015flard\u0131&#8230;<\/strong><\/p>\n<p>Willy&#8217;nin Bar\u00e7a&#8217;yla bir y\u0131l daha s\u00f6zle\u015fmesi oldu\u011funu d\u00fc\u015f\u00fcn\u00fcyorum. Balcerowski san\u0131r\u0131m Unicaja ile \u00e7oktan anla\u015fm\u0131\u015ft\u0131, \u00f6yle okudum, bilmiyorum. Willy iyi bir \u00e7ocuk ve elbette Balcerowski&#8217;nin yerine birini bulmak i\u00e7in piyasaya bakaca\u011f\u0131z. Ancak Becirovic&#8217;in bana s\u00f6yledi\u011fi bir isim de\u011fildi, belki de s\u00f6zle\u015fmesi oldu\u011fu i\u00e7in. Elbette be\u011fendi\u011fim biri ama \u015fimdi bunu d\u00fc\u015f\u00fcnmenin zaman\u0131 de\u011fil.<\/p>\n<p><span><strong>&#8220;ALTIN MADALYA \u0130\u00c7\u0130N ADAY OLAB\u0130L\u0130R\u0130Z&#8221;<\/strong><\/span><\/p>\n<p><strong>T\u00fcrk Milli tak\u0131m\u0131na gelince, Olimpiyatlar&#8217;a kat\u0131lamamak zor olacak. T\u00fcrkiye i\u00e7in nas\u0131l bir gelecek \u00f6ng\u00f6r\u00fcyorsunuz?<\/strong><\/p>\n<p>Son Avrupa \u015eampiyonas\u0131&#8217;nda grup a\u015famas\u0131nda \u0130spanya&#8217;ya kar\u015f\u0131 son topta kaybetmi\u015ftik. Ve son 16 turunda Fransa&#8217;ya kar\u015f\u0131 harika bir oyun oynam\u0131\u015ft\u0131k (uzatmalarda Fransa&#8217;n\u0131n 87-86 galip oldu\u011fu). Belki de kariyerimin en k\u00f6t\u00fc yenilgisiydi. A\u00e7\u0131klamas\u0131 zor bir ma\u011flubiyetti&#8230; NBA&#8217;de be\u015f oyuncumuz var: Alperen \u015eeng\u00fcn, Cedi Osman, Furkan Korkmaz gibi&#8230; Ve son Avrupa \u015eampiyonas\u0131&#8217;n\u0131n sonu\u00e7lar\u0131yla birlikte NBA&#8217;deki oyuncular\u0131m\u0131z\u0131 iyi y\u00f6netirsek bir sonraki Eurobasket&#8217;te alt\u0131n madalya i\u00e7in aday olabilece\u011fimizi d\u00fc\u015f\u00fcn\u00fcyorum. Bu benim hayalim. Kariyerimde yakalayamad\u0131\u011f\u0131m tek ba\u015far\u0131 bu. Ama \u00f6nce yeterlilik kazanmam\u0131z gerekiyor. Bunu ba\u015far\u0131rsak ve t\u00fcm NBA oyuncular\u0131n\u0131n Eurobasket 2025&#8217;e gelmesini sa\u011flarsak, Ergin Ataman&#8217;\u0131n hedefi \u015fampiyonlu\u011fu kazanmak olacakt\u0131r. Ancak NBA oyuncular\u0131n\u0131n da ayn\u0131 kararl\u0131l\u0131\u011fa sahip olmas\u0131n\u0131 bekliyorum. \u00c7\u00fcnk\u00fc bazen sezon sonunda yoruluyorlar. Kilit nokta da bu olacak. Harika oyunculara sahip olmak \u00f6nemli ama ayn\u0131 zamanda onlar\u0131 iyi y\u00f6netmek de \u00f6nemli. Bir\u00e7ok ki\u015fi Euroleague&#8217;de tak\u0131m\u0131 17. s\u0131radan ikinci s\u0131raya ta\u015f\u0131d\u0131ktan sonra neden &#8216;y\u0131l\u0131n ko\u00e7u&#8217; olmad\u0131\u011f\u0131m\u0131 sormu\u015ftu ama Mateo da harika bir i\u015f \u00e7\u0131karm\u0131\u015ft\u0131. T\u00fcm y\u0131ld\u0131zlar\u0131n\u0131 iyi y\u00f6netmeyi ba\u015fard\u0131 ve normal sezonu kazand\u0131.<\/p>\n<p><strong>Son olarak, geriye d\u00f6n\u00fcp 2000 y\u0131l\u0131nda ilk kez Final Four&#8217;a \u00e7\u0131kan Ergin Ataman&#8217;a ne s\u00f6ylemek isterdiniz?<\/strong><\/p>\n<p>O benim ilk deneyimimdi, r\u00fcya gibiydi. Asistanl\u0131k yap\u0131yordum ve bu her zaman hayalimdi. \u0130spanyol ve \u0130talyan bir ko\u00e7 i\u00e7in bu normal bir \u015fey. Ama bir T\u00fcrk antren\u00f6r i\u00e7in durum b\u00f6yle de\u011fil. Bu nedenle \u00fclkemde baz\u0131lar\u0131 beni kahraman olarak g\u00f6r\u00fcyor. Dolay\u0131s\u0131yla 2000 y\u0131l\u0131nda Final Four&#8217;da olmak bir hayal gibiydi.<\/p>\n\n<p><\/p>\n<p>Kaynak :\u00a0<span style=\"background-color: rgb(255, 249, 236); color: rgb(55, 58, 60); font-size: 14px;\">http:\/\/www.milliyet.com.tr\/skorer\/ergin-atamandan-nba-cevabi-galatasaray-baskanligina-aday-olacagim-7143541<\/span><\/p>\n","protected":false},"excerpt":{"rendered":"<p>Panathinaikos&#8217;ta sezonu EuroLeague ve lig \u015fampiyonlu\u011fuyla kapatan Ergin Ataman suskunlu\u011funu bozdu. Ergin Ataman, \u0130spanyol bas\u0131n\u0131na verdi\u011fi deme\u00e7te Galatasaray&#8217;a dair \u00e7arp\u0131c\u0131 bir a\u00e7\u0131klama yapt\u0131.<\/p>\n","protected":false},"author":1,"featured_media":72472,"comment_status":"open","ping_status":"open","sticky":false,"template":"","format":"standard","meta":{"footnotes":""},"categories":[7],"tags":[1227,1033,288,4151,967],"class_list":["post-72471","post","type-post","status-publish","format-standard","has-post-thumbnail","hentry","category-spor","tag-bana","tag-koc","tag-mac","tag-nba","tag-oyuncu"],"_links":{"self":[{"href":"https:\/\/kamucalisani.net\/index.php\/wp-json\/wp\/v2\/posts\/72471","targetHints":{"allow":["GET"]}}],"collection":[{"href":"https:\/\/kamucalisani.net\/index.php\/wp-json\/wp\/v2\/posts"}],"about":[{"href":"https:\/\/kamucalisani.net\/index.php\/wp-json\/wp\/v2\/types\/post"}],"author":[{"embeddable":true,"href":"https:\/\/kamucalisani.net\/index.php\/wp-json\/wp\/v2\/users\/1"}],"replies":[{"embeddable":true,"href":"https:\/\/kamucalisani.net\/index.php\/wp-json\/wp\/v2\/comments?post=72471"}],"version-history":[{"count":1,"href":"https:\/\/kamucalisani.net\/index.php\/wp-json\/wp\/v2\/posts\/72471\/revisions"}],"predecessor-version":[{"id":72473,"href":"https:\/\/kamucalisani.net\/index.php\/wp-json\/wp\/v2\/posts\/72471\/revisions\/72473"}],"wp:featuredmedia":[{"embeddable":true,"href":"https:\/\/kamucalisani.net\/index.php\/wp-json\/wp\/v2\/media\/72472"}],"wp:attachment":[{"href":"https:\/\/kamucalisani.net\/index.php\/wp-json\/wp\/v2\/media?parent=72471"}],"wp:term":[{"taxonomy":"category","embeddable":true,"href":"https:\/\/kamucalisani.net\/index.php\/wp-json\/wp\/v2\/categories?post=72471"},{"taxonomy":"post_tag","embeddable":true,"href":"https:\/\/kamucalisani.net\/index.php\/wp-json\/wp\/v2\/tags?post=72471"}],"curies":[{"name":"wp","href":"https:\/\/api.w.org\/{rel}","templated":true}]}}