{"id":72599,"date":"2024-07-29T22:36:06","date_gmt":"2024-07-29T22:36:06","guid":{"rendered":"https:\/\/kamucalisani.net\/?p=72599"},"modified":"2024-07-29T22:36:06","modified_gmt":"2024-07-29T22:36:06","slug":"mide-bulandiran-manzara-buyuk-tepki-topladi","status":"publish","type":"post","link":"https:\/\/kamucalisani.net\/index.php\/2024\/07\/29\/mide-bulandiran-manzara-buyuk-tepki-topladi\/","title":{"rendered":"Mide buland\u0131ran manzara! B\u00fcy\u00fck tepki toplad\u0131"},"content":{"rendered":"<p><p>Gaziantep\u2019te, kurban kesimlerinin ard\u0131ndan y\u00fczlerce deri ve hayvan at\u0131\u011f\u0131n\u0131n yol kenarlar\u0131na b\u0131rak\u0131lmas\u0131 ile olu\u015fan k\u00f6t\u00fc koku ve g\u00f6r\u00fcnt\u00fc kirlili\u011fi tepkiye yol a\u00e7t\u0131.<\/p>\n<p>Kurban Bayram\u0131\u2019n\u0131n 2&#8217;nci g\u00fcn\u00fcnde mezbahanelerin de bulundu\u011fu Sac\u0131r Mahallesi\u2019nde y\u00fczlerce b\u00fcy\u00fck ve k\u00fc\u00e7\u00fckba\u015fa ait deriler ile kar\u0131n ve ba\u011f\u0131rsaklar\u0131 yol kenar\u0131na b\u0131rak\u0131ld\u0131. Deri ve at\u0131klar s\u0131cak havan\u0131n da etkisiyle k\u00f6t\u00fc kokuya sebep oldu. Mahalle halk\u0131n\u0131n \u015fikayeti \u00fczerine belediye ekipleri yol kenarlar\u0131nda biriken tonlarca a\u011f\u0131rl\u0131ktaki deri ve at\u0131klar\u0131 i\u015f makineleri ile toplayarak temizlik \u00e7al\u0131\u015fmalar\u0131na ba\u015flad\u0131. Toplanan deri ve at\u0131klar kamyonlara y\u00fcklenerek, \u00e7\u00f6p depolama alan\u0131na g\u00f6t\u00fcr\u00fcld\u00fc. Mahallede ya\u015fayan Sibel \u0130nci, yol kenarlar\u0131nda b\u0131rak\u0131lan kurban at\u0131klar\u0131 nedeniyle evlerinde oturamaz duruma geldiklerini s\u00f6yledi. Kurban derilerinin yol kenarlar\u0131na at\u0131lm\u0131\u015f olmas\u0131na tepki g\u00f6steren \u0130nci, \u201cBayramda maalesef bu g\u00f6r\u00fcnt\u00fc ile kar\u015f\u0131la\u015ft\u0131k. G\u00f6r\u00fcnt\u00fc kirlili\u011finin yan\u0131 s\u0131ra k\u00f6t\u00fc koku nedeniyle evlerimizde oturam\u0131yoruz&#8221; dedi.<\/p>\n<div>\n<div> <img decoding=\"async\" src=\"https:\/\/kamucalisani.net\/wp-content\/uploads\/2024\/07\/mide-bulandiran-manzara-buyuk-tepki-topladi-0-S5mAyOBW.jpg\"\/><\/img> <\/div>\n<\/p><\/div>\n<\/p>\n<p>Bilal Son ise derilerin b\u00f6lgede bulunan mezbahane esnaf\u0131 ve baz\u0131 ki\u015filer taraf\u0131ndan at\u0131ld\u0131\u011f\u0131n\u0131 belirterek, &#8220;Yo\u011fun trafi\u011fin oldu\u011fu yoldan ge\u00e7enler ve \u00e7evrede oturanlar a\u011f\u0131r kokuya dayanam\u0131yor. Belediye ekipleri temizlik \u00e7al\u0131\u015fmas\u0131 ba\u015flatt\u0131 ama daha h\u0131zl\u0131 davranmas\u0131 gerekiyor. G\u00f6r\u00fcnt\u00fc kirlili\u011finin bir an \u00f6nce ortadan kald\u0131r\u0131lmas\u0131n\u0131 istiyor ve herkesi \u00e7evre temizli\u011fi konusunda duyarl\u0131 olmaya \u00e7a\u011f\u0131r\u0131yoruz&#8221; diye konu\u015ftu.<\/p>\n\n<p><\/p>\n<p>Kaynak :\u00a0<span style=\"background-color: rgb(255, 249, 236); color: rgb(55, 58, 60); font-size: 14px;\">http:\/\/www.milliyet.com.tr\/gundem\/mide-bulandiran-manzara-buyuk-tepki-topladi-7143566<\/span><\/p>\n","protected":false},"excerpt":{"rendered":"<p>Gaziantep&#8217;te Kurban Bayram\u0131 nedeniyle yol kenarlar\u0131na at\u0131lan y\u00fczlerce kurban derisi ve at\u0131k b\u00fcy\u00fck tepkiye neden oldu. Vatanda\u015flar nefes almakta zorluk \u00e7ekti\u2026<\/p>\n","protected":false},"author":1,"featured_media":72600,"comment_status":"open","ping_status":"open","sticky":false,"template":"","format":"standard","meta":{"footnotes":""},"categories":[3],"tags":[2845,1587],"class_list":["post-72599","post","type-post","status-publish","format-standard","has-post-thumbnail","hentry","category-guncel","tag-deri","tag-yol"],"_links":{"self":[{"href":"https:\/\/kamucalisani.net\/index.php\/wp-json\/wp\/v2\/posts\/72599","targetHints":{"allow":["GET"]}}],"collection":[{"href":"https:\/\/kamucalisani.net\/index.php\/wp-json\/wp\/v2\/posts"}],"about":[{"href":"https:\/\/kamucalisani.net\/index.php\/wp-json\/wp\/v2\/types\/post"}],"author":[{"embeddable":true,"href":"https:\/\/kamucalisani.net\/index.php\/wp-json\/wp\/v2\/users\/1"}],"replies":[{"embeddable":true,"href":"https:\/\/kamucalisani.net\/index.php\/wp-json\/wp\/v2\/comments?post=72599"}],"version-history":[{"count":1,"href":"https:\/\/kamucalisani.net\/index.php\/wp-json\/wp\/v2\/posts\/72599\/revisions"}],"predecessor-version":[{"id":72602,"href":"https:\/\/kamucalisani.net\/index.php\/wp-json\/wp\/v2\/posts\/72599\/revisions\/72602"}],"wp:featuredmedia":[{"embeddable":true,"href":"https:\/\/kamucalisani.net\/index.php\/wp-json\/wp\/v2\/media\/72600"}],"wp:attachment":[{"href":"https:\/\/kamucalisani.net\/index.php\/wp-json\/wp\/v2\/media?parent=72599"}],"wp:term":[{"taxonomy":"category","embeddable":true,"href":"https:\/\/kamucalisani.net\/index.php\/wp-json\/wp\/v2\/categories?post=72599"},{"taxonomy":"post_tag","embeddable":true,"href":"https:\/\/kamucalisani.net\/index.php\/wp-json\/wp\/v2\/tags?post=72599"}],"curies":[{"name":"wp","href":"https:\/\/api.w.org\/{rel}","templated":true}]}}