{"id":72676,"date":"2024-07-30T02:24:07","date_gmt":"2024-07-30T02:24:07","guid":{"rendered":"https:\/\/kamucalisani.net\/?p=72676"},"modified":"2024-07-30T02:24:07","modified_gmt":"2024-07-30T02:24:07","slug":"adalarda-minibus-gerilimi-devam-ediyor-vatandaslar-eylem-yapti","status":"publish","type":"post","link":"https:\/\/kamucalisani.net\/index.php\/2024\/07\/30\/adalarda-minibus-gerilimi-devam-ediyor-vatandaslar-eylem-yapti\/","title":{"rendered":"Adalar&#8217;da minib\u00fcs gerilimi devam ediyor! Vatanda\u015flar eylem yapt\u0131"},"content":{"rendered":"<p><p>\u0130stanbul&#8217;da yerli ve yabanc\u0131 turistlerin en \u00e7ok tercih etti\u011fi yerlerin ba\u015f\u0131nda Adalar geliyor. Faytonlar\u0131n kald\u0131r\u0131lmas\u0131n\u0131n ard\u0131ndan Adalar&#8217;da \u0130stanbul B\u00fcy\u00fck\u015fehir Belediyesi&#8217;ne ba\u011fl\u0131 3 ki\u015filik elektrikli taksiler ve 13 ki\u015filik minib\u00fcsler ula\u015f\u0131m\u0131 sa\u011fl\u0131yordu. Ancak \u0130BB&#8217;nin 20 ki\u015filik elektrikli minib\u00fcsleri b\u00f6lgeye g\u00f6ndermesi Adalar halk\u0131n\u0131n tepkisine neden oldu.<\/p>\n<div>\n<div> <img decoding=\"async\" src=\"https:\/\/kamucalisani.net\/wp-content\/uploads\/2024\/07\/adalarda-minibus-gerilimi-devam-ediyor-vatandaslar-eylem-yapti-0-NjOTYpBb.jpg\"\/><\/img> <\/div>\n<\/p><\/div>\n<\/p>\n<p>B\u00f6lgenin S\u0130T alan\u0131 ve &#8216;Yaya B\u00f6lgesi&#8217; oldu\u011fu belirten ada sakinleri &#8216;Azmanb\u00fcs&#8217; ad\u0131n\u0131 verdikleri minib\u00fcslere kar\u015f\u0131 bug\u00fcn eylem yapt\u0131. B\u00fcy\u00fckada&#8217;da bulunan \u00c7\u0131nar Meydan\u0131 ve \u0130ETT Garaj\u0131&#8217;n\u0131n bulundu\u011fu Kur\u015funburnu mevkiinde bir araya gelen ada sakinlerine polis m\u00fcdahale etti. \u00c7\u0131nar Meydan\u0131&#8217;nda yap\u0131lan m\u00fcdahale s\u0131ras\u0131nda fenala\u015fan bir ki\u015fi hastaneye kald\u0131r\u0131ld\u0131. Kur\u015funburnu mevkiinde bulunan \u0130ETT Garaj\u0131&#8217;nda bulunan 13 minib\u00fcs\u00fcn garajdan \u00e7\u0131k\u0131\u015f\u0131n\u0131 engellemeye \u00e7al\u0131\u015fan vatanda\u015flara da polis m\u00fcdahale etti. M\u00fcdahale s\u0131ras\u0131nda baz\u0131 vatanda\u015flar g\u00f6zalt\u0131na al\u0131nd\u0131.<\/p>\n<div>\n<div> <img decoding=\"async\" src=\"https:\/\/kamucalisani.net\/wp-content\/uploads\/2024\/07\/adalarda-minibus-gerilimi-devam-ediyor-vatandaslar-eylem-yapti-1-8ZnfNKZd.jpg\"\/><\/img> <\/div>\n<\/p><\/div>\n<\/p>\n<p><\/p>\n<p>Kaynak :\u00a0<span style=\"background-color: rgb(255, 249, 236); color: rgb(55, 58, 60); font-size: 14px;\">http:\/\/www.milliyet.com.tr\/gundem\/adalarda-minibus-gerilimi-devam-ediyor-vatandaslar-eylem-yapti-7143579<\/span><\/p>\n","protected":false},"excerpt":{"rendered":"<p>\u0130stanbul B\u00fcy\u00fck\u015fehir Belediyesi taraf\u0131ndan Adalar&#8217;a g\u00f6nderilen 13 adet elektrikli minib\u00fcse tepki g\u00f6steren Adalar sakinleri bug\u00fcn eylem yapt\u0131.<\/p>\n","protected":false},"author":1,"featured_media":72677,"comment_status":"open","ping_status":"open","sticky":false,"template":"","format":"standard","meta":{"footnotes":""},"categories":[3],"tags":[2812],"class_list":["post-72676","post","type-post","status-publish","format-standard","has-post-thumbnail","hentry","category-guncel","tag-ada"],"_links":{"self":[{"href":"https:\/\/kamucalisani.net\/index.php\/wp-json\/wp\/v2\/posts\/72676","targetHints":{"allow":["GET"]}}],"collection":[{"href":"https:\/\/kamucalisani.net\/index.php\/wp-json\/wp\/v2\/posts"}],"about":[{"href":"https:\/\/kamucalisani.net\/index.php\/wp-json\/wp\/v2\/types\/post"}],"author":[{"embeddable":true,"href":"https:\/\/kamucalisani.net\/index.php\/wp-json\/wp\/v2\/users\/1"}],"replies":[{"embeddable":true,"href":"https:\/\/kamucalisani.net\/index.php\/wp-json\/wp\/v2\/comments?post=72676"}],"version-history":[{"count":1,"href":"https:\/\/kamucalisani.net\/index.php\/wp-json\/wp\/v2\/posts\/72676\/revisions"}],"predecessor-version":[{"id":72680,"href":"https:\/\/kamucalisani.net\/index.php\/wp-json\/wp\/v2\/posts\/72676\/revisions\/72680"}],"wp:featuredmedia":[{"embeddable":true,"href":"https:\/\/kamucalisani.net\/index.php\/wp-json\/wp\/v2\/media\/72677"}],"wp:attachment":[{"href":"https:\/\/kamucalisani.net\/index.php\/wp-json\/wp\/v2\/media?parent=72676"}],"wp:term":[{"taxonomy":"category","embeddable":true,"href":"https:\/\/kamucalisani.net\/index.php\/wp-json\/wp\/v2\/categories?post=72676"},{"taxonomy":"post_tag","embeddable":true,"href":"https:\/\/kamucalisani.net\/index.php\/wp-json\/wp\/v2\/tags?post=72676"}],"curies":[{"name":"wp","href":"https:\/\/api.w.org\/{rel}","templated":true}]}}