{"id":72681,"date":"2024-07-30T02:36:05","date_gmt":"2024-07-30T02:36:05","guid":{"rendered":"https:\/\/kamucalisani.net\/?p=72681"},"modified":"2024-07-30T02:36:05","modified_gmt":"2024-07-30T02:36:05","slug":"ruzgar-ve-gunes-enerjisi-2024te-cinin-enerji-kapasitesinin-yuzde-40ini-asacak","status":"publish","type":"post","link":"https:\/\/kamucalisani.net\/index.php\/2024\/07\/30\/ruzgar-ve-gunes-enerjisi-2024te-cinin-enerji-kapasitesinin-yuzde-40ini-asacak\/","title":{"rendered":"R\u00fczgar ve g\u00fcne\u015f enerjisi 2024\u2019te \u00c7in\u2019in enerji kapasitesinin y\u00fczde 40\u2019\u0131n\u0131 a\u015facak"},"content":{"rendered":"<p><figure> <span> <img decoding=\"async\" src=\"https:\/\/kamucalisani.net\/wp-content\/uploads\/2024\/07\/ruzgar-ve-gunes-enerjisi-2024te-cinin-enerji-kapasitesinin-yuzde-40ini-asacak-0-vP8JQj3D.jpg\"\/> <\/span> Yenilenebilir enerji kapasitesinde ve kurulumunda d\u00fcnyan\u0131n bir numaras\u0131 olan <strong>\u00c7in<\/strong>, 2024 y\u0131l\u0131 i\u00e7erisinde \u00f6nemli bir kilometre ta\u015f\u0131na daha ula\u015facak. Verilere g\u00f6re <strong>r\u00fczgar<\/strong> ve <strong>g\u00fcne\u015f<\/strong> <strong>enerjisi<\/strong> tarihte ilk defa \u00c7in\u2019in k\u00f6m\u00fcr yak\u0131tl\u0131 enerji kapasitesini geride b\u0131rakm\u0131\u015f durumda. Yeni bir rapora g\u00f6re ise r\u00fczgar ve g\u00fcne\u015f, y\u0131l sonuna kadar \u00c7in&#8217;in toplam kurulu enerji \u00fcretim kapasitesinin <strong>y\u00fczde 40&#8217;\u0131ndan fazlas\u0131n\u0131<\/strong> olu\u015fturacak. <\/figure>\n<p><b>\u00c7in, yenilenebilir enerjide h\u0131zl\u0131 b\u00fcy\u00fcmeye devam ediyor<\/b><\/p>\n<p>\u00c7in Elektrik Konseyi (CEC) raporunda belirtilenlere g\u00f6re \u00c7in&#8217;in <strong>bu y\u0131l<\/strong> \u015febekeye yakla\u015f\u0131k <strong>300 gigawatt<\/strong> (GW) g\u00fcne\u015f ve r\u00fczgar enerjisi kapasitesi ekleyecek. Bu, bir \u00f6nceki y\u0131l 293GW olan kapasitenin bir miktar \u00fczerinde ger\u00e7ekle\u015fecek. B\u00f6ylelikle \u00c7in&#8217;deki \u015febekeye ba\u011fl\u0131 toplam r\u00fczgar ve g\u00fcne\u015f enerjisi \u00fcretim kapasitesinin <strong>y\u0131l sonuna kadar 1.350 GW\u2019a<\/strong> \u00e7\u0131kmas\u0131 \u00f6ng\u00f6r\u00fcl\u00fcyor. Dolay\u0131s\u0131yla \u00fclkenin t\u00fcm enerji kaynaklar\u0131nda elde etti\u011fi 3.300 GW&#8217;l\u0131k toplam<strong> kurulu kapasitenin y\u00fczde 40\u2019\u0131ndan fazlas\u0131 r\u00fczgar ve g\u00fcne\u015f<\/strong> enerjisinden gelmi\u015f olacak.<\/p>\n<figure> <span> <img decoding=\"async\" src=\"https:\/\/kamucalisani.net\/wp-content\/uploads\/2024\/07\/ruzgar-ve-gunes-enerjisi-2024te-cinin-enerji-kapasitesinin-yuzde-40ini-asacak-1-Uen1vxAH.jpg\"\/> <\/span> Rapor, <strong>n\u00fckleer<\/strong> ve <strong>hidroelektrik<\/strong> de dahil olmak \u00fczere fosil yak\u0131t d\u0131\u015f\u0131 enerji kaynaklar\u0131n\u0131n toplam kurulu kapasitesinin 2024 sonunda <strong>1.900 GW<\/strong>&#8216;a veya toplam enerji kar\u0131\u015f\u0131m\u0131n\u0131n <strong>y\u00fczde 57,5&#8217;ine<\/strong> \u00e7\u0131kabilece\u011fini de ortaya koyuyor. D\u00fcnyan\u0131n en b\u00fcy\u00fck sera gaz\u0131 yay\u0131c\u0131s\u0131 ve enerji t\u00fcketicisi olan \u00c7in, karbon n\u00f6tr olmay\u0131 hedefledi\u011fi 2060 y\u0131l\u0131na kadar toplam enerji kar\u0131\u015f\u0131m\u0131n\u0131n y\u00fczde 80&#8217;ini fosil olmayan yak\u0131t kaynaklar\u0131ndan elde etmek zorunda. <\/figure>\n<p><strong>2024\u2019\u00fcn ilk yar\u0131s\u0131nda<\/strong> \u00fclkenin toplam <strong>1.180 GW<\/strong> (y\u00fczde 38,4) <strong>r\u00fczgar ve g\u00fcne\u015f<\/strong> enerjisi kapasitesi bulunuyor. Bunun yan\u0131nda haziran sonu itibariyle <strong>k\u00f6m\u00fcr<\/strong> yak\u0131tl\u0131 kapasite ise <strong>1.170 GW<\/strong> (y\u00fczde 38,1) seviyesinde. CEC, y\u0131l sonunda bunun y\u00fczde 37\u2019nin alt\u0131na d\u00fc\u015fece\u011fini \u00f6ng\u00f6r\u00fcyor. \u00c7in, 2026 itibariyle k\u00f6m\u00fcr t\u00fcketimini a\u015famal\u0131 olarak azaltacak.<\/p>\n<p>Bununla birlikte rapor, \u00c7in&#8217;in \u015febeke altyap\u0131s\u0131n\u0131n, kesintili r\u00fczgar ve g\u00fcne\u015f enerjisi arz\u0131yla ba\u015fa \u00e7\u0131kabilmek i\u00e7in iletim ve depolama esnekli\u011fini art\u0131rmak amac\u0131yla daha fazla iyile\u015ftirmeye ihtiya\u00e7 duydu\u011funu vurguluyor. Bu \u00e7ok \u00f6nemli zira 2024 y\u0131l\u0131n\u0131n ilk yar\u0131s\u0131nda g\u00fcne\u015f ve r\u00fczgar enerjisi kapasitesinin kullan\u0131m\u0131 k\u00f6m\u00fcr\u00fcn yar\u0131s\u0131ndan bile az oldu.<\/p>\n\n<p>Kaynak\u00a0 :\u00a0<span style=\"background-color: rgb(255, 249, 236); color: rgb(55, 58, 60); font-size: 14px;\">https:\/\/www.donanimhaber.com\/cin-in-enerji-kapasitesinin-yuzde-40-i-ruzgar-ve-gunes-gelecek&#8211;180015<\/span><\/p>\n","protected":false},"excerpt":{"rendered":"<p>Yenilenebilir enerji kapasitesinde ve kurulumunda d\u00fcnyan\u0131n bir numaras\u0131 olan \u00c7in, 2024 y\u0131l\u0131 i\u00e7erisinde \u00f6nemli bir kilometre ta\u015f\u0131na daha ula\u015facak. Verilere g\u00f6re r\u00fczgar ve g\u00fcne\u015f enerjisi tarihte ilk defa \u00c7in\u2019in k\u00f6m\u00fcr yak\u0131tl\u0131 enerji kapasitesini &#8230;<\/p>\n","protected":false},"author":1,"featured_media":72682,"comment_status":"open","ping_status":"open","sticky":false,"template":"","format":"standard","meta":{"footnotes":""},"categories":[8],"tags":[453,79,1328,4172,394],"class_list":["post-72681","post","type-post","status-publish","format-standard","has-post-thumbnail","hentry","category-teknoloji","tag-cin","tag-enerji","tag-kapasite","tag-kapasitesini","tag-sonu"],"_links":{"self":[{"href":"https:\/\/kamucalisani.net\/index.php\/wp-json\/wp\/v2\/posts\/72681","targetHints":{"allow":["GET"]}}],"collection":[{"href":"https:\/\/kamucalisani.net\/index.php\/wp-json\/wp\/v2\/posts"}],"about":[{"href":"https:\/\/kamucalisani.net\/index.php\/wp-json\/wp\/v2\/types\/post"}],"author":[{"embeddable":true,"href":"https:\/\/kamucalisani.net\/index.php\/wp-json\/wp\/v2\/users\/1"}],"replies":[{"embeddable":true,"href":"https:\/\/kamucalisani.net\/index.php\/wp-json\/wp\/v2\/comments?post=72681"}],"version-history":[{"count":1,"href":"https:\/\/kamucalisani.net\/index.php\/wp-json\/wp\/v2\/posts\/72681\/revisions"}],"predecessor-version":[{"id":72685,"href":"https:\/\/kamucalisani.net\/index.php\/wp-json\/wp\/v2\/posts\/72681\/revisions\/72685"}],"wp:featuredmedia":[{"embeddable":true,"href":"https:\/\/kamucalisani.net\/index.php\/wp-json\/wp\/v2\/media\/72682"}],"wp:attachment":[{"href":"https:\/\/kamucalisani.net\/index.php\/wp-json\/wp\/v2\/media?parent=72681"}],"wp:term":[{"taxonomy":"category","embeddable":true,"href":"https:\/\/kamucalisani.net\/index.php\/wp-json\/wp\/v2\/categories?post=72681"},{"taxonomy":"post_tag","embeddable":true,"href":"https:\/\/kamucalisani.net\/index.php\/wp-json\/wp\/v2\/tags?post=72681"}],"curies":[{"name":"wp","href":"https:\/\/api.w.org\/{rel}","templated":true}]}}