{"id":73180,"date":"2024-07-31T00:36:06","date_gmt":"2024-07-31T00:36:06","guid":{"rendered":"https:\/\/kamucalisani.net\/?p=73180"},"modified":"2024-07-31T00:36:06","modified_gmt":"2024-07-31T00:36:06","slug":"fenerbahce-bekoda-bir-ayrilik-daha-resmen-aciklandi","status":"publish","type":"post","link":"https:\/\/kamucalisani.net\/index.php\/2024\/07\/31\/fenerbahce-bekoda-bir-ayrilik-daha-resmen-aciklandi\/","title":{"rendered":"Fenerbah\u00e7e Beko&#8217;da bir ayr\u0131l\u0131k daha! Resmen a\u00e7\u0131kland\u0131"},"content":{"rendered":"<p><p>Yeni sezon i\u00e7in kadro planlamas\u0131na devam eden Fenerbah\u00e7e Beko&#8217;da bir ayr\u0131l\u0131k daha resmiyet kazand\u0131.<\/p>\n<p><strong>RESMEN A\u00c7IKLANDI<\/strong><\/p>\n<p>Sar\u0131-lacivertli ekip, Nate Sestina ve Nick Calathes&#8217;in ard\u0131ndan 23 ya\u015f\u0131ndaki oyun kurucu Yam Madar ile yollar\u0131n\u0131 ay\u0131rd\u0131klar\u0131n\u0131 a\u00e7\u0131klad\u0131.<\/p>\n<p>Sar\u0131-lacivertlilerden konuya ili\u015fkin yap\u0131lan a\u00e7\u0131klamada, &#8220;Fenerbah\u00e7e Beko\u2019nun 2023-24 sezonu kadrosunda yer alan sporcumuz Yam Madar ile yollar\u0131m\u0131z ayr\u0131lm\u0131\u015ft\u0131r. Fenerbah\u00e7e Ailesi&#8217;ne verdi\u011fi katk\u0131lardan dolay\u0131 Yam Madar\u2019a te\u015fekk\u00fcr eder, kariyerinin yeni d\u00f6neminde kendisine ba\u015far\u0131lar dileriz&#8221; ifadeleri kullan\u0131ld\u0131.<\/p>\n<p>Madar, bu sezon sar\u0131-lacivertli forma ile T\u00fcrkiye Kupas\u0131 ve Basketbol S\u00fcper Ligi&#8217;nde \u015fampiyonluk ya\u015fad\u0131.<\/p>\n<p>7143739<\/p>\n\n<p><\/p>\n<p>Kaynak :\u00a0<span style=\"background-color: rgb(255, 249, 236); color: rgb(55, 58, 60); font-size: 14px;\">http:\/\/www.milliyet.com.tr\/skorer\/fenerbahce-bekoda-bir-ayrilik-daha-resmen-aciklandi-7143766<\/span><\/p>\n","protected":false},"excerpt":{"rendered":"<p>Nate Sestina ve Nick Calathes ile yollar\u0131n\u0131 ay\u0131ran Fenerbah\u00e7e Beko&#8217;da bir veda daha ya\u015fand\u0131. \u0130\u015fte detaylar&#8230;<\/p>\n","protected":false},"author":1,"featured_media":73181,"comment_status":"open","ping_status":"open","sticky":false,"template":"","format":"standard","meta":{"footnotes":""},"categories":[7],"tags":[],"class_list":["post-73180","post","type-post","status-publish","format-standard","has-post-thumbnail","hentry","category-spor"],"_links":{"self":[{"href":"https:\/\/kamucalisani.net\/index.php\/wp-json\/wp\/v2\/posts\/73180","targetHints":{"allow":["GET"]}}],"collection":[{"href":"https:\/\/kamucalisani.net\/index.php\/wp-json\/wp\/v2\/posts"}],"about":[{"href":"https:\/\/kamucalisani.net\/index.php\/wp-json\/wp\/v2\/types\/post"}],"author":[{"embeddable":true,"href":"https:\/\/kamucalisani.net\/index.php\/wp-json\/wp\/v2\/users\/1"}],"replies":[{"embeddable":true,"href":"https:\/\/kamucalisani.net\/index.php\/wp-json\/wp\/v2\/comments?post=73180"}],"version-history":[{"count":1,"href":"https:\/\/kamucalisani.net\/index.php\/wp-json\/wp\/v2\/posts\/73180\/revisions"}],"predecessor-version":[{"id":73182,"href":"https:\/\/kamucalisani.net\/index.php\/wp-json\/wp\/v2\/posts\/73180\/revisions\/73182"}],"wp:featuredmedia":[{"embeddable":true,"href":"https:\/\/kamucalisani.net\/index.php\/wp-json\/wp\/v2\/media\/73181"}],"wp:attachment":[{"href":"https:\/\/kamucalisani.net\/index.php\/wp-json\/wp\/v2\/media?parent=73180"}],"wp:term":[{"taxonomy":"category","embeddable":true,"href":"https:\/\/kamucalisani.net\/index.php\/wp-json\/wp\/v2\/categories?post=73180"},{"taxonomy":"post_tag","embeddable":true,"href":"https:\/\/kamucalisani.net\/index.php\/wp-json\/wp\/v2\/tags?post=73180"}],"curies":[{"name":"wp","href":"https:\/\/api.w.org\/{rel}","templated":true}]}}