{"id":73520,"date":"2024-07-31T13:12:07","date_gmt":"2024-07-31T13:12:07","guid":{"rendered":"https:\/\/kamucalisani.net\/?p=73520"},"modified":"2024-07-31T13:12:07","modified_gmt":"2024-07-31T13:12:07","slug":"turkiye-gurcistan-maci-oncesi-tribunde-gerginlik","status":"publish","type":"post","link":"https:\/\/kamucalisani.net\/index.php\/2024\/07\/31\/turkiye-gurcistan-maci-oncesi-tribunde-gerginlik\/","title":{"rendered":"T\u00fcrkiye-G\u00fcrcistan ma\u00e7\u0131 \u00f6ncesi trib\u00fcnde gerginlik!"},"content":{"rendered":"<p><p>A Milli Tak\u0131m&#8217;\u0131n EURO 2024 maceras\u0131 resmen ba\u015flad\u0131. Ay-Y\u0131ld\u0131zl\u0131lar, turnuvan\u0131n ilk ma\u00e7\u0131nda G\u00fcrcistan ile kar\u015f\u0131 kar\u015f\u0131ya geliyor. Milli tak\u0131m\u0131n G\u00fcrcistan ile kar\u015f\u0131 kar\u015f\u0131ya gelece\u011fi ma\u00e7\u0131n \u00f6ncesinde ma\u00e7\u0131n oynanaca\u011f\u0131 Signal Iduna Park&#8217;ta taraftarlar aras\u0131nda k\u0131sa s\u00fcreli bir gerginlik ya\u015fand\u0131. \u0130\u015fte detaylar&#8230;<\/p>\n<p><strong>TR\u0130B\u00dcNDE KAVGA \u00c7IKTI<\/strong><\/p>\n<p>EURO 2024&#8217;teki T\u00fcrkiye-G\u00fcrcistan ma\u00e7\u0131 \u00f6ncesi taraftarlar aras\u0131nda kavga \u00e7\u0131kt\u0131.\u00a0G\u00fcrc\u00fc futbolseverlerin, taraftarlar\u0131 ay\u0131ran alan\u0131 a\u015f\u0131p T\u00fcrk taraftarlar\u0131n \u00fczerine y\u00fcr\u00fcd\u00fc\u011f\u00fc g\u00f6r\u00fcld\u00fc.<\/p>\n<p>\u0130ki tak\u0131m taraftarlar\u0131 bir anda kar\u015f\u0131 kar\u015f\u0131ya gelirken g\u00fcvenlik g\u00fc\u00e7lerinin araya girmesinin ard\u0131ndan olaylar yat\u0131\u015ft\u0131.\u00a0<\/p>\n<div>\n<div> <img decoding=\"async\" src=\"https:\/\/kamucalisani.net\/wp-content\/uploads\/2024\/07\/turkiye-gurcistan-maci-oncesi-tribunde-gerginlik-0-sNcEV9p6.jpg\"\/><\/img> <\/div>\n<\/p><\/div>\n<\/p>\n<p><strong>DORTMUND&#8217;DA YO\u011eUN YA\u011eMUR!<\/strong><\/p>\n<p>Ma\u00e7\u0131n ba\u015flamas\u0131ndan 2 saat \u00f6nce, hava tahminlerinde g\u00fcnlerdir uyar\u0131 yap\u0131ld\u0131\u011f\u0131 gibi ya\u011fmur ba\u015flad\u0131. Giderek yo\u011funlu\u011funu artt\u0131ran ya\u011fmur sebebiyle stat d\u0131\u015f\u0131nda e\u011flenen taraftarlar, stadyuma giri\u015f yapmak zorunda kald\u0131.<\/p>\n<p>Signal Iduna Park&#8217;\u0131n \u00e7at\u0131s\u0131ndan ya\u011fmur sular\u0131n\u0131n trib\u00fcne do\u011fru akt\u0131\u011f\u0131 g\u00f6r\u00fcld\u00fc.<\/p>\n<div>\n<div> <img decoding=\"async\" src=\"https:\/\/kamucalisani.net\/wp-content\/uploads\/2024\/07\/turkiye-gurcistan-maci-oncesi-tribunde-gerginlik-1-bT8w7pLk.jpg\"\/><\/img> <\/div>\n<\/p><\/div>\n<\/p>\n<p><strong>SEFO TARAFTARLARI CO\u015eTURDU<\/strong><\/p>\n<p>Taraftarlar\u0131n yerel saatle 12.00&#8217;den itibaren KleppingStra\u00dfe&#8217;de kurulan Fan Zone&#8217;da toplanmas\u0131yla ba\u015flayan etkinlik i\u00e7in \u00f6zel olarak haz\u0131rlanan Milli Tak\u0131m Taraftar Otob\u00fcs\u00fc&#8217;nde sanat\u00e7\u0131lar Sefo ve Murda, sevilen \u015fark\u0131lar\u0131na yer verdikleri performanslar\u0131yla alana gelen taraftarlar\u0131 co\u015fturdu. Sefo, A Milli Tak\u0131ma EURO 2024 ser\u00fcveni i\u00e7in haz\u0131rlayarak arma\u011fan etti\u011fi &#8220;T\u00fcrkiye&#8217;m&#8221; \u015fark\u0131s\u0131n\u0131 seslendirirken, taraftarlar da kendisine e\u015flik etti.<\/p>\n<p><strong>YA\u011eMUR TANRISEVS\u0130N DE TARAFTARLARLA B\u0130R ARAYA GELD\u0130<\/strong><\/p>\n<p>Mill\u00ee Tak\u0131m Taraftar Otob\u00fcs\u00fc&#8217;nde yerini alan A Mill\u00ee Tak\u0131m G\u00f6n\u00fcll\u00fc Futbol El\u00e7isi Ya\u011fmur Tanr\u0131sevsin de etkinlik boyunca taraftarlar bir arada oldu. \u015eark\u0131lara ve mar\u015flara e\u015flik eden \u00fcnl\u00fc oyuncu, T\u00fcrkiye\u2019nin EURO 2024&#8217;teki ilk ma\u00e7\u0131 \u00f6ncesinde bu b\u00fcy\u00fck co\u015fkunun bir par\u00e7as\u0131 oldu.<\/p>\n<div>\n<div> <img decoding=\"async\" src=\"https:\/\/kamucalisani.net\/wp-content\/uploads\/2024\/07\/turkiye-gurcistan-maci-oncesi-tribunde-gerginlik-2-QNOVYTHn.jpg\"\/><\/img> <\/div>\n<\/p><\/div>\n<\/p>\n<p><strong>TARAFTARLAR DJ PERFORMANSI E\u015eL\u0130\u011e\u0130NDE STADYUMA Y\u00dcR\u00dcD\u00dc<\/strong><\/p>\n<p>&#8220;Tarihin izinde, zafer yolunda&#8221; mottosuyla taraftarlar\u0131m yo\u011fun ilgi g\u00f6sterdi\u011fi y\u00fcr\u00fcy\u00fc\u015f etkinli\u011fi, DJ performans\u0131 e\u015fli\u011finde devam etti. Renkli g\u00f6r\u00fcnt\u00fclere sahne olan y\u00fcr\u00fcy\u00fc\u015f, kar\u015f\u0131la\u015fman\u0131n oynanaca\u011f\u0131 Dortmund BVB Stadyumu&#8217;nun \u00f6n\u00fcnde sona erecek.<\/p>\n\n<p><\/p>\n<p>Kaynak :\u00a0<span style=\"background-color: rgb(255, 249, 236); color: rgb(55, 58, 60); font-size: 14px;\">http:\/\/www.milliyet.com.tr\/skorer\/turkiye-gurcistan-maci-oncesi-tribunde-gerginlik-7143888<\/span><\/p>\n","protected":false},"excerpt":{"rendered":"<p>A Milli Tak\u0131m&#8217;\u0131n G\u00fcrcistan ile kar\u015f\u0131la\u015faca\u011f\u0131 ma\u00e7 \u00f6ncesinde Signal Iduna Park&#8217;ta taraftarlar aras\u0131nda gerginlik ya\u015fand\u0131.<\/p>\n","protected":false},"author":1,"featured_media":73521,"comment_status":"open","ping_status":"open","sticky":false,"template":"","format":"standard","meta":{"footnotes":""},"categories":[7],"tags":[263,1629,1927],"class_list":["post-73520","post","type-post","status-publish","format-standard","has-post-thumbnail","hentry","category-spor","tag-takim","tag-taraftarlar","tag-yagmur"],"_links":{"self":[{"href":"https:\/\/kamucalisani.net\/index.php\/wp-json\/wp\/v2\/posts\/73520","targetHints":{"allow":["GET"]}}],"collection":[{"href":"https:\/\/kamucalisani.net\/index.php\/wp-json\/wp\/v2\/posts"}],"about":[{"href":"https:\/\/kamucalisani.net\/index.php\/wp-json\/wp\/v2\/types\/post"}],"author":[{"embeddable":true,"href":"https:\/\/kamucalisani.net\/index.php\/wp-json\/wp\/v2\/users\/1"}],"replies":[{"embeddable":true,"href":"https:\/\/kamucalisani.net\/index.php\/wp-json\/wp\/v2\/comments?post=73520"}],"version-history":[{"count":1,"href":"https:\/\/kamucalisani.net\/index.php\/wp-json\/wp\/v2\/posts\/73520\/revisions"}],"predecessor-version":[{"id":73525,"href":"https:\/\/kamucalisani.net\/index.php\/wp-json\/wp\/v2\/posts\/73520\/revisions\/73525"}],"wp:featuredmedia":[{"embeddable":true,"href":"https:\/\/kamucalisani.net\/index.php\/wp-json\/wp\/v2\/media\/73521"}],"wp:attachment":[{"href":"https:\/\/kamucalisani.net\/index.php\/wp-json\/wp\/v2\/media?parent=73520"}],"wp:term":[{"taxonomy":"category","embeddable":true,"href":"https:\/\/kamucalisani.net\/index.php\/wp-json\/wp\/v2\/categories?post=73520"},{"taxonomy":"post_tag","embeddable":true,"href":"https:\/\/kamucalisani.net\/index.php\/wp-json\/wp\/v2\/tags?post=73520"}],"curies":[{"name":"wp","href":"https:\/\/api.w.org\/{rel}","templated":true}]}}