{"id":73559,"date":"2024-07-31T14:00:08","date_gmt":"2024-07-31T14:00:08","guid":{"rendered":"https:\/\/kamucalisani.net\/?p=73559"},"modified":"2024-07-31T14:00:08","modified_gmt":"2024-07-31T14:00:08","slug":"bakan-bolat-sinir-kapisinda-gurbetcilerle-bayramlasti","status":"publish","type":"post","link":"https:\/\/kamucalisani.net\/index.php\/2024\/07\/31\/bakan-bolat-sinir-kapisinda-gurbetcilerle-bayramlasti\/","title":{"rendered":"Bakan Bolat, s\u0131n\u0131r kap\u0131s\u0131nda gurbet\u00e7ilerle bayramla\u015ft\u0131"},"content":{"rendered":"<p><p>Ticaret Bakan\u0131 \u00d6mer Bolat, Edirne \u0130psala G\u00fcmr\u00fck Kap\u0131s\u0131&#8217;nda Bakanl\u0131k personeli ve gurbet\u00e7ilerle bayramla\u015ft\u0131. Bakan Bolat, \u0130psala S\u0131n\u0131r Kap\u0131s\u0131\u2019n\u0131 ziyaret ederek, yurt d\u0131\u015f\u0131ndan gelen gurbet\u00e7i vatanda\u015flar\u0131n bayram\u0131n\u0131 tebrik etti. S\u0131n\u0131r kap\u0131s\u0131ndaki bayramla\u015fmada \u0130psala Kaymakam\u0131 \u00d6mer Sevgili ve kurum m\u00fcd\u00fcrleri de bulundu.<\/p>\n<div>\n<div> <img decoding=\"async\" src=\"https:\/\/kamucalisani.net\/wp-content\/uploads\/2024\/07\/bakan-bolat-sinir-kapisinda-gurbetcilerle-bayramlasti-0-6SR5Y3IK.jpg\"\/><\/img> <\/div>\n<\/p><\/div>\n<\/p>\n<p><\/p>\n<p>Kaynak :\u00a0<span style=\"background-color: rgb(255, 249, 236); color: rgb(55, 58, 60); font-size: 14px;\">http:\/\/www.milliyet.com.tr\/gundem\/bakan-bolat-sinir-kapisinda-gurbetcilerle-bayramlasti-7143897<\/span><\/p>\n","protected":false},"excerpt":{"rendered":"<p>Kurban Bayram\u0131 dolay\u0131s\u0131yla Edirne\u2019nin \u0130psala il\u00e7esine gelen Ticaret Bakan\u0131 \u00d6mer Bolat, \u0130psala G\u00fcmr\u00fck Kap\u0131s\u0131&#8217;nda gurbet\u00e7i vatanda\u015flarla bayramla\u015ft\u0131.<\/p>\n","protected":false},"author":1,"featured_media":73560,"comment_status":"open","ping_status":"open","sticky":false,"template":"","format":"standard","meta":{"footnotes":""},"categories":[3],"tags":[],"class_list":["post-73559","post","type-post","status-publish","format-standard","has-post-thumbnail","hentry","category-guncel"],"_links":{"self":[{"href":"https:\/\/kamucalisani.net\/index.php\/wp-json\/wp\/v2\/posts\/73559","targetHints":{"allow":["GET"]}}],"collection":[{"href":"https:\/\/kamucalisani.net\/index.php\/wp-json\/wp\/v2\/posts"}],"about":[{"href":"https:\/\/kamucalisani.net\/index.php\/wp-json\/wp\/v2\/types\/post"}],"author":[{"embeddable":true,"href":"https:\/\/kamucalisani.net\/index.php\/wp-json\/wp\/v2\/users\/1"}],"replies":[{"embeddable":true,"href":"https:\/\/kamucalisani.net\/index.php\/wp-json\/wp\/v2\/comments?post=73559"}],"version-history":[{"count":1,"href":"https:\/\/kamucalisani.net\/index.php\/wp-json\/wp\/v2\/posts\/73559\/revisions"}],"predecessor-version":[{"id":73562,"href":"https:\/\/kamucalisani.net\/index.php\/wp-json\/wp\/v2\/posts\/73559\/revisions\/73562"}],"wp:featuredmedia":[{"embeddable":true,"href":"https:\/\/kamucalisani.net\/index.php\/wp-json\/wp\/v2\/media\/73560"}],"wp:attachment":[{"href":"https:\/\/kamucalisani.net\/index.php\/wp-json\/wp\/v2\/media?parent=73559"}],"wp:term":[{"taxonomy":"category","embeddable":true,"href":"https:\/\/kamucalisani.net\/index.php\/wp-json\/wp\/v2\/categories?post=73559"},{"taxonomy":"post_tag","embeddable":true,"href":"https:\/\/kamucalisani.net\/index.php\/wp-json\/wp\/v2\/tags?post=73559"}],"curies":[{"name":"wp","href":"https:\/\/api.w.org\/{rel}","templated":true}]}}