{"id":73883,"date":"2024-07-31T23:36:05","date_gmt":"2024-07-31T23:36:05","guid":{"rendered":"https:\/\/kamucalisani.net\/?p=73883"},"modified":"2024-07-31T23:36:05","modified_gmt":"2024-07-31T23:36:05","slug":"avrupada-kura-gunu","status":"publish","type":"post","link":"https:\/\/kamucalisani.net\/index.php\/2024\/07\/31\/avrupada-kura-gunu\/","title":{"rendered":"Avrupa\u2019da kura g\u00fcn\u00fc"},"content":{"rendered":"<p><p>Bu sezon Avrupa\u2019da ikinci turdan itibaren yer alacak Fenerbah\u00e7e ve Trabzonspor\u2019un rakipleri bug\u00fcn belli olacak. UEFA\u2019n\u0131n Nyon\u2019daki merkezindeki kura \u00e7ekimi 13.00 ve 14.00\u2019te ger\u00e7ekle\u015fecek.<\/p>\n<p>S\u00fcper Lig\u2019i ikinci s\u0131rada tamamlayan Fenerbah\u00e7e\u2019nin \u015eampiyonlar Ligi 2. \u00f6n eleme turu ve tur atlamas\u0131 durumunda 3. \u00f6n eleme turundaki rakipleri bug\u00fcn \u00e7ekilecek kurada belli olacak. Lig yolunda, Dinamo Kiev ile birlikte seriba\u015f\u0131 durumunda bulunan Fenerbah\u00e7e, S\u0131rbistan\u2019\u0131n Partizan ya da \u0130svi\u00e7re\u2019nin Lugano tak\u0131m\u0131yla e\u015fle\u015fecek. Sar\u0131-lacivertliler, bu turu ge\u00e7mesi durumunda \u00fc\u00e7\u00fcnc\u00fc eleme ve sonras\u0131nda play-off\u2019tan yeni formattaki gruba kalabilecek.<\/p>\n<p>Avrupa Ligi 2. \u00f6n eleme turunda yer alan temsilcimiz Trabzonspor\u2019un rakibi de bug\u00fcn belirlenecek. Kura \u00e7ekimine seri ba\u015f\u0131 olarak kat\u0131lacak olan bordo-mavililer, 1. \u00f6n eleme turunu ge\u00e7en tak\u0131mlardan birisi ile e\u015fleyecek. 2. \u00f6n eleme ma\u00e7lar\u0131 25 Temmuz ve 1 A\u011fustos tarihleri aras\u0131nda oynanacak. Karadeniz ekibi de \u00fc\u00e7\u00fcnc\u00fc ve play-off turlar\u0131n\u0131 ge\u00e7erse yeni formattaki gruba kalm\u0131\u015f olacak.<\/p>\n\n<p><\/p>\n<p>Kaynak :\u00a0<span style=\"background-color: rgb(255, 249, 236); color: rgb(55, 58, 60); font-size: 14px;\">http:\/\/www.milliyet.com.tr\/skorer\/avrupada-kura-gunu-7143998<\/span><\/p>\n","protected":false},"excerpt":{"rendered":"<p>Avrupa\u2019da kupalara bu sezon ikinci turdan kat\u0131lacak Fenerbah\u00e7e ile Trabzonspor\u2019un rakipleri bug\u00fcn belli olacak. \u015eampiyonlar Ligi\u2019ndeki sar\u0131-lacivertliler, Avrupa Ligi\u2019ndeki bordo-mavililer, yeni formatta yer alabilmek i\u00e7in \u00fc\u00e7 tur ge\u00e7mesi gerekecek.<\/p>\n","protected":false},"author":1,"featured_media":73884,"comment_status":"open","ping_status":"open","sticky":false,"template":"","format":"standard","meta":{"footnotes":""},"categories":[7],"tags":[4263,4262],"class_list":["post-73883","post","type-post","status-publish","format-standard","has-post-thumbnail","hentry","category-spor","tag-on-eleme","tag-turu"],"_links":{"self":[{"href":"https:\/\/kamucalisani.net\/index.php\/wp-json\/wp\/v2\/posts\/73883","targetHints":{"allow":["GET"]}}],"collection":[{"href":"https:\/\/kamucalisani.net\/index.php\/wp-json\/wp\/v2\/posts"}],"about":[{"href":"https:\/\/kamucalisani.net\/index.php\/wp-json\/wp\/v2\/types\/post"}],"author":[{"embeddable":true,"href":"https:\/\/kamucalisani.net\/index.php\/wp-json\/wp\/v2\/users\/1"}],"replies":[{"embeddable":true,"href":"https:\/\/kamucalisani.net\/index.php\/wp-json\/wp\/v2\/comments?post=73883"}],"version-history":[{"count":1,"href":"https:\/\/kamucalisani.net\/index.php\/wp-json\/wp\/v2\/posts\/73883\/revisions"}],"predecessor-version":[{"id":73885,"href":"https:\/\/kamucalisani.net\/index.php\/wp-json\/wp\/v2\/posts\/73883\/revisions\/73885"}],"wp:featuredmedia":[{"embeddable":true,"href":"https:\/\/kamucalisani.net\/index.php\/wp-json\/wp\/v2\/media\/73884"}],"wp:attachment":[{"href":"https:\/\/kamucalisani.net\/index.php\/wp-json\/wp\/v2\/media?parent=73883"}],"wp:term":[{"taxonomy":"category","embeddable":true,"href":"https:\/\/kamucalisani.net\/index.php\/wp-json\/wp\/v2\/categories?post=73883"},{"taxonomy":"post_tag","embeddable":true,"href":"https:\/\/kamucalisani.net\/index.php\/wp-json\/wp\/v2\/tags?post=73883"}],"curies":[{"name":"wp","href":"https:\/\/api.w.org\/{rel}","templated":true}]}}