{"id":74158,"date":"2024-08-01T12:48:08","date_gmt":"2024-08-01T12:48:08","guid":{"rendered":"https:\/\/kamucalisani.net\/?p=74158"},"modified":"2024-08-01T12:48:08","modified_gmt":"2024-08-01T12:48:08","slug":"sile-plajinda-panik-sahile-getirilen-atlar-guneslenenlerin-arasina-daldi","status":"publish","type":"post","link":"https:\/\/kamucalisani.net\/index.php\/2024\/08\/01\/sile-plajinda-panik-sahile-getirilen-atlar-guneslenenlerin-arasina-daldi\/","title":{"rendered":"\u015eile plaj\u0131nda panik! Sahile getirilen atlar g\u00fcne\u015flenenlerin aras\u0131na dald\u0131"},"content":{"rendered":"<p><p>Olay, \u015eile&#8217;de bulunan bir plajda ge\u00e7ti\u011fimiz g\u00fcn ya\u015fand\u0131. Edinilen bilgiye g\u00f6re, iki gen\u00e7 sahibi olduklar\u0131 atlar\u0131 plaja getirdi. Bir s\u00fcre atlar\u0131n \u00fczerinde plajda gezen gen\u00e7ler, atlar\u0131 ellerinden ka\u00e7\u0131rd\u0131. Plaj\u0131 birbirine katan atlar, y\u00fczmek i\u00e7in plaja gelen y\u00fczlerce insan\u0131n i\u00e7ine dald\u0131.<\/p>\n<p>\u00a0 <\/p>\n<div>\n<div> <img decoding=\"async\" src=\"https:\/\/kamucalisani.net\/wp-content\/uploads\/2024\/08\/sile-plajinda-panik-sahile-getirilen-atlar-guneslenenlerin-arasina-daldi-0-G9gFU2pP.jpg\"\/><\/img> <\/div>\n<\/p><\/div>\n<\/p>\n<p><strong>SAH\u0130L BOYUNCA KO\u015eAN ATLAR VATANDA\u015eLARI KORKUTTU<\/strong><\/p>\n<p>O anlar ise plajda y\u00fczen bir vatanda\u015f\u0131n cep telefonu kameras\u0131na saniye saniye yans\u0131d\u0131. Vatanda\u015f\u0131n cep telefonuna yans\u0131yan g\u00f6r\u00fcnt\u00fclerde iki at\u0131n, \u00fczerindeki gen\u00e7leri at\u0131p bir anda y\u00fczmek i\u00e7in plaja gelen vatanda\u015flar\u0131n aras\u0131na dald\u0131\u011f\u0131 ve plaj boyunca ko\u015ftuklar\u0131 g\u00f6r\u00fcl\u00fcyor.<\/p>\n<div>\n<div> <img decoding=\"async\" src=\"https:\/\/kamucalisani.net\/wp-content\/uploads\/2024\/08\/sile-plajinda-panik-sahile-getirilen-atlar-guneslenenlerin-arasina-daldi-1-Yx42jegU.jpg\"\/><\/img> <\/div>\n<\/p><\/div>\n<p> <\/p>\n<div>\n<div> <img decoding=\"async\" src=\"https:\/\/kamucalisani.net\/wp-content\/uploads\/2024\/08\/sile-plajinda-panik-sahile-getirilen-atlar-guneslenenlerin-arasina-daldi-2-S6U3gF4L.jpg\"\/><\/img> <\/div>\n<\/p><\/div>\n<p> <\/p>\n<div>\n<div> <img decoding=\"async\" src=\"https:\/\/kamucalisani.net\/wp-content\/uploads\/2024\/08\/sile-plajinda-panik-sahile-getirilen-atlar-guneslenenlerin-arasina-daldi-3-jFRFtC7W.jpg\"\/><\/img> <\/div>\n<\/p><\/div>\n<\/p>\n<p><\/p>\n<p>Kaynak :\u00a0<span style=\"background-color: rgb(255, 249, 236); color: rgb(55, 58, 60); font-size: 14px;\">http:\/\/www.milliyet.com.tr\/gundem\/sile-plajinda-panik-sahile-getirilen-atlar-guneslenenlerin-arasina-daldi-7144065<\/span><\/p>\n","protected":false},"excerpt":{"rendered":"<p>\u015eile&#8217;de, bir plaja getirilen iki at, denize girmek i\u00e7in gelen insanlar\u0131n aras\u0131na dald\u0131. Atlar\u0131n plaj\u0131 birbirine katt\u0131\u011f\u0131 anlar bir vatanda\u015f\u0131n cep telefonu kameras\u0131na yans\u0131d\u0131.<\/p>\n","protected":false},"author":1,"featured_media":74159,"comment_status":"open","ping_status":"open","sticky":false,"template":"","format":"standard","meta":{"footnotes":""},"categories":[3],"tags":[4289,2710],"class_list":["post-74158","post","type-post","status-publish","format-standard","has-post-thumbnail","hentry","category-guncel","tag-atlar","tag-plaj"],"_links":{"self":[{"href":"https:\/\/kamucalisani.net\/index.php\/wp-json\/wp\/v2\/posts\/74158","targetHints":{"allow":["GET"]}}],"collection":[{"href":"https:\/\/kamucalisani.net\/index.php\/wp-json\/wp\/v2\/posts"}],"about":[{"href":"https:\/\/kamucalisani.net\/index.php\/wp-json\/wp\/v2\/types\/post"}],"author":[{"embeddable":true,"href":"https:\/\/kamucalisani.net\/index.php\/wp-json\/wp\/v2\/users\/1"}],"replies":[{"embeddable":true,"href":"https:\/\/kamucalisani.net\/index.php\/wp-json\/wp\/v2\/comments?post=74158"}],"version-history":[{"count":1,"href":"https:\/\/kamucalisani.net\/index.php\/wp-json\/wp\/v2\/posts\/74158\/revisions"}],"predecessor-version":[{"id":74164,"href":"https:\/\/kamucalisani.net\/index.php\/wp-json\/wp\/v2\/posts\/74158\/revisions\/74164"}],"wp:featuredmedia":[{"embeddable":true,"href":"https:\/\/kamucalisani.net\/index.php\/wp-json\/wp\/v2\/media\/74159"}],"wp:attachment":[{"href":"https:\/\/kamucalisani.net\/index.php\/wp-json\/wp\/v2\/media?parent=74158"}],"wp:term":[{"taxonomy":"category","embeddable":true,"href":"https:\/\/kamucalisani.net\/index.php\/wp-json\/wp\/v2\/categories?post=74158"},{"taxonomy":"post_tag","embeddable":true,"href":"https:\/\/kamucalisani.net\/index.php\/wp-json\/wp\/v2\/tags?post=74158"}],"curies":[{"name":"wp","href":"https:\/\/api.w.org\/{rel}","templated":true}]}}