{"id":74299,"date":"2024-08-01T18:48:06","date_gmt":"2024-08-01T18:48:06","guid":{"rendered":"https:\/\/kamucalisani.net\/?p=74299"},"modified":"2024-08-01T18:48:06","modified_gmt":"2024-08-01T18:48:06","slug":"dervisoglundan-aksener-paylasimi-hayir-dualarini-aldik","status":"publish","type":"post","link":"https:\/\/kamucalisani.net\/index.php\/2024\/08\/01\/dervisoglundan-aksener-paylasimi-hayir-dualarini-aldik\/","title":{"rendered":"Dervi\u015fo\u011flu&#8217;ndan Ak\u015fener payla\u015f\u0131m\u0131: Hay\u0131r dualar\u0131n\u0131 ald\u0131k"},"content":{"rendered":"<p><p>\u0130Y\u0130 Parti Genel Ba\u015fkan\u0131 Dervi\u015fo\u011flu, ziyarete ili\u015fkin sosyal medya hesab\u0131ndan a\u00e7\u0131klama yapt\u0131. Dervi\u015fo\u011flu, &#8220;Bayram\u0131n son g\u00fcn\u00fc ailece Kurucu Genel Ba\u015fkan\u0131m\u0131z Say\u0131n Meral Ak\u015fener&#8217;i ziyaret edip, hay\u0131r dualar\u0131n\u0131 ald\u0131k. Ev sahiplikleri ve misafirperverlikleri i\u00e7in Tuncer a\u011fabeye de sonsuz te\u015fekk\u00fcrler. D\u00fcn\u00fcm\u00fcz de bizim, yar\u0131nlar\u0131m\u0131z da&#8221; dedi.<\/p>\n<p>Ak\u015fener de Dervi\u015fo\u011flu&#8217;nun payla\u015f\u0131m\u0131n\u0131 al\u0131nt\u0131layarak, &#8220;Kurban Bayram\u0131 vesilesiyle evimize gelen \u0130Y\u0130 Parti Genel Ba\u015fkan\u0131 Say\u0131n M\u00fcsavat Dervi\u015fo\u011flu\u2019na ve k\u0131ymetli ailesine nazik ziyaretleri i\u00e7in y\u00fcrekten te\u015fekk\u00fcr ediyorum&#8221; ifadelerini kulland\u0131. <\/p>\n<div>\n<div> <img decoding=\"async\" src=\"https:\/\/kamucalisani.net\/wp-content\/uploads\/2024\/08\/dervisoglundan-aksener-paylasimi-hayir-dualarini-aldik-0-Rnricktb.jpg\"\/><\/img> <\/div>\n<\/p><\/div>\n<\/p>\n<p><\/p>\n<p>Kaynak :\u00a0<span style=\"background-color: rgb(255, 249, 236); color: rgb(55, 58, 60); font-size: 14px;\">http:\/\/www.milliyet.com.tr\/gundem\/dervisoglundan-aksener-paylasimi-hayir-dualarini-aldik-7144158<\/span><\/p>\n","protected":false},"excerpt":{"rendered":"<p>\u0130Y\u0130 Parti Genel Ba\u015fkan\u0131 M\u00fcsavat Dervi\u015fo\u011flu, partisinin eski Genel Ba\u015fkan\u0131 Meral Ak\u015fener&#8217;i Kurban Bayram\u0131 dolay\u0131s\u0131yla evinde ziyaret etti.<\/p>\n","protected":false},"author":1,"featured_media":74300,"comment_status":"open","ping_status":"open","sticky":false,"template":"","format":"standard","meta":{"footnotes":""},"categories":[3],"tags":[],"class_list":["post-74299","post","type-post","status-publish","format-standard","has-post-thumbnail","hentry","category-guncel"],"_links":{"self":[{"href":"https:\/\/kamucalisani.net\/index.php\/wp-json\/wp\/v2\/posts\/74299","targetHints":{"allow":["GET"]}}],"collection":[{"href":"https:\/\/kamucalisani.net\/index.php\/wp-json\/wp\/v2\/posts"}],"about":[{"href":"https:\/\/kamucalisani.net\/index.php\/wp-json\/wp\/v2\/types\/post"}],"author":[{"embeddable":true,"href":"https:\/\/kamucalisani.net\/index.php\/wp-json\/wp\/v2\/users\/1"}],"replies":[{"embeddable":true,"href":"https:\/\/kamucalisani.net\/index.php\/wp-json\/wp\/v2\/comments?post=74299"}],"version-history":[{"count":1,"href":"https:\/\/kamucalisani.net\/index.php\/wp-json\/wp\/v2\/posts\/74299\/revisions"}],"predecessor-version":[{"id":74302,"href":"https:\/\/kamucalisani.net\/index.php\/wp-json\/wp\/v2\/posts\/74299\/revisions\/74302"}],"wp:featuredmedia":[{"embeddable":true,"href":"https:\/\/kamucalisani.net\/index.php\/wp-json\/wp\/v2\/media\/74300"}],"wp:attachment":[{"href":"https:\/\/kamucalisani.net\/index.php\/wp-json\/wp\/v2\/media?parent=74299"}],"wp:term":[{"taxonomy":"category","embeddable":true,"href":"https:\/\/kamucalisani.net\/index.php\/wp-json\/wp\/v2\/categories?post=74299"},{"taxonomy":"post_tag","embeddable":true,"href":"https:\/\/kamucalisani.net\/index.php\/wp-json\/wp\/v2\/tags?post=74299"}],"curies":[{"name":"wp","href":"https:\/\/api.w.org\/{rel}","templated":true}]}}