{"id":74436,"date":"2024-08-02T00:36:05","date_gmt":"2024-08-02T00:36:05","guid":{"rendered":"https:\/\/kamucalisani.net\/?p=74436"},"modified":"2024-08-02T00:36:05","modified_gmt":"2024-08-02T00:36:05","slug":"honda-nissan-mitsubishi-ittifaki-resmiyet-kazandi","status":"publish","type":"post","link":"https:\/\/kamucalisani.net\/index.php\/2024\/08\/02\/honda-nissan-mitsubishi-ittifaki-resmiyet-kazandi\/","title":{"rendered":"Honda-Nissan-Mitsubishi ittifak\u0131 resmiyet kazand\u0131"},"content":{"rendered":"<p><figure> <span> <img decoding=\"async\" src=\"https:\/\/kamucalisani.net\/wp-content\/uploads\/2024\/08\/honda-nissan-mitsubishi-ittifaki-resmiyet-kazandi-0-HklnZb7t.jpg\"\/> <\/span> K\u0131sa s\u00fcre \u00f6nce bir s\u00f6ylenti olarak siz de\u011ferli okurlar\u0131m\u0131za sundu\u011fumuz Nissan-Honda-Mitsubishi ortakl\u0131\u011f\u0131 bug\u00fcn resmiyet kazand\u0131. Ge\u00e7ti\u011fimiz mart ay\u0131nda duyurulan Nissan-Honda ittifak\u0131na bir ba\u015fka Japon \u00fcretici Mitsubishi de dahil oldu. <\/figure>\n<p>\u00dc\u00e7 \u015firket, elektrikli ara\u00e7lar ve yaz\u0131l\u0131mlar \u00fczerine birlikte \u00e7al\u0131\u015fman\u0131n en iyi yolunu g\u00f6r\u00fc\u015fmek \u00fczere bir mutabakat zapt\u0131 imzalad\u0131. Mitsubishi Motors CEO&#8217;su Takao Kato, konuyla ilgili a\u00e7\u0131klamas\u0131nda \u015funlar\u0131 s\u00f6yledi:<\/p>\n<p>&#8220;Elektrifikasyon ve yaz\u0131l\u0131m gibi teknolojik yenilikler nedeniyle h\u0131zla de\u011fi\u015fen g\u00fcn\u00fcm\u00fcz otomotiv end\u00fcstrisinde ortaklarla i\u015f birli\u011fi yapmak \u00e7ok \u00f6nemlidir. \u00dc\u00e7 \u015firket aras\u0131ndaki i\u015f birli\u011fi sayesinde \u00e7e\u015fitli alanlarda yeni olas\u0131l\u0131klar ke\u015ffedebilece\u011fimize inan\u0131yoruz&#8221;<\/p>\n<p>Nissan ve Honda, bug\u00fcn ayr\u0131ca yaz\u0131l\u0131m tan\u0131ml\u0131 ara\u00e7lar (SDV) geli\u015ftirme \u00e7abalar\u0131na y\u00f6nelik bir anla\u015fmaya da imza att\u0131. \u0130ki \u015firket, otonom s\u00fcr\u00fc\u015f teknolojileri, ba\u011flanabilirlik ve yapay zeka konular\u0131nda yaz\u0131l\u0131m geli\u015ftirme maliyetlerini b\u00f6l\u00fc\u015fecek. Bu i\u015f birli\u011fi ayr\u0131ca motor ve inverter payla\u015f\u0131m\u0131 yaparak yeni batarya ve elektrikli akslar\u0131n ortak geli\u015ftirilmesini de i\u00e7erecek.<\/p>\n<p>\u0130ki \u015firket ayr\u0131ca hem elektrikli hem de i\u00e7ten yanmal\u0131 ara\u00e7larda model payla\u015f\u0131m\u0131 ve birbirlerinin \u00fcr\u00fcn gam\u0131n\u0131 tamamlama gibi konularda da i\u015f birli\u011fi yapacak. \u0130ttifaka yeni dahil olan Mitsubishi&#8217;nin resmi olarak &#8220;kar\u015f\u0131l\u0131kl\u0131 ara\u00e7 tamamlama&#8221; olarak adland\u0131rabilece\u011fimiz bu stratejiye dahil edilip edilmeyece\u011fini s\u00f6ylemek i\u00e7in hen\u00fcz erken.<\/p>\n\n<p>Kaynak\u00a0 :\u00a0<span style=\"background-color: rgb(255, 249, 236); color: rgb(55, 58, 60); font-size: 14px;\">https:\/\/www.donanimhaber.com\/honda-nissan-mitsubishi-ittifaki-resmiyet-kazandi&#8211;180159<\/span><\/p>\n","protected":false},"excerpt":{"rendered":"<p>K\u0131sa s\u00fcre \u00f6nce bir s\u00f6ylenti olarak siz de\u011ferli okurlar\u0131m\u0131za sundu\u011fumuz Nissan-Honda-Mitsubishi ortakl\u0131\u011f\u0131 bug\u00fcn resmiyet kazand\u0131. Ge\u00e7ti\u011fimiz mart ay\u0131nda duyurulan Nissan-Honda ittifak\u0131na bir ba\u015fka Japon \u00fcretici Mitsubishi de dahil oldu. \u00dc\u00e7 &#8230;<\/p>\n","protected":false},"author":1,"featured_media":74437,"comment_status":"open","ping_status":"open","sticky":false,"template":"","format":"standard","meta":{"footnotes":""},"categories":[8],"tags":[],"class_list":["post-74436","post","type-post","status-publish","format-standard","has-post-thumbnail","hentry","category-teknoloji"],"_links":{"self":[{"href":"https:\/\/kamucalisani.net\/index.php\/wp-json\/wp\/v2\/posts\/74436","targetHints":{"allow":["GET"]}}],"collection":[{"href":"https:\/\/kamucalisani.net\/index.php\/wp-json\/wp\/v2\/posts"}],"about":[{"href":"https:\/\/kamucalisani.net\/index.php\/wp-json\/wp\/v2\/types\/post"}],"author":[{"embeddable":true,"href":"https:\/\/kamucalisani.net\/index.php\/wp-json\/wp\/v2\/users\/1"}],"replies":[{"embeddable":true,"href":"https:\/\/kamucalisani.net\/index.php\/wp-json\/wp\/v2\/comments?post=74436"}],"version-history":[{"count":1,"href":"https:\/\/kamucalisani.net\/index.php\/wp-json\/wp\/v2\/posts\/74436\/revisions"}],"predecessor-version":[{"id":74439,"href":"https:\/\/kamucalisani.net\/index.php\/wp-json\/wp\/v2\/posts\/74436\/revisions\/74439"}],"wp:featuredmedia":[{"embeddable":true,"href":"https:\/\/kamucalisani.net\/index.php\/wp-json\/wp\/v2\/media\/74437"}],"wp:attachment":[{"href":"https:\/\/kamucalisani.net\/index.php\/wp-json\/wp\/v2\/media?parent=74436"}],"wp:term":[{"taxonomy":"category","embeddable":true,"href":"https:\/\/kamucalisani.net\/index.php\/wp-json\/wp\/v2\/categories?post=74436"},{"taxonomy":"post_tag","embeddable":true,"href":"https:\/\/kamucalisani.net\/index.php\/wp-json\/wp\/v2\/tags?post=74436"}],"curies":[{"name":"wp","href":"https:\/\/api.w.org\/{rel}","templated":true}]}}