{"id":76696,"date":"2024-08-06T02:12:06","date_gmt":"2024-08-06T02:12:06","guid":{"rendered":"https:\/\/kamucalisani.net\/?p=76696"},"modified":"2024-08-06T02:12:06","modified_gmt":"2024-08-06T02:12:06","slug":"dortmundda-turkiye-coskusu-almanya-kirmizi-beyaza-burundu","status":"publish","type":"post","link":"https:\/\/kamucalisani.net\/index.php\/2024\/08\/06\/dortmundda-turkiye-coskusu-almanya-kirmizi-beyaza-burundu\/","title":{"rendered":"Dortmund&#8217;da T\u00fcrkiye co\u015fkusu! Almanya k\u0131rm\u0131z\u0131-beyaza b\u00fcr\u00fcnd\u00fc"},"content":{"rendered":"<p><p>A Milli Futbol Tak\u0131m\u0131&#8217;n\u0131n EURO 2024 F Grubu&#8217;nun 2&#8217;nci haftas\u0131ndaki Portekiz ma\u00e7\u0131 turnuvan\u0131n g\u00f6rsel \u015fov olarak en co\u015fkulu m\u00fcsabakalar\u0131 aras\u0131nda yer ald\u0131. G\u00fcrcistan ma\u00e7\u0131na b\u00fcy\u00fck ilgi g\u00f6steren T\u00fcrk taraftarlar, Portekiz ma\u00e7\u0131na da b\u00fcy\u00fck ilgi g\u00f6sterdi.<\/p>\n<p>Dortmund sokaklar\u0131n\u0131n tamam\u0131n\u0131n k\u0131rm\u0131z\u0131-beyaza b\u00fcr\u00fcnd\u00fc\u011f\u00fc g\u00f6zlemlendi. T\u00fcrk taraftarlar, G\u00fcrcistan kar\u015f\u0131la\u015fmas\u0131nda oldu\u011fu gibi Dortmund&#8217;da bulunan KleppingStrabe\u2019de topland\u0131.<\/p>\n<p>Binlerce T\u00fcrk taraftar\u0131 me\u015faleler yak\u0131p, tezah\u00fcratlar s\u00f6yleyerek millilere destek verirken, sokaklar\u0131 da k\u0131rm\u0131z\u0131-beyaza \u00e7evirdi. Taraftarlar daha sonra ma\u00e7\u0131n oynanaca\u011f\u0131 stadyuma y\u00fcr\u00fcd\u00fc.<\/p>\n<p><strong>TFF&#8217;DEN BEYAZ FORMA \u00c7A\u011eRISI<\/strong><\/p>\n<p>T\u00fcrkiye Futbol Federasyonu, Portekiz ma\u00e7\u0131 \u00f6ncesi T\u00fcrk taraftarlara beyaz forma \u00e7a\u011fr\u0131s\u0131nda bulunmu\u015ftu. TFF&#8217;den yap\u0131lan a\u00e7\u0131klamada \u015fu ifadeler kullan\u0131lm\u0131\u015ft\u0131:<\/p>\n<p>&#8220;T\u00fcrk taraftarlar, ayn\u0131 statta G\u00fcrcistan ile oynanan ma\u00e7ta Borussia Dortmund&#8217;un &#8216;Sar\u0131 Duvar&#8217; olarak bilinen 62 bin ki\u015filik stad\u0131n\u0131 yakla\u015f\u0131k 50 bin ki\u015filik b\u00f6l\u00fcm\u00fcn\u00fc doldurarak, &#8216;K\u0131rm\u0131z\u0131 Duvara&#8217; d\u00f6n\u00fc\u015ft\u00fcrm\u00fc\u015ft\u00fc. T\u00fcm taraftarlar\u0131m\u0131z\u0131n bu kez ellerinde T\u00fcrk bayraklar\u0131 ve beyaz formalar\u0131yla trib\u00fcnlerde yer alarak BVB Dortmund Stadyumu&#8217;nu k\u0131rm\u0131z\u0131-beyaza boyamas\u0131n\u0131 bekliyoruz.&#8221;<\/p>\n\n<p><\/p>\n<p>Kaynak :\u00a0<span style=\"background-color: rgb(255, 249, 236); color: rgb(55, 58, 60); font-size: 14px;\">http:\/\/www.milliyet.com.tr\/skorer\/dortmundda-turkiye-coskusu-almanya-kirmizi-beyaza-burundu-7145149<\/span><\/p>\n","protected":false},"excerpt":{"rendered":"<p>A Milli Futbol Tak\u0131m\u0131&#8217;n\u0131n Portekiz ma\u00e7\u0131na Almanya&#8217;da ya\u015fayan T\u00fcrk taraftarlar b\u00fcy\u00fck ilgi g\u00f6sterdi. Dortmund sokaklar\u0131 k\u0131rm\u0131z\u0131-beyaza b\u00fcr\u00fcnd\u00fc.<\/p>\n","protected":false},"author":1,"featured_media":76697,"comment_status":"open","ping_status":"open","sticky":false,"template":"","format":"standard","meta":{"footnotes":""},"categories":[7],"tags":[4537,1629,221],"class_list":["post-76696","post","type-post","status-publish","format-standard","has-post-thumbnail","hentry","category-spor","tag-beyaz","tag-taraftarlar","tag-turk"],"_links":{"self":[{"href":"https:\/\/kamucalisani.net\/index.php\/wp-json\/wp\/v2\/posts\/76696","targetHints":{"allow":["GET"]}}],"collection":[{"href":"https:\/\/kamucalisani.net\/index.php\/wp-json\/wp\/v2\/posts"}],"about":[{"href":"https:\/\/kamucalisani.net\/index.php\/wp-json\/wp\/v2\/types\/post"}],"author":[{"embeddable":true,"href":"https:\/\/kamucalisani.net\/index.php\/wp-json\/wp\/v2\/users\/1"}],"replies":[{"embeddable":true,"href":"https:\/\/kamucalisani.net\/index.php\/wp-json\/wp\/v2\/comments?post=76696"}],"version-history":[{"count":1,"href":"https:\/\/kamucalisani.net\/index.php\/wp-json\/wp\/v2\/posts\/76696\/revisions"}],"predecessor-version":[{"id":76698,"href":"https:\/\/kamucalisani.net\/index.php\/wp-json\/wp\/v2\/posts\/76696\/revisions\/76698"}],"wp:featuredmedia":[{"embeddable":true,"href":"https:\/\/kamucalisani.net\/index.php\/wp-json\/wp\/v2\/media\/76697"}],"wp:attachment":[{"href":"https:\/\/kamucalisani.net\/index.php\/wp-json\/wp\/v2\/media?parent=76696"}],"wp:term":[{"taxonomy":"category","embeddable":true,"href":"https:\/\/kamucalisani.net\/index.php\/wp-json\/wp\/v2\/categories?post=76696"},{"taxonomy":"post_tag","embeddable":true,"href":"https:\/\/kamucalisani.net\/index.php\/wp-json\/wp\/v2\/tags?post=76696"}],"curies":[{"name":"wp","href":"https:\/\/api.w.org\/{rel}","templated":true}]}}