{"id":77435,"date":"2024-08-07T23:36:06","date_gmt":"2024-08-07T23:36:06","guid":{"rendered":"https:\/\/kamucalisani.net\/?p=77435"},"modified":"2024-08-07T23:36:06","modified_gmt":"2024-08-07T23:36:06","slug":"300-milyar-dolarlik-altin-ekonomiye-kazandirilabilir","status":"publish","type":"post","link":"https:\/\/kamucalisani.net\/index.php\/2024\/08\/07\/300-milyar-dolarlik-altin-ekonomiye-kazandirilabilir\/","title":{"rendered":"\u2018300 milyar dolarl\u0131k\u2019 alt\u0131n ekonomiye kazand\u0131r\u0131labilir"},"content":{"rendered":"<p><p><span><strong>M\u0130THAT YURDAKUL Ankara &#8211;<\/strong> <\/span>Bir grup gazeteciyle bir araya gelen Y\u0131lmaz, T\u00fcrkiye\u2019nin alt\u0131n madenleriyle ilgili \u015funlar\u0131 s\u00f6yledi:\u00a0<\/p>\n<p>\u201cBiz bunun 1500 tonunun nerede oldu\u011funu biliyoruz, hatta \u00fcretmeye de ba\u015flad\u0131k. Geriye kalan, yer alt\u0131nda bekleyen 5 bin ton var. Bunun bug\u00fcnk\u00fc de\u011feri yakla\u015f\u0131k 300 milyar dolar civar\u0131nda. Biz \u015fu anda y\u0131ll\u0131k 2.5 milyar dolarl\u0131k alt\u0131n \u00fcretiyoruz. 100 tona ula\u015ft\u0131\u011f\u0131m\u0131zda rakam yakla\u015f\u0131k 8-9 milyar dolara \u00e7\u0131kacak. Bu da alt\u0131ndaki d\u0131\u015f ticaret a\u00e7\u0131\u011f\u0131n\u0131n 3\u2019te 1\u2019ini kapatmam\u0131z anlam\u0131na gelir.\u201d\u00a0<\/p>\n<p>Bergama\u2019daki alt\u0131n madeninin \u00fcretime ba\u015flamas\u0131n\u0131 takip eden 10 y\u0131lda, T\u00fcrkiye\u2019deki \u00fcretimin tamam\u0131n\u0131 yabanc\u0131lar\u0131n yapt\u0131\u011f\u0131n\u0131 aktaran Y\u0131lmaz, \u201c\u015eu anda T\u00fcrkiye\u2019de \u00fcretilen alt\u0131n\u0131n y\u00fczde i, tamam\u0131 yerli sermaye olan \u015firketler \u00fcretiyor\u201d dedi.<strong>\u00a0<\/strong><\/p>\n<p><strong>\u2018Y\u0131\u011f\u0131n li\u00e7i d\u00fcnyada 268 madende uygulan\u0131yor\u2019<\/strong><\/p>\n<p>\u0130li\u00e7\u2019te ya\u015fanan maden kazas\u0131na de\u011finen Y\u0131lmaz,\u00a0kendisinin s\u00f6z konusu madeni hi\u00e7 g\u00f6rmedi\u011fini, Meclis\u2019te kurulan ara\u015ft\u0131rma komisyonundan \u00e7\u0131kan sonucu beklemek gerekti\u011fini ifade etti.\u00a0Ele\u015ftirilere neden olan y\u0131\u011f\u0131n li\u00e7i prosed\u00fcr\u00fcn\u00fcn d\u00fcnyada 268 madende uyguland\u0131\u011f\u0131n\u0131 s\u00f6yleyen Y\u0131lmaz, \u201cABD\u2019de, Kanada\u2019da, Avustralya\u2019da, Rusya\u2019da, Arabistan\u2019da,\u00a0bir\u00e7ok yerde uygulan\u0131yor. Uygulanmayan bir \u015fey de\u011fil\u201d \u015feklinde konu\u015ftu.<\/p>\n<p><strong>\u2018Madenciler kendi kendini denetlesin\u2019<\/strong><\/p>\n<p>Y\u0131lmaz madencilikte yeni bir yasal d\u00fczenleme beklediklerini aktar\u0131rken, izin prosed\u00fcrlerinin ve orman izinleri s\u00fcrecinin h\u0131zland\u0131r\u0131lmas\u0131n\u0131 istediklerini kaydetti. Y\u0131lmaz, \u201cOrman alanlar\u0131n\u0131n madencilikte kullan\u0131lan alan\u0131, binde 3.8. Ormanda kesilen her 100 bin a\u011fa\u00e7tan sadece 1 tanesi madencilik amac\u0131yla kesiliyor\u201d dedi. Madencilikte denetim standartlar\u0131n\u0131n net \u015fekilde ortaya konulmas\u0131 gerekti\u011fini de vurgulayan Y\u0131lmaz, \u015f\u00f6yle devam etti:<\/p>\n<p>\u201cSekt\u00f6r\u00fcn, kendi kendini denetleyecek, ba\u011f\u0131ms\u0131z denetim mekanizmas\u0131n\u0131 olu\u015fturmas\u0131 laz\u0131m. \u00d6rne\u011fin\u00a0Kanada Madenciler Derne\u011fi\u2019nin \u2018S\u00fcrd\u00fcr\u00fclebilir Madencilik \u0130lkeleri\u2019 diye yay\u0131nlad\u0131\u011f\u0131 bir ilkesi var. Demi\u015f ki, \u2018Madene gittim, benim standartlar\u0131ma uygun bir standartla \u00e7al\u0131\u015f\u0131yordu. Buras\u0131, kendi i\u00e7 denetimimiz sonucunda \u0130\u00e7 Denetim Sertifikas\u0131\u2019n\u0131 alm\u0131\u015ft\u0131r\u2019.\u201d<\/p>\n\n<p><\/p>\n<p>Kaynak :\u00a0<span style=\"background-color: rgb(255, 249, 236); color: rgb(55, 58, 60); font-size: 14px;\">http:\/\/www.milliyet.com.tr\/ekonomi\/300-milyar-dolarlik-altin-ekonomiye-kazandirilabilir-7145328<\/span><\/p>\n","protected":false},"excerpt":{"rendered":"<p>T\u00fcrkiye Madenciler Derne\u011fi (TMD) Ba\u015fkan\u0131 Mehmet Y\u0131lmaz, T\u00fcrkiye\u2019de 6 bin 500 ton alt\u0131n potansiyeli oldu\u011funu belirterek, \u201cYer alt\u0131nda bekleyen 5 bin ton var. Bug\u00fcnk\u00fc de\u011feri yakla\u015f\u0131k 300 milyar dolar civar\u0131nda\u201d dedi.<\/p>\n","protected":false},"author":1,"featured_media":77436,"comment_status":"open","ping_status":"open","sticky":false,"template":"","format":"standard","meta":{"footnotes":""},"categories":[2],"tags":[381,1046,238],"class_list":["post-77435","post","type-post","status-publish","format-standard","has-post-thumbnail","hentry","category-ekonomi","tag-altin","tag-maden","tag-yilmaz"],"_links":{"self":[{"href":"https:\/\/kamucalisani.net\/index.php\/wp-json\/wp\/v2\/posts\/77435","targetHints":{"allow":["GET"]}}],"collection":[{"href":"https:\/\/kamucalisani.net\/index.php\/wp-json\/wp\/v2\/posts"}],"about":[{"href":"https:\/\/kamucalisani.net\/index.php\/wp-json\/wp\/v2\/types\/post"}],"author":[{"embeddable":true,"href":"https:\/\/kamucalisani.net\/index.php\/wp-json\/wp\/v2\/users\/1"}],"replies":[{"embeddable":true,"href":"https:\/\/kamucalisani.net\/index.php\/wp-json\/wp\/v2\/comments?post=77435"}],"version-history":[{"count":1,"href":"https:\/\/kamucalisani.net\/index.php\/wp-json\/wp\/v2\/posts\/77435\/revisions"}],"predecessor-version":[{"id":77437,"href":"https:\/\/kamucalisani.net\/index.php\/wp-json\/wp\/v2\/posts\/77435\/revisions\/77437"}],"wp:featuredmedia":[{"embeddable":true,"href":"https:\/\/kamucalisani.net\/index.php\/wp-json\/wp\/v2\/media\/77436"}],"wp:attachment":[{"href":"https:\/\/kamucalisani.net\/index.php\/wp-json\/wp\/v2\/media?parent=77435"}],"wp:term":[{"taxonomy":"category","embeddable":true,"href":"https:\/\/kamucalisani.net\/index.php\/wp-json\/wp\/v2\/categories?post=77435"},{"taxonomy":"post_tag","embeddable":true,"href":"https:\/\/kamucalisani.net\/index.php\/wp-json\/wp\/v2\/tags?post=77435"}],"curies":[{"name":"wp","href":"https:\/\/api.w.org\/{rel}","templated":true}]}}