{"id":78087,"date":"2024-08-09T03:36:06","date_gmt":"2024-08-09T03:36:06","guid":{"rendered":"https:\/\/kamucalisani.net\/?p=78087"},"modified":"2024-08-09T03:36:06","modified_gmt":"2024-08-09T03:36:06","slug":"konyada-tekne-alabora-oldu-1-kisi-oldu","status":"publish","type":"post","link":"https:\/\/kamucalisani.net\/index.php\/2024\/08\/09\/konyada-tekne-alabora-oldu-1-kisi-oldu\/","title":{"rendered":"Konya&#8217;da tekne alabora oldu! 1 ki\u015fi \u00f6ld\u00fc"},"content":{"rendered":"<p><p>\u0130n\u015faat sekt\u00f6r\u00fcyle u\u011fra\u015fan Yakup K\u0131l\u0131\u00e7, beraberinde Dudu A. ve onun \u00e7ocuklar\u0131yla birlikte cuma g\u00fcn\u00fc Bey\u015fehir G\u00f6l\u00fc&#8217;n\u00fcn k\u0131y\u0131s\u0131ndaki Ku\u015fluca Mahallesi&#8217;ne geldi.<\/p>\n<p>Arac\u0131n\u0131 burada park eden K\u0131l\u0131\u00e7, daha sonra teknesiyle g\u00f6ldeki Ayg\u0131r Adas\u0131&#8217;na ge\u00e7ti. Saat 10.00 s\u0131ralar\u0131nda geri d\u00f6nmek isterken 4 ki\u015finin i\u00e7inde bulundu\u011fu tekne, alabora oldu. \u00c7ocuklar giydikleri can yelekleri sayesinde su y\u00fczeyinde kal\u0131rken, anneleri ise onlara tutundu. Yakup K\u0131l\u0131\u00e7 ise suda kayboldu.<\/p>\n<p>Aileler cumartesi g\u00fcn\u00fc saat 01.00 s\u0131ralar\u0131nda kay\u0131p ba\u015fvurusunda bulununca, yap\u0131lan arama \u00e7al\u0131\u015fmas\u0131nda K\u0131l\u0131\u00e7&#8217;\u0131n arac\u0131 g\u00f6l\u00fcn k\u0131y\u0131s\u0131nda bulundu. Jandarma, AFAD ve itfaiye ekipleri, g\u00f6lde arama \u00e7al\u0131\u015fmas\u0131 ba\u015flatt\u0131. D\u00fcn \u00e7al\u0131\u015fma sonucu Dudu A. ve 2 k\u0131z\u0131 kurtar\u0131l\u0131p, hastaneye kald\u0131r\u0131ld\u0131.<\/p>\n<p>K\u0131l\u0131\u00e7&#8217;\u0131n bulunmas\u0131 i\u00e7in bug\u00fcn askeri helikopter \u00e7a\u011fr\u0131ld\u0131. Helikopterden al\u0131nan g\u00f6r\u00fcnt\u00fcler sayesinde saat 13.00 s\u0131ralar\u0131nda K\u0131l\u0131\u00e7&#8217;\u0131n cans\u0131z bedenine ula\u015f\u0131ld\u0131. Yahya K\u0131l\u0131\u00e7&#8217;\u0131n cesedi otopsi i\u00e7in Bey\u015fehir Devlet Hastanesi morguna kald\u0131r\u0131ld\u0131.<\/p>\n\n<p><\/p>\n<p>Kaynak :\u00a0<span style=\"background-color: rgb(255, 249, 236); color: rgb(55, 58, 60); font-size: 14px;\">http:\/\/www.milliyet.com.tr\/gundem\/konyada-tekne-alabora-oldu-1-kisi-oldu-7145505<\/span><\/p>\n","protected":false},"excerpt":{"rendered":"<p>Konya&#8217;da alabora olan teknedeki Yakup K\u0131l\u0131\u00e7 (36) ya\u015fam\u0131n\u0131 yitirdi, Dudu A. ile k\u0131zlar\u0131 A.A. (12) ve E.A (8) ise \u00e7ocuklardaki can yelekleri sayesinde su y\u00fczeyinde kal\u0131p, arama-kurtarma ekiplerince bir g\u00fcn sonra kurtar\u0131ld\u0131.<\/p>\n","protected":false},"author":1,"featured_media":78088,"comment_status":"open","ping_status":"open","sticky":false,"template":"","format":"standard","meta":{"footnotes":""},"categories":[3],"tags":[654],"class_list":["post-78087","post","type-post","status-publish","format-standard","has-post-thumbnail","hentry","category-guncel","tag-kilic"],"_links":{"self":[{"href":"https:\/\/kamucalisani.net\/index.php\/wp-json\/wp\/v2\/posts\/78087","targetHints":{"allow":["GET"]}}],"collection":[{"href":"https:\/\/kamucalisani.net\/index.php\/wp-json\/wp\/v2\/posts"}],"about":[{"href":"https:\/\/kamucalisani.net\/index.php\/wp-json\/wp\/v2\/types\/post"}],"author":[{"embeddable":true,"href":"https:\/\/kamucalisani.net\/index.php\/wp-json\/wp\/v2\/users\/1"}],"replies":[{"embeddable":true,"href":"https:\/\/kamucalisani.net\/index.php\/wp-json\/wp\/v2\/comments?post=78087"}],"version-history":[{"count":1,"href":"https:\/\/kamucalisani.net\/index.php\/wp-json\/wp\/v2\/posts\/78087\/revisions"}],"predecessor-version":[{"id":78089,"href":"https:\/\/kamucalisani.net\/index.php\/wp-json\/wp\/v2\/posts\/78087\/revisions\/78089"}],"wp:featuredmedia":[{"embeddable":true,"href":"https:\/\/kamucalisani.net\/index.php\/wp-json\/wp\/v2\/media\/78088"}],"wp:attachment":[{"href":"https:\/\/kamucalisani.net\/index.php\/wp-json\/wp\/v2\/media?parent=78087"}],"wp:term":[{"taxonomy":"category","embeddable":true,"href":"https:\/\/kamucalisani.net\/index.php\/wp-json\/wp\/v2\/categories?post=78087"},{"taxonomy":"post_tag","embeddable":true,"href":"https:\/\/kamucalisani.net\/index.php\/wp-json\/wp\/v2\/tags?post=78087"}],"curies":[{"name":"wp","href":"https:\/\/api.w.org\/{rel}","templated":true}]}}