{"id":78213,"date":"2024-08-09T09:48:07","date_gmt":"2024-08-09T09:48:07","guid":{"rendered":"https:\/\/kamucalisani.net\/?p=78213"},"modified":"2024-08-09T09:48:07","modified_gmt":"2024-08-09T09:48:07","slug":"cenk-tosundan-vincenzo-montellaya-sitem-oyuna-girmek-istiyordum","status":"publish","type":"post","link":"https:\/\/kamucalisani.net\/index.php\/2024\/08\/09\/cenk-tosundan-vincenzo-montellaya-sitem-oyuna-girmek-istiyordum\/","title":{"rendered":"Cenk Tosun&#8217;dan Vincenzo Montella&#8217;ya sitem! &#8216;Oyuna girmek istiyordum&#8217;"},"content":{"rendered":"<p><p>A Milli Futbol Tak\u0131m\u0131&#8217;n\u0131n \u00c7ekya ma\u00e7\u0131 \u00f6ncesi ger\u00e7ekle\u015ftirdi\u011fi ilk antrenman \u00f6ncesi Cenk Tosun bas\u0131n mensuplar\u0131yla bir araya geldi.<\/p>\n<p>EURO 2024&#8217;te forma giymek istedi\u011fini belirten Cenk Tosun \u00e7arp\u0131c\u0131 ifadeler kulland\u0131. Cenk Tosun, bas\u0131n mensuplar\u0131na verdi\u011fi deme\u00e7te \u015fu s\u00f6zleri dile getirdi:<\/p>\n<p>&#8220;Mental ve fiziksel olarak iyi durumda oldu\u011fumu d\u00fc\u015f\u00fcn\u00fcyorum. Haz\u0131r\u0131m. Oynamaya da haz\u0131r\u0131m hem saha i\u00e7inde hem saha d\u0131\u015f\u0131nda. Deneyimli futbolcular aras\u0131nda g\u00f6r\u00fcl\u00fcyorum burada. \u00dczg\u00fcn\u00fcm ama burada bir hoca var ona sayg\u0131 duymak zorunday\u0131z. Ortak bir de\u011fer i\u00e7in buraday\u0131z. Sadece kendimizi de\u011fil buradaki bayra\u011f\u0131 temsil ediyoruz biz. Hocan\u0131n kararlar\u0131na sayg\u0131 duyuyorum. Haz\u0131r\u0131m, oynamak da istiyorum. Mental olarak da fiziksel olarak da haz\u0131r\u0131m.&#8221;<\/p>\n<p><strong>&#8220;HOCANIN D\u00dc\u015e\u00dcNCELER\u0130N\u0130 B\u0130L\u0130YORUM&#8221;<\/strong><\/p>\n<p>&#8220;Hocan\u0131n benim hakk\u0131nda olan d\u00fc\u015f\u00fcncelerini biliyorum. Turnuva ba\u015f\u0131nda da benimle bunlar\u0131 payla\u015ft\u0131. Oynamayan bir futbolcu mutsuz olur sonu\u00e7ta. Hepimiz bu tak\u0131ma bir \u015feyler katmak i\u00e7in buraday\u0131z. Hocayla konu\u015fma f\u0131rsat\u0131m olmad\u0131 ama d\u00fc\u015f\u00fcncelerini biliyorum. Konu\u015fma talebinde de bulunmad\u0131m.&#8221;<\/p>\n<p><strong>&#8220;HOCAYA SAYGISIZLIK ETMEM&#8221;<\/strong><\/p>\n<p>&#8220;Oyuna girmek istiyordum, bekledim. Hem ilk ma\u00e7ta hem ikinci ma\u00e7ta bekledim. Ama burada bir hoca var, bizim patronumuz o. Onun kafas\u0131ndan ne ge\u00e7iyor bilmiyoruz, b\u00f6yle bir karar ald\u0131. Sayg\u0131 duymam\u0131z gerekiyor. Burada \u00e7ok g\u00fczel bir arkada\u015fl\u0131k var. 13 y\u0131ld\u0131r milli tak\u0131ma geliyorum. Eminim ki en g\u00fczel arkada\u015fl\u0131k grubu bu tak\u0131mda var \u015fu anda. Saha i\u00e7inde ve saha d\u0131\u015f\u0131nda iyi anla\u015f\u0131yoruz. O y\u00fczden gurur duyuyoruz. Oynamaya haz\u0131r oldu\u011fumu d\u00fc\u015f\u00fcn\u00fcyorum. Ama hocaya sayg\u0131s\u0131zl\u0131k etmem. Onun karar\u0131 neyse odur.&#8221;<\/p>\n<p><strong>&#8220;B\u0130Z\u0130 DESTEKLEMEYE DEVAM ETS\u0130NLER&#8221;<\/strong><\/p>\n<p>&#8220;\u0130lk iki ma\u00e7ta muazzam bir atmosfer vard\u0131. Herkese te\u015fekk\u00fcr ederim. Bunu korumam\u0131z gerekiyor. Turnuvalar\u0131n da b\u00f6yle birle\u015ftirici g\u00fc\u00e7leri vard\u0131. Bizi desteklemeye devam etsinler. Hepimiz \u00fc\u00e7\u00fcnc\u00fc ma\u00e7a odaklanal\u0131m, birlik olal\u0131m. Her \u015feyi bir kenara b\u0131rakal\u0131m \u00e7\u00fcnk\u00fc grupta pozisyonumuz hala iyi. Gruptan \u00e7\u0131kmak \u00f6nceli\u011fimizdi. K\u00f6t\u00fc bir g\u00fcn ge\u00e7irdik, belki ba\u015fka bir g\u00fcnde biz yenebilirdik Portekiz&#8217;i. Biz \u00c7ekya ma\u00e7\u0131n\u0131n haz\u0131rl\u0131klar\u0131na ba\u015flad\u0131k. O ma\u00e7a neyimiz varsa ortaya koyaca\u011f\u0131z. \u0130n\u015fallah galip geliriz, en k\u00f6t\u00fc 1 puan al\u0131r\u0131z ve in\u015fallah ikinci tura y\u00fckselmek istiyoruz.&#8221;<\/p>\n<p><strong>&#8220;\u015eU ANDA H\u0130\u00c7B\u0130R \u015eEY BELL\u0130 DE\u011e\u0130L&#8221;<\/strong><\/p>\n<p>&#8220;Hoca, futbolun i\u00e7inden geliyor. Ger\u00e7ekten bizim dilimizden anl\u0131yor. Sadece oynatt\u0131\u011f\u0131 ki\u015fileri de\u011fil, herkesi mutlu etmeye \u00e7al\u0131\u015f\u0131yor. \u00dczerine basarak s\u00f6yl\u00fcyorum ama neden oynatmad\u0131\u011f\u0131na dair benimle konu\u015fmad\u0131. D\u00fc\u015f\u00fcncelerini bilmedi\u011fim i\u00e7in taktik gere\u011fi oldu\u011funu d\u00fc\u015f\u00fcn\u00fcyorum. Ma\u00e7a birka\u00e7 saat kala \u00f6\u011freniyoruz kimin oynad\u0131\u011f\u0131n\u0131. \u015eu anda hi\u00e7bir \u015fey belli de\u011fil. Olsa da s\u00f6ylemem \u015fu anda.&#8221;<\/p>\n\n<p><\/p>\n<p>Kaynak :\u00a0<span style=\"background-color: rgb(255, 249, 236); color: rgb(55, 58, 60); font-size: 14px;\">http:\/\/www.milliyet.com.tr\/skorer\/cenk-tosundan-vincenzo-montellaya-sitem-oyuna-girmek-istiyordum-7145555<\/span><\/p>\n","protected":false},"excerpt":{"rendered":"<p>Milli futbolcu Cenk Tosun, Portekiz ma\u00e7\u0131n\u0131n ard\u0131ndan d\u00fczenlenen bas\u0131n toplant\u0131s\u0131nda konu\u015ftu.<\/p>\n","protected":false},"author":1,"featured_media":78214,"comment_status":"open","ping_status":"open","sticky":false,"template":"","format":"standard","meta":{"footnotes":""},"categories":[7],"tags":[1435,1652,4658],"class_list":["post-78213","post","type-post","status-publish","format-standard","has-post-thumbnail","hentry","category-spor","tag-hazir","tag-hoca","tag-saygi"],"_links":{"self":[{"href":"https:\/\/kamucalisani.net\/index.php\/wp-json\/wp\/v2\/posts\/78213","targetHints":{"allow":["GET"]}}],"collection":[{"href":"https:\/\/kamucalisani.net\/index.php\/wp-json\/wp\/v2\/posts"}],"about":[{"href":"https:\/\/kamucalisani.net\/index.php\/wp-json\/wp\/v2\/types\/post"}],"author":[{"embeddable":true,"href":"https:\/\/kamucalisani.net\/index.php\/wp-json\/wp\/v2\/users\/1"}],"replies":[{"embeddable":true,"href":"https:\/\/kamucalisani.net\/index.php\/wp-json\/wp\/v2\/comments?post=78213"}],"version-history":[{"count":1,"href":"https:\/\/kamucalisani.net\/index.php\/wp-json\/wp\/v2\/posts\/78213\/revisions"}],"predecessor-version":[{"id":78215,"href":"https:\/\/kamucalisani.net\/index.php\/wp-json\/wp\/v2\/posts\/78213\/revisions\/78215"}],"wp:featuredmedia":[{"embeddable":true,"href":"https:\/\/kamucalisani.net\/index.php\/wp-json\/wp\/v2\/media\/78214"}],"wp:attachment":[{"href":"https:\/\/kamucalisani.net\/index.php\/wp-json\/wp\/v2\/media?parent=78213"}],"wp:term":[{"taxonomy":"category","embeddable":true,"href":"https:\/\/kamucalisani.net\/index.php\/wp-json\/wp\/v2\/categories?post=78213"},{"taxonomy":"post_tag","embeddable":true,"href":"https:\/\/kamucalisani.net\/index.php\/wp-json\/wp\/v2\/tags?post=78213"}],"curies":[{"name":"wp","href":"https:\/\/api.w.org\/{rel}","templated":true}]}}