{"id":78329,"date":"2024-08-09T15:48:07","date_gmt":"2024-08-09T15:48:07","guid":{"rendered":"https:\/\/kamucalisani.net\/?p=78329"},"modified":"2024-08-09T15:48:07","modified_gmt":"2024-08-09T15:48:07","slug":"fenerbahce-yeni-dinamosunu-italyada-buldu-25-milyon-euroluk-bonservis-beklentisi","status":"publish","type":"post","link":"https:\/\/kamucalisani.net\/index.php\/2024\/08\/09\/fenerbahce-yeni-dinamosunu-italyada-buldu-25-milyon-euroluk-bonservis-beklentisi\/","title":{"rendered":"Fenerbah\u00e7e yeni dinamosunu \u0130talya&#8217;da buldu! 25 milyon euroluk bonservis beklentisi"},"content":{"rendered":"<p><p>Jose Mourinho y\u00f6netimindeki Fenerbah\u00e7e&#8217;de kurmaylar gelecek sezon ad\u0131na transfer \u00e7al\u0131\u015fmalar\u0131n\u0131 h\u0131zland\u0131rd\u0131. Sar\u0131-lacivertlilerin, orta saha aray\u0131\u015f\u0131nda g\u00fcndemini \u0130talya&#8217;da forma giyen y\u0131ld\u0131z futbolcuya \u00e7evirdi\u011fi aktar\u0131ld\u0131.<\/p>\n<p>Fenerbah\u00e7e&#8217;nin transfer etmek istedi\u011fi gen\u00e7 futbolcuya Lazio&#8217;nun da ilgisinin bulundu\u011fu kaydedildi. \u0130talyan bas\u0131n\u0131nda yer alan habere g\u00f6re; Fenerbah\u00e7e&#8217;nin S\u0131rp orta saha Lazar Samardzic ile ilgilendi\u011fi \u00f6ne s\u00fcr\u00fcld\u00fc.<\/p>\n<p>Sar\u0131-lacivertlilerin, 22 ya\u015f\u0131ndaki futbolcunun durumunu yak\u0131ndan takip etti\u011fi belirtildi. Lazar Samardzic i\u00e7in Fenerbah\u00e7e&#8217;nin yan\u0131 s\u0131ra Lazio&#8217;nun da ilgisinin bulundu\u011fu kaydedildi. \u00d6te yandan Juventus&#8217;un da S\u0131rp futbolcuyla ilgilendi\u011fi ifade edildi.<\/p>\n<div>\n<div> <img decoding=\"async\" src=\"https:\/\/kamucalisani.net\/wp-content\/uploads\/2024\/08\/fenerbahce-yeni-dinamosunu-italyada-buldu-25-milyon-euroluk-bonservis-beklentisi-0-BW1lGnHT.jpg\"\/><\/img> <\/div>\n<\/p><\/div>\n<\/p>\n<p>22 ya\u015f\u0131ndaki oyuncunun geride kalan sezonda Inter ve Napoli&#8217;nin g\u00fcndemine geldi\u011fi ancak transferlerin ger\u00e7ekle\u015fmedi\u011fi aktar\u0131ld\u0131. Lazar Samardzic i\u00e7in Udinese&#8217;nin talep etti\u011fi bonservis bedelinin netlik kazand\u0131\u011f\u0131 belirtildi. Udinese&#8217;nin S\u0131rp futbolcu i\u00e7in 25 milyon euro talep etti\u011fi kaydedildi.<\/p>\n<p>Lazar Samardzic, geride kalan sezonda Serie A&#8217;da 34 ma\u00e7a \u00e7\u0131kt\u0131. 22 ya\u015f\u0131ndaki orta saha bu m\u00fcsabakalarda 6 gol att\u0131 ve 2 asist \u00fcretti. S\u0131rp futbolcu, EURO 2024&#8217;te \u015fu ana kadar 1 m\u00fcsabakada s\u00fcre ald\u0131.<\/p>\n<p>Lazar Samardzic&#8217;in Udinese ile olan s\u00f6zle\u015fmesi 30 Haziran 2026&#8217;da sona erecek. S\u0131rp futbolcunun g\u00fcncel piyasa de\u011feri 20 milyon euro. Hertha Berlin altyap\u0131s\u0131nda yeti\u015fen Lazar Samardzic, daha sonra RB Leipzig&#8217;de oynad\u0131. Udinese, 2021-2022 sezonu ba\u015f\u0131nda Lazar Samardzic i\u00e7in 3 milyon euro bonservis bedeli \u00f6dedi.<\/p>\n\n<p><\/p>\n<p>Kaynak :\u00a0<span style=\"background-color: rgb(255, 249, 236); color: rgb(55, 58, 60); font-size: 14px;\">http:\/\/www.milliyet.com.tr\/skorer\/fenerbahce-yeni-dinamosunu-italyada-buldu-25-milyon-euroluk-bonservis-beklentisi-7145533<\/span><\/p>\n","protected":false},"excerpt":{"rendered":"<p>Fenerbah\u00e7e&#8217;nin orta saha aray\u0131\u015flar\u0131nda rotas\u0131n\u0131 \u0130talya&#8217;ya \u00e7evirdi\u011fi \u00f6ne s\u00fcr\u00fcld\u00fc. Sar\u0131-lacivertlilerin g\u00fcndemindeki 22 ya\u015f\u0131ndaki orta saha i\u00e7in 25 milyon euro bonservis bedeli talep edildi\u011fi aktar\u0131ld\u0131.<\/p>\n","protected":false},"author":1,"featured_media":78330,"comment_status":"open","ping_status":"open","sticky":false,"template":"","format":"standard","meta":{"footnotes":""},"categories":[7],"tags":[922,4666,4667],"class_list":["post-78329","post","type-post","status-publish","format-standard","has-post-thumbnail","hentry","category-spor","tag-futbolcu","tag-lazar-samardzic","tag-sirp"],"_links":{"self":[{"href":"https:\/\/kamucalisani.net\/index.php\/wp-json\/wp\/v2\/posts\/78329","targetHints":{"allow":["GET"]}}],"collection":[{"href":"https:\/\/kamucalisani.net\/index.php\/wp-json\/wp\/v2\/posts"}],"about":[{"href":"https:\/\/kamucalisani.net\/index.php\/wp-json\/wp\/v2\/types\/post"}],"author":[{"embeddable":true,"href":"https:\/\/kamucalisani.net\/index.php\/wp-json\/wp\/v2\/users\/1"}],"replies":[{"embeddable":true,"href":"https:\/\/kamucalisani.net\/index.php\/wp-json\/wp\/v2\/comments?post=78329"}],"version-history":[{"count":1,"href":"https:\/\/kamucalisani.net\/index.php\/wp-json\/wp\/v2\/posts\/78329\/revisions"}],"predecessor-version":[{"id":78332,"href":"https:\/\/kamucalisani.net\/index.php\/wp-json\/wp\/v2\/posts\/78329\/revisions\/78332"}],"wp:featuredmedia":[{"embeddable":true,"href":"https:\/\/kamucalisani.net\/index.php\/wp-json\/wp\/v2\/media\/78330"}],"wp:attachment":[{"href":"https:\/\/kamucalisani.net\/index.php\/wp-json\/wp\/v2\/media?parent=78329"}],"wp:term":[{"taxonomy":"category","embeddable":true,"href":"https:\/\/kamucalisani.net\/index.php\/wp-json\/wp\/v2\/categories?post=78329"},{"taxonomy":"post_tag","embeddable":true,"href":"https:\/\/kamucalisani.net\/index.php\/wp-json\/wp\/v2\/tags?post=78329"}],"curies":[{"name":"wp","href":"https:\/\/api.w.org\/{rel}","templated":true}]}}