{"id":78337,"date":"2024-08-09T16:12:06","date_gmt":"2024-08-09T16:12:06","guid":{"rendered":"https:\/\/kamucalisani.net\/?p=78337"},"modified":"2024-08-09T16:12:06","modified_gmt":"2024-08-09T16:12:06","slug":"bakan-yumakli-diyarbakir-ve-mardinde-hasar-tespit-calismalari-tamamlanmistir","status":"publish","type":"post","link":"https:\/\/kamucalisani.net\/index.php\/2024\/08\/09\/bakan-yumakli-diyarbakir-ve-mardinde-hasar-tespit-calismalari-tamamlanmistir\/","title":{"rendered":"Bakan Yumakl\u0131: Diyarbak\u0131r ve Mardin&#8217;de hasar tespit \u00e7al\u0131\u015fmalar\u0131 tamamlanm\u0131\u015ft\u0131r"},"content":{"rendered":"<p><p>Tar\u0131m ve Orman Bakan\u0131 \u0130brahim Yumakl\u0131&#8217;n\u0131n a\u00e7\u0131klamalar\u0131 \u015fu \u015fekilde: Diyarbak\u0131r \u00c7\u0131nar ve Mardin Maz\u0131da\u011f\u0131\u2019n\u0131 etkileyen m\u00fcessif yang\u0131n hadisesi \u00e7\u0131kt\u0131\u011f\u0131 andan itibaren Bakanl\u0131\u011f\u0131m\u0131z\u0131n \u0130l ve \u0130l\u00e7e M\u00fcd\u00fcrl\u00fcklerindeki personelimiz AFAD koordinasyonunda m\u00fcdahale, destek ve tespit \u00e7al\u0131\u015fmalar\u0131 i\u00e7in b\u00f6lgeye sevk edilmi\u015ftir.<\/p>\n<p>\u00c7ift\u00e7ilerimizin kay\u0131p ve hasarlar\u0131na y\u00f6nelik tespit \u00e7al\u0131\u015fmalar\u0131 da tamamlanm\u0131\u015ft\u0131r.<\/p>\n<p>Diyarbak\u0131r\u2019da; \u00c7\u0131nar il\u00e7esinde K\u00f6ksalan Mahallesi, Ba\u011fac\u0131k Mahallesi, Yaz\u00e7i\u00e7e\u011fi Mahallesi ve A\u011fa\u00e7sever Mahallelerinde 7.900 dekar tar\u0131m alan\u0131n\u0131n yand\u0131\u011f\u0131, bunun 6.789 dekar\u0131nda an\u0131z, 1.111 dekar\u0131nda ise hasad\u0131 yap\u0131lmam\u0131\u015f bu\u011fday ekili oldu\u011fu tespit edilmi\u015ftir. Ayr\u0131ca 1 adet trakt\u00f6r ve 14 adet sulama tesisi yanm\u0131\u015ft\u0131r.<\/p>\n<p>K\u00f6ksalan Mahallesinde 924 k\u00fc\u00e7\u00fckba\u015f hayvan telef olurken, tedavi edilemeyecek durumda a\u011f\u0131r yaral\u0131 83 k\u00fc\u00e7\u00fckba\u015f hayvan Et ve S\u00fct Kurumuna kesime g\u00f6nderilmi\u015ftir. ESK bu hayvanlar\u0131 sahiplerinden nakliye primi vererek sat\u0131n alm\u0131\u015ft\u0131r. 190 hayvan ise yerinde tedavi edilmi\u015ftir.<\/p>\n<p>Mardin\u2019de; Maz\u0131da\u011f\u0131 \u0130l\u00e7esinin Yetkinler ve Y\u00fcceba\u011f Mahalleleri ile Kelek Mezras\u0131nda 7.000 dekarl\u0131k tar\u0131m alan\u0131n\u0131n yand\u0131\u011f\u0131 tespit edilmi\u015ftir. Bunun 4.000 dekar\u0131 hasad\u0131 yap\u0131lmam\u0131\u015f bu\u011fday alan\u0131, 3.000 dekar\u0131 an\u0131zdan olu\u015fmaktad\u0131r. Ayr\u0131ca \u00e7ift\u00e7ilerimizin baz\u0131 sulama ekipmanlar\u0131 zayi olmu\u015ftur. Mardin\u2019de ekiplerimize bildirilen veya tespit edilen hayvan kayb\u0131 bulunmamaktad\u0131r.<\/p>\n<p>\u0130l ve il\u00e7e m\u00fcd\u00fcrl\u00fcklerimiz, b\u00fct\u00fcn personeliyle bitkisel ve hayvansal \u00fcretim yapan \u00e7ift\u00e7ilerimize destek olmay\u0131 s\u00fcrd\u00fcrecektir.<\/p>\n<p>Ayr\u0131ca yanan alanlarda biyo\u00e7e\u015fitlili\u011fimizin h\u0131zl\u0131ca eski haline d\u00f6nmesi ve alan\u0131n daha da zengin bir biyo\u00e7e\u015fitlili\u011fe kavu\u015fmas\u0131 i\u00e7in; Do\u011fa Koruma ve Milli Parklar Genel M\u00fcd\u00fcrl\u00fc\u011f\u00fc taraf\u0131ndan alanda hem rehabilitasyon \u00e7al\u0131\u015fmalar\u0131 hem de yaban hayat\u0131n\u0131 iyile\u015ftirici faaliyetler ger\u00e7ekle\u015ftirilecektir.<\/p>\n<p>Devletimiz ilgili b\u00fct\u00fcn kurumlar\u0131yla b\u00f6lgede yaralar\u0131 sarmaya devam edecektir.<\/p>\n<p>Yang\u0131nda hayat\u0131n\u0131 kaybeden vatanda\u015flar\u0131m\u0131za Allah\u2019tan rahmet, yaral\u0131lar\u0131m\u0131za acil \u015fifalar diliyorum. Yang\u0131ndan etkilenen vatanda\u015flar\u0131m\u0131za tekrar ge\u00e7mi\u015f olsun dileklerimi iletiyorum.<\/p>\n\n<p><\/p>\n<p>Kaynak :\u00a0<span style=\"background-color: rgb(255, 249, 236); color: rgb(55, 58, 60); font-size: 14px;\">http:\/\/www.milliyet.com.tr\/gundem\/bakan-yumakli-diyarbakir-ve-mardinde-hasar-tespit-calismalari-tamamlanmistir-7145585<\/span><\/p>\n","protected":false},"excerpt":{"rendered":"<p>Tar\u0131m ve Orman Bakan\u0131 \u0130brahim Yumakl\u0131, sosyal medya hesab\u0131ndan yapt\u0131\u011f\u0131 a\u00e7\u0131klamada Diyarbak\u0131r ve Mardin&#8217;de meydana gelen an\u0131z yang\u0131n\u0131 sonras\u0131 hasar tespit \u00e7al\u0131\u015fmalar\u0131n\u0131n tamamland\u0131\u011f\u0131n\u0131 a\u00e7\u0131klad\u0131.<\/p>\n","protected":false},"author":1,"featured_media":78338,"comment_status":"open","ping_status":"open","sticky":false,"template":"","format":"standard","meta":{"footnotes":""},"categories":[3],"tags":[4668,417,638],"class_list":["post-78337","post","type-post","status-publish","format-standard","has-post-thumbnail","hentry","category-guncel","tag-dekar","tag-hayvan","tag-tespit"],"_links":{"self":[{"href":"https:\/\/kamucalisani.net\/index.php\/wp-json\/wp\/v2\/posts\/78337","targetHints":{"allow":["GET"]}}],"collection":[{"href":"https:\/\/kamucalisani.net\/index.php\/wp-json\/wp\/v2\/posts"}],"about":[{"href":"https:\/\/kamucalisani.net\/index.php\/wp-json\/wp\/v2\/types\/post"}],"author":[{"embeddable":true,"href":"https:\/\/kamucalisani.net\/index.php\/wp-json\/wp\/v2\/users\/1"}],"replies":[{"embeddable":true,"href":"https:\/\/kamucalisani.net\/index.php\/wp-json\/wp\/v2\/comments?post=78337"}],"version-history":[{"count":1,"href":"https:\/\/kamucalisani.net\/index.php\/wp-json\/wp\/v2\/posts\/78337\/revisions"}],"predecessor-version":[{"id":78339,"href":"https:\/\/kamucalisani.net\/index.php\/wp-json\/wp\/v2\/posts\/78337\/revisions\/78339"}],"wp:featuredmedia":[{"embeddable":true,"href":"https:\/\/kamucalisani.net\/index.php\/wp-json\/wp\/v2\/media\/78338"}],"wp:attachment":[{"href":"https:\/\/kamucalisani.net\/index.php\/wp-json\/wp\/v2\/media?parent=78337"}],"wp:term":[{"taxonomy":"category","embeddable":true,"href":"https:\/\/kamucalisani.net\/index.php\/wp-json\/wp\/v2\/categories?post=78337"},{"taxonomy":"post_tag","embeddable":true,"href":"https:\/\/kamucalisani.net\/index.php\/wp-json\/wp\/v2\/tags?post=78337"}],"curies":[{"name":"wp","href":"https:\/\/api.w.org\/{rel}","templated":true}]}}