{"id":78474,"date":"2024-08-09T23:00:05","date_gmt":"2024-08-09T23:00:05","guid":{"rendered":"https:\/\/kamucalisani.net\/?p=78474"},"modified":"2024-08-09T23:00:05","modified_gmt":"2024-08-09T23:00:05","slug":"intelin-coken-islemcileri-icin-bios-guncellemeleri-yayinlandi","status":"publish","type":"post","link":"https:\/\/kamucalisani.net\/index.php\/2024\/08\/09\/intelin-coken-islemcileri-icin-bios-guncellemeleri-yayinlandi\/","title":{"rendered":"Intel\u2019in \u00e7\u00f6ken i\u015flemcileri i\u00e7in BIOS g\u00fcncellemeleri yay\u0131nland\u0131"},"content":{"rendered":"<p><figure> <span> <img decoding=\"async\" src=\"https:\/\/kamucalisani.net\/wp-content\/uploads\/2024\/08\/intelin-coken-islemcileri-icin-bios-guncellemeleri-yayinlandi-0-DOfq8Fvg.jpg\"\/> <\/span> Intel, 13. ve 14. nesil Core i\u015flemcilerini etkileyen sorun i\u00e7in bir mikrokod g\u00fcncellemesi yay\u0131nlayaca\u011f\u0131n\u0131 a\u00e7\u0131klam\u0131\u015ft\u0131. \u015eimdi ise <strong>Asus <\/strong>ve <strong>MSI<\/strong>, 13. Nesil Raptor Lake ve 14. Nesil Raptor Lake Refresh masa\u00fcst\u00fc i\u015flemcilerinde bu sorunu ele alan <strong>beta BIOS<\/strong> g\u00fcncellemelerini yay\u0131nlamaya ba\u015flad\u0131. <\/figure>\n<p>Yaz\u0131l\u0131m g\u00fcncellemeleri Intel&#8217;in 13. ve 14. nesil Core i\u015flemcilerini etkileyen CPU hatas\u0131n\u0131 ele al\u0131yor, ancak MSI&#8217;\u0131n da belirtti\u011fi gibi, bu g\u00fcncellemeler sorunu tamamen \u00e7\u00f6zmekten ziyade <strong>karars\u0131zl\u0131\u011f\u0131 hafifletmeyi\u00a0<\/strong>ama\u00e7l\u0131yor. Bununla birlikte bu BIOS g\u00fcncellemesi halihaz\u0131rda sorun nedeniyle<strong> zarar g\u00f6rm\u00fc\u015f i\u015flemcileri d\u00fczeltmeyecek<\/strong>, e\u011fer i\u015flemciniz hasarl\u0131ysa Intel ile ileti\u015fime ge\u00e7erek de\u011fi\u015fim istemeniz gerekmekte.<\/p>\n<p><b>Asus ve MSI yamalar\u0131 yay\u0131nlamaya ba\u015flad\u0131<\/b><\/p>\n<p>Yay\u0131nlanan bu yama istendi\u011fi gibi \u00e7al\u0131\u015f\u0131rsa bu Intel i\u00e7in olduk\u00e7a iyi olacak. Ancak \u00e7al\u0131\u015fmaz ve i\u015flemcilerdeki karars\u0131zl\u0131k sorunu hafiflemezse firman\u0131n \u00f6n\u00fcm\u00fczdeki g\u00fcnlerde ba\u015f\u0131n\u0131n \u00e7ok a\u011fr\u0131yaca\u011f\u0131n\u0131 \u015fimdiden s\u00f6yleyebiliriz. Bununla birlikte MSI ve Asus\u2019un yay\u0131nlad\u0131\u011f\u0131 BIOS\u2019lar\u0131n \u201cbeta\u201d oldu\u011funun alt\u0131n\u0131 \u00e7izmemiz gerekiyor. Beta BIOS\u2019lar\u0131n da karars\u0131zl\u0131klara neden olabildi\u011fini daha \u00f6nce g\u00f6rd\u00fck ancak bunlar\u0131n &#8220;y\u00fcksek \u00e7al\u0131\u015fma voltajlar\u0131&#8221; sorununu ele ald\u0131\u011f\u0131n\u0131 d\u00fc\u015f\u00fcn\u00fcrsek yamay\u0131 k\u0131sa s\u00fcre i\u00e7inde y\u00fcklemeniz en do\u011fru se\u00e7enek olabilir.<\/p>\n<p><strong>Asus, 20 adet Z790<\/strong> serisi anakart\u0131 i\u00e7in ilgili g\u00fcncellemeyi forumunda payla\u015ft\u0131, yak\u0131nda do\u011frudan \u00fcr\u00fcnlerin destek sayfas\u0131na da ekleneceklerdir. Asus\u2019\u0131n BIOS g\u00fcncellemelerine <strong>buradan<\/strong> ula\u015fabilirsiniz. Bununla birlikte <strong>MSI <\/strong>ise \u015fimdilik<strong> birka\u00e7 \u00fcst seviye Z790<\/strong> anakart\u0131 i\u00e7in bu g\u00fcncellemeyi yay\u0131nlad\u0131. MSI\u2019\u0131n BIOS g\u00fcncellemelerine <strong>buradan<\/strong> ula\u015fabilirsiniz.<\/p>\n<p>MSI, yapt\u0131\u011f\u0131 a\u00e7\u0131klamada Intel 700 ve 600 serisi anakartlar\u0131n tamam\u0131 i\u00e7in \u00f6n\u00fcm\u00fczdeki haftalarda ilgili BIOS g\u00fcncellemelerini yay\u0131nlayaca\u011f\u0131n\u0131 da s\u00f6yl\u00fcyor. Asus b\u00f6yle bir a\u00e7\u0131klama yapmasa da muhtemelen onlar da t\u00fcm anakartlara destek sa\u011flayacakt\u0131r. \u015eimdilik Gigabyte, Asrock ve di\u011ferleri BIOS g\u00fcncellemelerini yay\u0131nlamam\u0131\u015f durumda.<\/p>\n\n<p>Kaynak\u00a0 :\u00a0<span style=\"background-color: rgb(255, 249, 236); color: rgb(55, 58, 60); font-size: 14px;\">https:\/\/www.donanimhaber.com\/intel-in-coken-islemcileri-icin-bios-guncellemeleri-yayinlandi&#8211;180500<\/span><\/p>\n","protected":false},"excerpt":{"rendered":"<p>Intel, 13. ve 14. nesil Core i\u015flemcilerini etkileyen sorun i\u00e7in bir mikrokod g\u00fcncellemesi yay\u0131nlayaca\u011f\u0131n\u0131 a\u00e7\u0131klam\u0131\u015ft\u0131. \u015eimdi ise Asus ve MSI, 13. Nesil Raptor Lake ve 14. Nesil Raptor Lake Refresh masa\u00fcst\u00fc i\u015flemcilerinde bu sorunu ele alan beta &#8230;<\/p>\n","protected":false},"author":1,"featured_media":78475,"comment_status":"open","ping_status":"open","sticky":false,"template":"","format":"standard","meta":{"footnotes":""},"categories":[8],"tags":[1119,4676,4677,891,492],"class_list":["post-78474","post","type-post","status-publish","format-standard","has-post-thumbnail","hentry","category-teknoloji","tag-asus","tag-bios","tag-guncellemeleri","tag-msi","tag-sorun"],"_links":{"self":[{"href":"https:\/\/kamucalisani.net\/index.php\/wp-json\/wp\/v2\/posts\/78474","targetHints":{"allow":["GET"]}}],"collection":[{"href":"https:\/\/kamucalisani.net\/index.php\/wp-json\/wp\/v2\/posts"}],"about":[{"href":"https:\/\/kamucalisani.net\/index.php\/wp-json\/wp\/v2\/types\/post"}],"author":[{"embeddable":true,"href":"https:\/\/kamucalisani.net\/index.php\/wp-json\/wp\/v2\/users\/1"}],"replies":[{"embeddable":true,"href":"https:\/\/kamucalisani.net\/index.php\/wp-json\/wp\/v2\/comments?post=78474"}],"version-history":[{"count":1,"href":"https:\/\/kamucalisani.net\/index.php\/wp-json\/wp\/v2\/posts\/78474\/revisions"}],"predecessor-version":[{"id":78477,"href":"https:\/\/kamucalisani.net\/index.php\/wp-json\/wp\/v2\/posts\/78474\/revisions\/78477"}],"wp:featuredmedia":[{"embeddable":true,"href":"https:\/\/kamucalisani.net\/index.php\/wp-json\/wp\/v2\/media\/78475"}],"wp:attachment":[{"href":"https:\/\/kamucalisani.net\/index.php\/wp-json\/wp\/v2\/media?parent=78474"}],"wp:term":[{"taxonomy":"category","embeddable":true,"href":"https:\/\/kamucalisani.net\/index.php\/wp-json\/wp\/v2\/categories?post=78474"},{"taxonomy":"post_tag","embeddable":true,"href":"https:\/\/kamucalisani.net\/index.php\/wp-json\/wp\/v2\/tags?post=78474"}],"curies":[{"name":"wp","href":"https:\/\/api.w.org\/{rel}","templated":true}]}}