{"id":78823,"date":"2024-08-10T15:24:08","date_gmt":"2024-08-10T15:24:08","guid":{"rendered":"https:\/\/kamucalisani.net\/?p=78823"},"modified":"2024-08-10T15:24:08","modified_gmt":"2024-08-10T15:24:08","slug":"marmarayda-kadinlar-birbirlerine-saldirdi","status":"publish","type":"post","link":"https:\/\/kamucalisani.net\/index.php\/2024\/08\/10\/marmarayda-kadinlar-birbirlerine-saldirdi\/","title":{"rendered":"Marmaray&#8217;da kad\u0131nlar birbirlerine sald\u0131rd\u0131"},"content":{"rendered":"<p><p>Olay, d\u00fcn ak\u015fam saatlerinde Maltepe&#8217;de Marmaray&#8217;da ya\u015fand\u0131. \u0130ddiaya g\u00f6re, Marmaray&#8217;da yolculuk yapan iki kad\u0131n aras\u0131nda bilinmeyen bir nedenle tart\u0131\u015fma \u00e7\u0131kt\u0131. \u0130kili aras\u0131ndaki tart\u0131\u015fma bir anda b\u00fcy\u00fcyerek kavgaya d\u00f6n\u00fc\u015ft\u00fc. K\u00fcf\u00fcrlerin havada u\u00e7u\u015ftu\u011fu kavgada kad\u0131nlar birbirlerine sald\u0131rmaya \u00e7al\u0131\u015ft\u0131. Di\u011fer yolcular duruma m\u00fcdahale etti.<\/p>\n<p><strong>MARMARAY&#8217;DAN \u0130ND\u0130<\/strong><\/p>\n<p>Kavga eden kad\u0131nlardan birinin Marmaray&#8217;dan inmesiyle kavga sonland\u0131. \u0130kili aras\u0131ndaki kavga ba\u015fka bir yolcunun cep telefonu kameras\u0131na yans\u0131d\u0131. G\u00f6r\u00fcnt\u00fclerde kad\u0131nlardan birbirine sald\u0131rmaya \u00e7al\u0131\u015ft\u0131\u011f\u0131, k\u00fcf\u00fcr ettikleri, kad\u0131nlardan birinin yan\u0131nda bulunan \u00e7ocu\u011fun korkarak a\u011flad\u0131\u011f\u0131 yer al\u0131yor. <\/p>\n<div>\n<div> <img decoding=\"async\" src=\"https:\/\/kamucalisani.net\/wp-content\/uploads\/2024\/08\/marmarayda-kadinlar-birbirlerine-saldirdi-0-dXyf1mTY.jpg\"\/><\/img> <\/div>\n<\/p><\/div>\n<p> <\/p>\n<div>\n<div> <img decoding=\"async\" src=\"https:\/\/kamucalisani.net\/wp-content\/uploads\/2024\/08\/marmarayda-kadinlar-birbirlerine-saldirdi-1-BqjfdxLK.jpg\"\/><\/img> <\/div>\n<\/p><\/div>\n<\/p>\n<p><\/p>\n<p>Kaynak :\u00a0<span style=\"background-color: rgb(255, 249, 236); color: rgb(55, 58, 60); font-size: 14px;\">http:\/\/www.milliyet.com.tr\/gundem\/marmarayda-kadinlar-birbirlerine-saldirdi-7145770<\/span><\/p>\n","protected":false},"excerpt":{"rendered":"<p>Maltepe&#8217;de Marmaray&#8217;da yolculuk yapan iki kad\u0131n kavga etti. Birbirlerine sald\u0131rmaya \u00e7al\u0131\u015fan kad\u0131nlar \u00e7evredekilerin m\u00fcdahalesiyle ayr\u0131ld\u0131.<\/p>\n","protected":false},"author":1,"featured_media":78824,"comment_status":"open","ping_status":"open","sticky":false,"template":"","format":"standard","meta":{"footnotes":""},"categories":[3],"tags":[308,1724],"class_list":["post-78823","post","type-post","status-publish","format-standard","has-post-thumbnail","hentry","category-guncel","tag-kadin","tag-kavga"],"_links":{"self":[{"href":"https:\/\/kamucalisani.net\/index.php\/wp-json\/wp\/v2\/posts\/78823","targetHints":{"allow":["GET"]}}],"collection":[{"href":"https:\/\/kamucalisani.net\/index.php\/wp-json\/wp\/v2\/posts"}],"about":[{"href":"https:\/\/kamucalisani.net\/index.php\/wp-json\/wp\/v2\/types\/post"}],"author":[{"embeddable":true,"href":"https:\/\/kamucalisani.net\/index.php\/wp-json\/wp\/v2\/users\/1"}],"replies":[{"embeddable":true,"href":"https:\/\/kamucalisani.net\/index.php\/wp-json\/wp\/v2\/comments?post=78823"}],"version-history":[{"count":1,"href":"https:\/\/kamucalisani.net\/index.php\/wp-json\/wp\/v2\/posts\/78823\/revisions"}],"predecessor-version":[{"id":78827,"href":"https:\/\/kamucalisani.net\/index.php\/wp-json\/wp\/v2\/posts\/78823\/revisions\/78827"}],"wp:featuredmedia":[{"embeddable":true,"href":"https:\/\/kamucalisani.net\/index.php\/wp-json\/wp\/v2\/media\/78824"}],"wp:attachment":[{"href":"https:\/\/kamucalisani.net\/index.php\/wp-json\/wp\/v2\/media?parent=78823"}],"wp:term":[{"taxonomy":"category","embeddable":true,"href":"https:\/\/kamucalisani.net\/index.php\/wp-json\/wp\/v2\/categories?post=78823"},{"taxonomy":"post_tag","embeddable":true,"href":"https:\/\/kamucalisani.net\/index.php\/wp-json\/wp\/v2\/tags?post=78823"}],"curies":[{"name":"wp","href":"https:\/\/api.w.org\/{rel}","templated":true}]}}