{"id":78858,"date":"2024-08-10T16:12:08","date_gmt":"2024-08-10T16:12:08","guid":{"rendered":"https:\/\/kamucalisani.net\/?p=78858"},"modified":"2024-08-10T16:12:08","modified_gmt":"2024-08-10T16:12:08","slug":"mourinhodan-fenerbahce-paylasimi-sabirsizlaniyorum","status":"publish","type":"post","link":"https:\/\/kamucalisani.net\/index.php\/2024\/08\/10\/mourinhodan-fenerbahce-paylasimi-sabirsizlaniyorum\/","title":{"rendered":"Mourinho&#8217;dan Fenerbah\u00e7e payla\u015f\u0131m\u0131: Sab\u0131rs\u0131zlan\u0131yorum"},"content":{"rendered":"<p><p>Fenerbah\u00e7e&#8217;de Topuk Yaylas\u0131&#8217;ndaki kamp bug\u00fcn (pazartesi) ba\u015flayacak.<\/p>\n<p>Sar\u0131-lacivertlilerde teknik direkt\u00f6r Jose Mourinho&#8217;dan kamp \u00f6ncesi bir payla\u015f\u0131m geldi. Tak\u0131m otob\u00fcs\u00fcnden bir foto\u011fraf\u0131n\u0131 payla\u015fan Jose Mourinho, &#8220;<strong>Kampa gidiyorum, sahada olmak i\u00e7in sab\u0131rs\u0131zlan\u0131yorum.<\/strong>&#8221; ifadelerini kulland\u0131.<\/p>\n<p>Mourinho&#8217;nun bu payla\u015f\u0131m\u0131 \u00e7ok say\u0131da be\u011feni ve yorum ald\u0131.<\/p>\n<div>\n<div> <img decoding=\"async\" src=\"https:\/\/kamucalisani.net\/wp-content\/uploads\/2024\/08\/mourinhodan-fenerbahce-paylasimi-sabirsizlaniyorum-0-D5Mt69Hp.jpg\"\/><\/img> <\/div>\n<\/p><\/div>\n<\/p>\n<p><\/p>\n<p>Kaynak :\u00a0<span style=\"background-color: rgb(255, 249, 236); color: rgb(55, 58, 60); font-size: 14px;\">http:\/\/www.milliyet.com.tr\/skorer\/mourinhodan-fenerbahce-paylasimi-sabirsizlaniyorum-7145791<\/span><\/p>\n","protected":false},"excerpt":{"rendered":"<p>Fenerbah\u00e7e Teknik Direkt\u00f6r\u00fc Jose Mourinho, &#8220;Kampa gidiyorum, sahada olmak i\u00e7in sab\u0131rs\u0131zlan\u0131yorum.&#8221; \u015feklind bir payla\u015f\u0131m yapt\u0131.<\/p>\n","protected":false},"author":1,"featured_media":78859,"comment_status":"open","ping_status":"open","sticky":false,"template":"","format":"standard","meta":{"footnotes":""},"categories":[7],"tags":[],"class_list":["post-78858","post","type-post","status-publish","format-standard","has-post-thumbnail","hentry","category-spor"],"_links":{"self":[{"href":"https:\/\/kamucalisani.net\/index.php\/wp-json\/wp\/v2\/posts\/78858","targetHints":{"allow":["GET"]}}],"collection":[{"href":"https:\/\/kamucalisani.net\/index.php\/wp-json\/wp\/v2\/posts"}],"about":[{"href":"https:\/\/kamucalisani.net\/index.php\/wp-json\/wp\/v2\/types\/post"}],"author":[{"embeddable":true,"href":"https:\/\/kamucalisani.net\/index.php\/wp-json\/wp\/v2\/users\/1"}],"replies":[{"embeddable":true,"href":"https:\/\/kamucalisani.net\/index.php\/wp-json\/wp\/v2\/comments?post=78858"}],"version-history":[{"count":1,"href":"https:\/\/kamucalisani.net\/index.php\/wp-json\/wp\/v2\/posts\/78858\/revisions"}],"predecessor-version":[{"id":78861,"href":"https:\/\/kamucalisani.net\/index.php\/wp-json\/wp\/v2\/posts\/78858\/revisions\/78861"}],"wp:featuredmedia":[{"embeddable":true,"href":"https:\/\/kamucalisani.net\/index.php\/wp-json\/wp\/v2\/media\/78859"}],"wp:attachment":[{"href":"https:\/\/kamucalisani.net\/index.php\/wp-json\/wp\/v2\/media?parent=78858"}],"wp:term":[{"taxonomy":"category","embeddable":true,"href":"https:\/\/kamucalisani.net\/index.php\/wp-json\/wp\/v2\/categories?post=78858"},{"taxonomy":"post_tag","embeddable":true,"href":"https:\/\/kamucalisani.net\/index.php\/wp-json\/wp\/v2\/tags?post=78858"}],"curies":[{"name":"wp","href":"https:\/\/api.w.org\/{rel}","templated":true}]}}