{"id":79114,"date":"2024-08-11T04:12:08","date_gmt":"2024-08-11T04:12:08","guid":{"rendered":"https:\/\/kamucalisani.net\/?p=79114"},"modified":"2024-08-11T04:12:08","modified_gmt":"2024-08-11T04:12:08","slug":"ve-korkutan-aciklama-geldi-artik-fayin-varligini-ortaya-koyduk","status":"publish","type":"post","link":"https:\/\/kamucalisani.net\/index.php\/2024\/08\/11\/ve-korkutan-aciklama-geldi-artik-fayin-varligini-ortaya-koyduk\/","title":{"rendered":"Ve korkutan a\u00e7\u0131klama geldi: Art\u0131k fay\u0131n varl\u0131\u011f\u0131n\u0131 ortaya koyduk"},"content":{"rendered":"<p><p>6 \u015eubat 2023\u2019teki Kahramanmara\u015f merkezli depremlerin ard\u0131ndan Deprem Master Plan\u0131 \u00c7al\u0131\u015fmalar\u0131&#8217;na devam eden Kayseri B\u00fcy\u00fck\u015fehir Belediyesi, 200 milyon metrekare alanda mikro b\u00f6lgeleme \u00e7al\u0131\u015fmalar\u0131n\u0131 s\u00fcrd\u00fcr\u00fcrken, kentte devam eden projelere destek veriyor. Bu kapsamda B\u00fcy\u00fck\u015fehir Belediyesi Afet \u0130\u015fleri Daire Ba\u015fkanl\u0131\u011f\u0131, Sar\u0131o\u011flan Tat\u0131l\u0131 Hende\u011fi&#8217;nde AFAD, MTA ve TBB i\u015f birli\u011finde T\u00dcB\u0130TAK Projesi&#8217;ne lojistik destek sa\u011flad\u0131.<\/p>\n<div>\n<div> <img decoding=\"async\" src=\"https:\/\/kamucalisani.net\/wp-content\/uploads\/2024\/08\/ve-korkutan-aciklama-geldi-artik-fayin-varligini-ortaya-koyduk-0-uBAjhnIE.jpg\"\/><\/img> <\/div>\n<\/p><\/div>\n<\/p>\n<p>B\u00f6lgede \u00e7al\u0131\u015fmalar yapan AFAD Deprem Dan\u0131\u015fma Kurulu \u00dcyesi Sivas Cumhuriyet \u00dcniversitesi Jeoloji M\u00fchendisli\u011fi \u00d6\u011fretim \u00dcyesi Prof. Dr. Fikret Ko\u00e7bulut, &#8220;Bir haftad\u0131r \u00e7al\u0131\u015fmam\u0131z devam ediyor. Bu \u00e7al\u0131\u015fma, T\u00dcB\u0130TAK taraf\u0131ndan desteklenen T\u00fcrkiye&#8217;nin diri faylar\u0131n\u0131n paleosismolojisi ba\u015fl\u0131kl\u0131 bir \u00e7al\u0131\u015fmad\u0131r. Bu \u00e7al\u0131\u015fmay\u0131 AFAD, MTA, Belediyeler Birli\u011fi ve T\u00dcB\u0130TAK destekliyor, 14 projeden olu\u015fan b\u00fcy\u00fck bir proje. Biz bu 14 projeden birisiyiz. 11 numaral\u0131 proje biziz. Sivas&#8217;tan ba\u015flay\u0131p, Tecer, Alt\u0131nyayla, Gemerek, Sar\u0131o\u011flan, B\u00fcnyan ve Kayseri&#8217;ye kadar uzanan Deliler Fay\u0131&#8217;n\u0131 \u00e7al\u0131\u015faca\u011f\u0131z. Bu fay\u0131n paleosismolojik \u00f6zelliklerini ortaya koymak maksad\u0131yla bu i\u015fi yap\u0131yoruz. \u00d6ncelikle bu fay boyunca 1\/25000 harita yap\u0131yoruz, tektonik haritay\u0131 ortaya \u00e7\u0131kar\u0131yoruz. Daha sonra bu harita \u00fczerinde dron ile u\u00e7u\u015flar ger\u00e7ekle\u015ftirip, daha detayl\u0131 haritalar \u00fcretiyoruz. Bunlar \u00fczerinde a\u00e7aca\u011f\u0131m\u0131z hendek yerini belirledikten sonra buralarda faya dik y\u00f6nde radar ve jeofizik y\u00f6ntemiyle fay\u0131n burada olup, olmad\u0131\u011f\u0131n\u0131 tespit etmeye \u00e7al\u0131\u015f\u0131yoruz. Bunlar\u0131 belirleyip, olumlu sonu\u00e7lar ald\u0131ktan sonra kaz\u0131ya karar veriyoruz&#8221; dedi.<\/p>\n<div>\n<div> <img decoding=\"async\" src=\"https:\/\/kamucalisani.net\/wp-content\/uploads\/2024\/08\/ve-korkutan-aciklama-geldi-artik-fayin-varligini-ortaya-koyduk-1-6JuAIvj3.jpg\"\/><\/img> <\/div>\n<\/p><\/div>\n<\/p>\n<p><strong>&#8216;TERS B\u0130LE\u015eENL\u0130 B\u0130R FAY&#8217;<\/strong><\/p>\n<p>Kayseri&#8217;nin mikro b\u00f6lgelemesinin de devam etti\u011finin alt\u0131n\u0131 \u00e7izen Ko\u00e7bulut, &#8220;Di\u011fer \u00e7al\u0131\u015fmam\u0131z da Kayseri&#8217;nin g\u00fcney taraf\u0131 olan Ecemi\u015f Fay\u0131&#8217;n\u0131 ilgilendiriyor. Onun da sonu\u00e7lar\u0131n\u0131 belediyemiz ile yapaca\u011f\u0131z. Ayr\u0131ca Kayseri&#8217;nin mikro b\u00f6lgelemesi de yap\u0131l\u0131yor. Oradaki aktif faylar da yerle\u015fime uygunluk a\u00e7\u0131s\u0131ndan de\u011ferlendirilecek. Yapt\u0131\u011f\u0131m\u0131z kaz\u0131 \u00e7al\u0131\u015fmalar\u0131 neticesinde art\u0131k fay\u0131n varl\u0131\u011f\u0131n\u0131 ortaya koyduk. Sa\u011f tarafta bozu\u015fmu\u015f malzemeyi g\u00f6r\u00fcyoruz, sol tarafta ise karasal birimleri g\u00f6r\u00fcyoruz. Jeolojik anlamda bunlar\u0131n b\u00f6yle kar\u015f\u0131 kar\u015f\u0131ya gelmesi sadece fay ile olur. Deliler Fay\u0131&#8217;n\u0131n Sar\u0131o\u011flan segmentinin \u015fu andaki verilere g\u00f6re, ters bile\u015fenli bir fay oldu\u011funu s\u00f6yleyebiliriz. Daha sonra buran\u0131n bir kesiti \u00e7izilecek, \u00f6rnekleme yap\u0131lacak, bu sonu\u00e7 \u00e7\u0131kt\u0131\u011f\u0131nda bu fay\u0131n kayma h\u0131z\u0131, deprem \u00fcretme aral\u0131\u011f\u0131 ortaya \u00e7\u0131kacak, bundan sonra yorum yapabilece\u011fiz&#8221; diye konu\u015ftu.<\/p>\n<div>\n<div> <img decoding=\"async\" src=\"https:\/\/kamucalisani.net\/wp-content\/uploads\/2024\/08\/ve-korkutan-aciklama-geldi-artik-fayin-varligini-ortaya-koyduk-2-S3ALL1lq.jpg\"\/><\/img> <\/div>\n<\/p><\/div>\n<\/p>\n<p><strong>&#8216;YER\u0130N B\u0130R NEV\u0130 MR&#8217;INI \u00c7EKM\u0130\u015e BULUNDUK&#8217;<\/strong><\/p>\n<p>B\u00fcy\u00fck\u015fehir Belediyesi Afet \u0130\u015fleri Daire Ba\u015fkan\u0131 Gonca Ar\u0131n ise &#8220;Kayseri&#8217;nin depremselli\u011fi ile alakal\u0131 olarak \u00e7al\u0131\u015fmalar\u0131ndan dolay\u0131 Fikret hocam ve ekibine te\u015fekk\u00fcr ediyoruz. B\u00fcy\u00fck\u015fehir Belediyesi olarak Sar\u0131o\u011flan Belediyemize de desteklerinden dolay\u0131 te\u015fekk\u00fcr ediyorum&#8221; dedi.<\/p>\n<div>\n<div> <img decoding=\"async\" src=\"https:\/\/kamucalisani.net\/wp-content\/uploads\/2024\/08\/ve-korkutan-aciklama-geldi-artik-fayin-varligini-ortaya-koyduk-3-UWsXGxjy.jpg\"\/><\/img> <\/div>\n<\/p><\/div>\n<\/p>\n<p>Sivas Cumhuriyet \u00dcniversitesi Jeofizik M\u00fchendisli\u011fi b\u00f6l\u00fcm\u00fc \u00d6\u011fretim \u00dcyesi Dr. Sinan Ko\u00e7ero\u011flu da yer radar\u0131 hakk\u0131nda bilgiler vererek, &#8220;T\u00fcrkiye&#8217;nin diri fay haritas\u0131n\u0131n belirlenmesinde Deliler segmenti \u00fczerinde \u00e7al\u0131\u015fmalar\u0131m\u0131z\u0131 yap\u0131yoruz. Yapt\u0131\u011f\u0131m\u0131z bu \u00e7al\u0131\u015fmalarda yer radar\u0131 ve profesyonel dron uygulamas\u0131 yapt\u0131k. Yer radar\u0131 uygulamas\u0131nda yere \u00e7ok g\u00fc\u00e7l\u00fc frekanslarda elektromanyetik dalgalar\u0131 g\u00f6ndererek, yerin bir nevi MR&#8217;\u0131n\u0131 \u00e7ekmi\u015f bulunduk. Yer radar\u0131 y\u00f6ntemi jeofizik y\u00f6ntemi olarak kar\u015f\u0131m\u0131za \u00e7\u0131kar&#8221; diye konu\u015ftu.\u00a0<\/p>\n<div>\n<div> <img decoding=\"async\" src=\"https:\/\/kamucalisani.net\/wp-content\/uploads\/2024\/08\/ve-korkutan-aciklama-geldi-artik-fayin-varligini-ortaya-koyduk-4-HF3EZr3s.jpg\"\/><\/img> <\/div>\n<\/p><\/div>\n<\/p>\n<p><\/p>\n<p>Kaynak :\u00a0<span style=\"background-color: rgb(255, 249, 236); color: rgb(55, 58, 60); font-size: 14px;\">http:\/\/www.milliyet.com.tr\/gundem\/ve-korkutan-aciklama-geldi-artik-fayin-varligini-ortaya-koyduk-7145911<\/span><\/p>\n","protected":false},"excerpt":{"rendered":"<p>Kayseri&#8217;nin Sar\u0131o\u011flan il\u00e7esi Tat\u0131l\u0131 mevkisinde Afet ve Acil Durum Y\u00f6netimi Ba\u015fkanl\u0131\u011f\u0131 (AFAD), Maden Tetkik ve Arama Genel M\u00fcd\u00fcrl\u00fc\u011f\u00fc (MTA) ve T\u00fcrkiye Belediyeler Birli\u011fi (TBB) i\u015f birli\u011finde ger\u00e7ekle\u015ftirilen T\u00fcrkiye&#8217;nin diri faylar\u0131n\u0131n paleosismolojisi \u00e7al\u0131\u015fmas\u0131nda b\u00f6lgede yer radar\u0131 ve dron ile kapsaml\u0131 jeofizik \u00e7al\u0131\u015fmas\u0131 yapan ekip, kaz\u0131 \u00e7al\u0131\u015fmalar\u0131 neticesinde b\u00f6lgede fay\u0131n varl\u0131\u011f\u0131n\u0131 ortaya koydu.<\/p>\n","protected":false},"author":1,"featured_media":79115,"comment_status":"open","ping_status":"open","sticky":false,"template":"","format":"standard","meta":{"footnotes":""},"categories":[3],"tags":[3794,2413,1175,760,2314],"class_list":["post-79114","post","type-post","status-publish","format-standard","has-post-thumbnail","hentry","category-guncel","tag-calismalar","tag-fay","tag-kayseri","tag-proje","tag-radar"],"_links":{"self":[{"href":"https:\/\/kamucalisani.net\/index.php\/wp-json\/wp\/v2\/posts\/79114","targetHints":{"allow":["GET"]}}],"collection":[{"href":"https:\/\/kamucalisani.net\/index.php\/wp-json\/wp\/v2\/posts"}],"about":[{"href":"https:\/\/kamucalisani.net\/index.php\/wp-json\/wp\/v2\/types\/post"}],"author":[{"embeddable":true,"href":"https:\/\/kamucalisani.net\/index.php\/wp-json\/wp\/v2\/users\/1"}],"replies":[{"embeddable":true,"href":"https:\/\/kamucalisani.net\/index.php\/wp-json\/wp\/v2\/comments?post=79114"}],"version-history":[{"count":1,"href":"https:\/\/kamucalisani.net\/index.php\/wp-json\/wp\/v2\/posts\/79114\/revisions"}],"predecessor-version":[{"id":79121,"href":"https:\/\/kamucalisani.net\/index.php\/wp-json\/wp\/v2\/posts\/79114\/revisions\/79121"}],"wp:featuredmedia":[{"embeddable":true,"href":"https:\/\/kamucalisani.net\/index.php\/wp-json\/wp\/v2\/media\/79115"}],"wp:attachment":[{"href":"https:\/\/kamucalisani.net\/index.php\/wp-json\/wp\/v2\/media?parent=79114"}],"wp:term":[{"taxonomy":"category","embeddable":true,"href":"https:\/\/kamucalisani.net\/index.php\/wp-json\/wp\/v2\/categories?post=79114"},{"taxonomy":"post_tag","embeddable":true,"href":"https:\/\/kamucalisani.net\/index.php\/wp-json\/wp\/v2\/tags?post=79114"}],"curies":[{"name":"wp","href":"https:\/\/api.w.org\/{rel}","templated":true}]}}