{"id":79199,"date":"2024-08-11T08:12:06","date_gmt":"2024-08-11T08:12:06","guid":{"rendered":"https:\/\/kamucalisani.net\/?p=79199"},"modified":"2024-08-11T08:12:06","modified_gmt":"2024-08-11T08:12:06","slug":"milli-takimda-sok-sakatlik-kamptan-ayrildi","status":"publish","type":"post","link":"https:\/\/kamucalisani.net\/index.php\/2024\/08\/11\/milli-takimda-sok-sakatlik-kamptan-ayrildi\/","title":{"rendered":"Milli Tak\u0131m&#8217;da \u015fok sakatl\u0131k! Kamptan ayr\u0131ld\u0131"},"content":{"rendered":"<p><p>EURO 2024&#8217;te m\u00fccadele eden Milli Tak\u0131m&#8217;a k\u00f6t\u00fc haber geldi. Antrenmanda sakatlanan Do\u011fan Alemdar kadrodan \u00e7\u0131kar\u0131ld\u0131.<\/p>\n<p><strong>ANTRENMANDA SAKATLANDI<\/strong><\/p>\n<p>T\u00fcrkiye Futbol Federasyonu&#8217;ndan yap\u0131lan a\u00e7\u0131klamaya g\u00f6re d\u00fcn ger\u00e7ekle\u015ftirilen antrenmanda dizinde travma meydana gelen 21 ya\u015f\u0131ndaki kalecinin muayene ve tetkikleri tamamland\u0131.<\/p>\n<p><strong>KAMPTAN AYRILDI<\/strong><\/p>\n<p>Yap\u0131lan kontroller neticesinde, Do\u011fan\u2019\u0131n sol diz \u00f6n \u00e7apraz ba\u011f\u0131nda kopma tespit edildi. Milli kalecinin tedavisinin bir sonraki a\u015famas\u0131na ge\u00e7mek \u00fczere kamptan ayr\u0131lmas\u0131na karar verildi.<\/p>\n<p>2024 Avrupa \u015eampiyonas\u0131 s\u00fcrecindeki kaleci yeterlili\u011fini sa\u011flamak ad\u0131na Do\u011fan Alemdar&#8217;\u0131n yerine Ba\u015fak\u015fehir FK&#8217;dan Muhammed \u015eengezer, A Milli Tak\u0131m kamp\u0131na davet edildi.<\/p>\n<p>\u00a0<\/p>\n\n<p><\/p>\n<p>Kaynak :\u00a0<span style=\"background-color: rgb(255, 249, 236); color: rgb(55, 58, 60); font-size: 14px;\">http:\/\/www.milliyet.com.tr\/skorer\/milli-takimda-sok-sakatlik-kamptan-ayrildi-7145951<\/span><\/p>\n","protected":false},"excerpt":{"rendered":"<p>EURO 2024&#8217;te m\u00fccadele eden Milli Tak\u0131m&#8217;da sakatl\u0131k \u015foku ya\u015fand\u0131. D\u00fcn ak\u015fam ger\u00e7ekle\u015ftirilen antrenman\u0131 esnas\u0131nda sakatlanan Do\u011fan Alemdar&#8217;\u0131n son durumu belli olurken milli kalecinin kamptan ayr\u0131ld\u0131\u011f\u0131 a\u00e7\u0131kland\u0131.<\/p>\n","protected":false},"author":1,"featured_media":79200,"comment_status":"open","ping_status":"open","sticky":false,"template":"","format":"standard","meta":{"footnotes":""},"categories":[7],"tags":[],"class_list":["post-79199","post","type-post","status-publish","format-standard","has-post-thumbnail","hentry","category-spor"],"_links":{"self":[{"href":"https:\/\/kamucalisani.net\/index.php\/wp-json\/wp\/v2\/posts\/79199","targetHints":{"allow":["GET"]}}],"collection":[{"href":"https:\/\/kamucalisani.net\/index.php\/wp-json\/wp\/v2\/posts"}],"about":[{"href":"https:\/\/kamucalisani.net\/index.php\/wp-json\/wp\/v2\/types\/post"}],"author":[{"embeddable":true,"href":"https:\/\/kamucalisani.net\/index.php\/wp-json\/wp\/v2\/users\/1"}],"replies":[{"embeddable":true,"href":"https:\/\/kamucalisani.net\/index.php\/wp-json\/wp\/v2\/comments?post=79199"}],"version-history":[{"count":1,"href":"https:\/\/kamucalisani.net\/index.php\/wp-json\/wp\/v2\/posts\/79199\/revisions"}],"predecessor-version":[{"id":79201,"href":"https:\/\/kamucalisani.net\/index.php\/wp-json\/wp\/v2\/posts\/79199\/revisions\/79201"}],"wp:featuredmedia":[{"embeddable":true,"href":"https:\/\/kamucalisani.net\/index.php\/wp-json\/wp\/v2\/media\/79200"}],"wp:attachment":[{"href":"https:\/\/kamucalisani.net\/index.php\/wp-json\/wp\/v2\/media?parent=79199"}],"wp:term":[{"taxonomy":"category","embeddable":true,"href":"https:\/\/kamucalisani.net\/index.php\/wp-json\/wp\/v2\/categories?post=79199"},{"taxonomy":"post_tag","embeddable":true,"href":"https:\/\/kamucalisani.net\/index.php\/wp-json\/wp\/v2\/tags?post=79199"}],"curies":[{"name":"wp","href":"https:\/\/api.w.org\/{rel}","templated":true}]}}