{"id":79226,"date":"2024-08-11T09:36:10","date_gmt":"2024-08-11T09:36:10","guid":{"rendered":"https:\/\/kamucalisani.net\/?p=79226"},"modified":"2024-08-11T09:36:10","modified_gmt":"2024-08-11T09:36:10","slug":"tiktoktaki-istismar-skandali-bakanlik-duyurdu-videodaki-sahis-gozaltina-alindi","status":"publish","type":"post","link":"https:\/\/kamucalisani.net\/index.php\/2024\/08\/11\/tiktoktaki-istismar-skandali-bakanlik-duyurdu-videodaki-sahis-gozaltina-alindi\/","title":{"rendered":"TikTok&#8217;taki istismar skandal\u0131! Bakanl\u0131k duyurdu: Videodaki \u015fah\u0131s g\u00f6zalt\u0131na al\u0131nd\u0131"},"content":{"rendered":"<p><p>TikTok&#8217;ta etkile\u015fim u\u011fruna bir kullan\u0131c\u0131n\u0131n kuzeni oldu\u011funu s\u00f6yledi\u011fi k\u00fc\u00e7\u00fck \u00e7ocu\u011fu duda\u011f\u0131ndan \u00f6pt\u00fc\u011f\u00fc anlar\u0131 sosyal medya hesab\u0131ndan payla\u015fmas\u0131 tepkilere yol a\u00e7t\u0131.<\/p>\n<p>Aile ve Sosyal Hizmetler Bakanl\u0131\u011f\u0131 TikTok kullan\u0131c\u0131s\u0131n\u0131n g\u00f6zalt\u0131na al\u0131nd\u0131\u011f\u0131n\u0131 duyurdu. Bakanl\u0131ktan yap\u0131lan a\u00e7\u0131klamada \u015fu ifadelere yer verildi;<\/p>\n<p>Olay\u0131n sosyal medyada yay\u0131ld\u0131\u011f\u0131 andan itibaren \u0130l M\u00fcd\u00fcrl\u00fc\u011f\u00fc ekiplerimiz emniyet birimleri ile koordinasyon i\u00e7erisinde harekete ge\u00e7mi\u015ftir.<\/p>\n<p>Videodaki \u015fah\u0131s g\u00f6zalt\u0131na al\u0131nm\u0131\u015ft\u0131r. \u00c7ocu\u011fun ailesi ile yap\u0131lan g\u00f6r\u00fc\u015fmede videonun eski oldu\u011fu bilgisi edinilmi\u015ftir.<\/p>\n<p>Meslek elemanlar\u0131m\u0131z taraf\u0131ndan aileye dan\u0131\u015fmanl\u0131k hizmeti verilmi\u015ftir. Psikolojik sa\u011fl\u0131\u011f\u0131n\u0131 art\u0131rmak ad\u0131na aile yan\u0131nda bulunan \u00e7ocu\u011fun durumu yak\u0131ndan takip edilmeye devam edilecektir.<\/p>\n<p>S\u00f6z konusu Tiktok hesab\u0131 Bakanl\u0131\u011f\u0131m\u0131z\u0131n giri\u015fimleri sonucu kapat\u0131lm\u0131\u015ft\u0131r.<\/p>\n<p>Bakanl\u0131k olarak s\u00fcrecin yak\u0131n takip\u00e7isi oldu\u011fumuzu kamuoyunun bilgisine sunar\u0131z.<\/p>\n<div>\n<div> <img decoding=\"async\" src=\"https:\/\/kamucalisani.net\/wp-content\/uploads\/2024\/08\/tiktoktaki-istismar-skandali-bakanlik-duyurdu-videodaki-sahis-gozaltina-alindi-0-5L2UB4MH.jpg\"\/><\/img> <\/div>\n<\/p><\/div>\n<\/p>\n<p><strong>\u00c7OCUKLARA K-POP TUZA\u011eI<\/strong><\/p>\n<p><span><strong>\u00c7\u0130\u011eDEM YILMAZ \/ M\u0130LL\u0130YET &#8211;<\/strong> <\/span>TikTok\u2019ta 56 ya\u015f\u0131ndaki Mehmet Akbulut\u2019un \u201cfuat_akbulut_60\u201d ad\u0131n\u0131 kullanarak yapt\u0131\u011f\u0131 payla\u015f\u0131mlar, sosyal medyada gen\u00e7leri bekleyen tehlikeyi bir kez daha g\u00fcndeme getirdi.<\/p>\n<p>TikTok hesab\u0131ndan canl\u0131 yay\u0131nlar a\u00e7an Akbulut, \u00f6zellikle \u00e7ocuklara y\u00f6nelik tuhaf payla\u015f\u0131mlar yap\u0131yor ve k\u00fc\u00e7\u00fck ya\u015ftaki k\u0131z \u00e7ocuklar\u0131n\u0131n kat\u0131l\u0131mc\u0131s\u0131 oldu\u011fu bu yay\u0131nlarda zaman zaman cinsel i\u00e7erikli s\u00f6z ve davran\u0131\u015flarda da bulunuyordu. A\u00e7t\u0131\u011f\u0131 bir canl\u0131 yay\u0131nda \u00e7ocuklara, \u201cBana \u2018dede, amca, day\u0131&#8230;\u2019 demeyin, benim de ya\u015f\u0131m 18, sizin gibi Z ku\u015fa\u011f\u0131y\u0131m. Bana, \u2018kanka\u2019 deyin, sakallar\u0131m efekt\u201d diyen bu ki\u015fi, \u201cStary Kids dinliyorum, anime izliyorum\u201d diyerek kendisini takip eden k\u00fc\u00e7\u00fck \u00e7ocuklar\u0131 etkilemeye \u00e7al\u0131\u015f\u0131yordu. Payla\u015f\u0131mlar\u0131nda cinsel objeler kullanan ve s\u0131k s\u0131k cinsel i\u00e7erikli s\u00f6ylemlerde bulunan Akbulut\u2019un, bir payla\u015f\u0131m\u0131nda da yata\u011f\u0131n\u0131n \u00fczerine \u00e7i\u00e7ekler sererek, takip\u00e7ilerine \u201cGel gel bizim eve gel\u201d dedi\u011fi g\u00f6r\u00fcl\u00fcyor.<\/p>\n<p><strong>\u2018B\u0130Z\u0130M EV E\u011eLENCEL\u0130\u2019<\/strong><\/p>\n<p>Akbulut\u2019un yapt\u0131\u011f\u0131 bir payla\u015f\u0131mda da k\u00fc\u00e7\u00fck bir k\u0131zla konu\u015ftu\u011fu, k\u0131z\u0131n ses tonundan anla\u015f\u0131l\u0131yor. K\u0131z, Akbulut\u2019a \u201cSen beni hat\u0131rlamad\u0131n m\u0131 ben geldim ya\u201d diyor, Akbulut da \u201cHat\u0131rlamaz olur muyum, hat\u0131rlad\u0131m tabii\u201d yan\u0131t\u0131n\u0131 veriyor. Konu\u015fman\u0131n devam\u0131nda birileri taraf\u0131ndan ele\u015ftirildi\u011fini ima edip, k\u00fc\u00e7\u00fck k\u0131za, \u201cEce, ben seni zorla m\u0131 \u00e7a\u011f\u0131rd\u0131m, kendin mi geldin?\u201d diye soruyor. K\u00fc\u00e7\u00fck k\u0131z da, \u201cKendim geldim\u201d diye cevapl\u0131yor.<\/p>\n<p>Akbulut\u2019un a\u00e7t\u0131\u011f\u0131 bir canl\u0131 yay\u0131na da 10\u2019a yak\u0131n k\u0131z \u00e7ocu\u011funun kat\u0131ld\u0131\u011f\u0131 g\u00f6r\u00fcl\u00fcyor. Yay\u0131nda k\u0131z \u00e7ocuklar\u0131na, evine G\u00fcney Koreli erkek m\u00fczik grubu Stary Kids\u2019in gelece\u011fini s\u00f6yl\u00fcyor ve yemek verece\u011fini s\u00f6yl\u00fcyor. K\u00fc\u00e7\u00fck k\u0131z \u00e7ocuklar\u0131 da bunu duyunca \u201cGer\u00e7ekten mi?\u201d diye tepki veriyor. Konu\u015fmas\u0131n\u0131n devam\u0131nda da, \u201c\u0130steyen gelebilir\u201d diyor. K\u0131zlar \u201cVay be!\u201d deyince Akbulut da da, \u201cBizim eve gelin, bizim ev \u00e7ok e\u011flenceli\u201d diyor.<\/p>\n<div>\n<div> <img decoding=\"async\" src=\"https:\/\/kamucalisani.net\/wp-content\/uploads\/2024\/08\/tiktoktaki-istismar-skandali-bakanlik-duyurdu-videodaki-sahis-gozaltina-alindi-1-zZaAQDUk.jpg\"\/><\/img> <\/div>\n<\/p><\/div>\n<\/p>\n<p><strong>\u2018S\u0130Z\u0130 KONSERE G\u00d6T\u00dcR\u00dcR\u00dcM\u2019<\/strong><\/p>\n<p>Akbulut, k\u0131z \u00e7ocuklar\u0131n\u0131 etkilemek i\u00e7in G\u00fcney Kore k\u00f6kenli pop m\u00fczik t\u00fcr\u00fc K-pop ile ilgili de yay\u0131nlar yap\u0131yor. Bir canl\u0131 yay\u0131nda da k\u0131z \u00e7ocuklar\u0131n\u0131 konsere g\u00f6t\u00fcrece\u011fini s\u00f6yleyip, \u201cSizi Stary Kids\u2019in de\u011fil, G\u00fcney Kore\u2019de bulunan b\u00fct\u00fcn gruplar\u0131n konserine g\u00f6t\u00fcr\u00fcm. Sizi konser manya\u011f\u0131 yapar\u0131m da sizin okulunuz var, hem de aileniz izin vermez. Art\u0131k yaz tatilinde istedi\u011finiz grubun konserine g\u00f6t\u00fcr\u00fcm.\u201d Yine yapt\u0131\u011f\u0131 bir payla\u015f\u0131mda, Stary Kids\u2019in konserine gitti\u011fini belirtip, \u201cGelmek isteyen konum ats\u0131n\u201d diye payla\u015f\u0131m yapt\u0131\u011f\u0131 g\u00f6r\u00fcl\u00fcyor.<\/p>\n<p><strong>G\u00d6ZALTINA ALINDI<\/strong><\/p>\n<p>TikTok\u2019ta \u201cfuat_akbulut_60\u201d ad\u0131yla \u00e7ocuklara yay\u0131n yapan Mehmet Akbulut, \u201cm\u00fcstehcenlik\u201d, \u201chalk\u0131 kin ve d\u00fc\u015fmanl\u0131\u011fa tahrik ve a\u015fa\u011f\u0131lama\u201d su\u00e7lar\u0131ndan Tokat Erbaa\u2019da g\u00f6zalt\u0131na al\u0131nd\u0131. Akbulut\u2019un el konulan dijital materyalleri de incelemeye al\u0131nd\u0131. Uzman \u00e7avu\u015fluktan emekli oldu\u011fu, e\u015finden bo\u015fand\u0131\u011f\u0131 belirtilen Akbulut\u2019un antidepresan ila\u00e7lar kulland\u0131\u011f\u0131 iddia edildi. Akbulut hakk\u0131nda \u0130stanbul, \u0130zmir ve Tokat\u2019ta bug\u00fcn su\u00e7 duyurusunda bulunulacak.<\/p>\n\n<p><\/p>\n<p>Kaynak :\u00a0<span style=\"background-color: rgb(255, 249, 236); color: rgb(55, 58, 60); font-size: 14px;\">http:\/\/www.milliyet.com.tr\/gundem\/tiktoktaki-istismar-skandali-bakanlik-duyurdu-videodaki-sahis-gozaltina-alindi-7145954<\/span><\/p>\n","protected":false},"excerpt":{"rendered":"<p>TikTok&#8217;ta bir kullan\u0131c\u0131, kuzeni oldu\u011funu s\u00f6yledi\u011fi k\u00fc\u00e7\u00fck \u00e7ocu\u011fu zorla \u00f6perek o anlar\u0131 sosyal medya hesab\u0131ndan payla\u015ft\u0131. Tepkilerin ard\u0131ndan \u015fah\u0131s g\u00f6zalt\u0131na al\u0131n\u0131rken Aile ve Sosyal Hizmetler Bakanl\u0131\u011f\u0131&#8217;ndan da son dakika a\u00e7\u0131klamas\u0131 yap\u0131ld\u0131.<\/p>\n","protected":false},"author":1,"featured_media":79227,"comment_status":"open","ping_status":"open","sticky":false,"template":"","format":"standard","meta":{"footnotes":""},"categories":[3],"tags":[4746,1707,1216,652,2542],"class_list":["post-79226","post","type-post","status-publish","format-standard","has-post-thumbnail","hentry","category-guncel","tag-akbulut","tag-gel","tag-kiz","tag-paylasim","tag-yayin"],"_links":{"self":[{"href":"https:\/\/kamucalisani.net\/index.php\/wp-json\/wp\/v2\/posts\/79226","targetHints":{"allow":["GET"]}}],"collection":[{"href":"https:\/\/kamucalisani.net\/index.php\/wp-json\/wp\/v2\/posts"}],"about":[{"href":"https:\/\/kamucalisani.net\/index.php\/wp-json\/wp\/v2\/types\/post"}],"author":[{"embeddable":true,"href":"https:\/\/kamucalisani.net\/index.php\/wp-json\/wp\/v2\/users\/1"}],"replies":[{"embeddable":true,"href":"https:\/\/kamucalisani.net\/index.php\/wp-json\/wp\/v2\/comments?post=79226"}],"version-history":[{"count":1,"href":"https:\/\/kamucalisani.net\/index.php\/wp-json\/wp\/v2\/posts\/79226\/revisions"}],"predecessor-version":[{"id":79230,"href":"https:\/\/kamucalisani.net\/index.php\/wp-json\/wp\/v2\/posts\/79226\/revisions\/79230"}],"wp:featuredmedia":[{"embeddable":true,"href":"https:\/\/kamucalisani.net\/index.php\/wp-json\/wp\/v2\/media\/79227"}],"wp:attachment":[{"href":"https:\/\/kamucalisani.net\/index.php\/wp-json\/wp\/v2\/media?parent=79226"}],"wp:term":[{"taxonomy":"category","embeddable":true,"href":"https:\/\/kamucalisani.net\/index.php\/wp-json\/wp\/v2\/categories?post=79226"},{"taxonomy":"post_tag","embeddable":true,"href":"https:\/\/kamucalisani.net\/index.php\/wp-json\/wp\/v2\/tags?post=79226"}],"curies":[{"name":"wp","href":"https:\/\/api.w.org\/{rel}","templated":true}]}}