{"id":79250,"date":"2024-08-11T10:48:07","date_gmt":"2024-08-11T10:48:07","guid":{"rendered":"https:\/\/kamucalisani.net\/?p=79250"},"modified":"2024-08-11T10:48:07","modified_gmt":"2024-08-11T10:48:07","slug":"istanbulda-kahve-sirasinda-kavga","status":"publish","type":"post","link":"https:\/\/kamucalisani.net\/index.php\/2024\/08\/11\/istanbulda-kahve-sirasinda-kavga\/","title":{"rendered":"\u0130stanbul&#8217;da kahve s\u0131ras\u0131nda kavga"},"content":{"rendered":"<p><p>Olay, ge\u00e7ti\u011fimiz Per\u015fembe g\u00fcn\u00fc ak\u015fam saatlerinde \u0130stiklal Caddesi\u2019nde bir AVM\u2019deki kahvecide meydana geldi. \u0130ddiaya g\u00f6re, sipari\u015f ettikleri kahveyi almak i\u00e7in s\u0131rada bekleyen iki k\u0131z karde\u015f A.A. ile N.A., kendilerinden sonra gelen \u00c7.H isimli kad\u0131n\u0131n sipari\u015finin daha erken verilmesi \u00fczerine \u00e7al\u0131\u015fana tepki g\u00f6sterdi.<\/p>\n<p>Bunun \u00fczerine \u00c7.H.&#8217;nin k\u0131z karde\u015flerin tepkisine kar\u015f\u0131l\u0131k vermesiyle tart\u0131\u015fma \u00e7\u0131kt\u0131. Tart\u0131\u015fma s\u0131ras\u0131nda \u00c7.H., k\u0131z karde\u015flerden birini ittirdi. Di\u011fer m\u00fc\u015fterilerin araya girmesiyle sakinle\u015fen \u00c7.H., kahvesini aralarak uzakla\u015ft\u0131. K\u0131sa s\u00fcre sonra bilinmeyen nedenle geri d\u00f6nen \u00c7.H. isimli kad\u0131n, bu kez tart\u0131\u015ft\u0131\u011f\u0131 di\u011fer k\u0131z karde\u015fe sald\u0131rd\u0131.<\/p>\n<p>\u00c7\u0131kan kavgada \u00c7.H., k\u0131z karde\u015flerden birinin sa\u00e7\u0131ndan tutup \u00e7ekti. Vatanda\u015flar\u0131n araya girmesiyle kavga b\u00fcy\u00fcmeden sona erdi. \u0130hbar \u00fczerine olay yerine polis ekipleri sevk edildi. Birbirinden \u015fikayet\u00e7i olan taraflar, ifadeleri al\u0131nmak \u00fczere polis merkezine g\u00f6t\u00fcr\u00fcld\u00fc. Polis merkezindeki i\u015flemlerin ard\u0131ndan kavgaya kar\u0131\u015fan 3 kad\u0131n, &#8220;Kasten Yaralama&#8221; ve &#8220;Hakaret&#8221; su\u00e7lar\u0131ndan i\u015flemlerinin tamamlanmas\u0131n\u0131n ard\u0131ndan serbest b\u0131rak\u0131ld\u0131.<\/p>\n<p><strong>KAVGA ANI KAMERADA<\/strong><\/p>\n<p>G\u00f6r\u00fcnt\u00fclerde, \u00c7.H.&#8217;nin iki k\u0131z karde\u015f ile tart\u0131\u015f\u0131p ayr\u0131ld\u0131\u011f\u0131, daha sonra h\u0131zla gelerek sald\u0131rd\u0131\u011f\u0131, o esnada orada bulunan di\u011fer m\u00fc\u015fterilerin kavgay\u0131 ay\u0131rmaya \u00e7al\u0131\u015ft\u0131\u011f\u0131 g\u00f6r\u00fcl\u00fcyor.<\/p>\n<div>\n<div> <img decoding=\"async\" src=\"https:\/\/kamucalisani.net\/wp-content\/uploads\/2024\/08\/istanbulda-kahve-sirasinda-kavga-0-UJOB9VbB.jpg\"\/><\/img> <\/div>\n<\/p><\/div>\n<p> <\/p>\n<div>\n<div> <img decoding=\"async\" src=\"https:\/\/kamucalisani.net\/wp-content\/uploads\/2024\/08\/istanbulda-kahve-sirasinda-kavga-1-iLyrOt9d.jpg\"\/><\/img> <\/div>\n<\/p><\/div>\n<p> <\/p>\n<div>\n<div> <img decoding=\"async\" src=\"https:\/\/kamucalisani.net\/wp-content\/uploads\/2024\/08\/istanbulda-kahve-sirasinda-kavga-2-tuR9x9Wu.jpg\"\/><\/img> <\/div>\n<\/p><\/div>\n<p> <\/p>\n<div>\n<div> <img decoding=\"async\" src=\"https:\/\/kamucalisani.net\/wp-content\/uploads\/2024\/08\/istanbulda-kahve-sirasinda-kavga-3-Grzg5C9m.jpg\"\/><\/img> <\/div>\n<\/p><\/div>\n<\/p>\n<p><\/p>\n<p>Kaynak :\u00a0<span style=\"background-color: rgb(255, 249, 236); color: rgb(55, 58, 60); font-size: 14px;\">http:\/\/www.milliyet.com.tr\/gundem\/istanbulda-kahve-sirasinda-kavga-7145984<\/span><\/p>\n","protected":false},"excerpt":{"rendered":"<p>\u0130stanbul Beyo\u011flu\u2019nda bir AVM\u2019deki kahvecide, kahve s\u0131ras\u0131 bekleyen iki kad\u0131n m\u00fc\u015fteri ile kendilerinden sonra gelen ba\u015fka bir kad\u0131n m\u00fc\u015fterinin sipari\u015finin daha erken verilmesi \u00fczerine, taraflar aras\u0131nda kavga \u00e7\u0131kt\u0131.<\/p>\n","protected":false},"author":1,"featured_media":79251,"comment_status":"open","ping_status":"open","sticky":false,"template":"","format":"standard","meta":{"footnotes":""},"categories":[3],"tags":[1724,355],"class_list":["post-79250","post","type-post","status-publish","format-standard","has-post-thumbnail","hentry","category-guncel","tag-kavga","tag-kiz-kardes"],"_links":{"self":[{"href":"https:\/\/kamucalisani.net\/index.php\/wp-json\/wp\/v2\/posts\/79250","targetHints":{"allow":["GET"]}}],"collection":[{"href":"https:\/\/kamucalisani.net\/index.php\/wp-json\/wp\/v2\/posts"}],"about":[{"href":"https:\/\/kamucalisani.net\/index.php\/wp-json\/wp\/v2\/types\/post"}],"author":[{"embeddable":true,"href":"https:\/\/kamucalisani.net\/index.php\/wp-json\/wp\/v2\/users\/1"}],"replies":[{"embeddable":true,"href":"https:\/\/kamucalisani.net\/index.php\/wp-json\/wp\/v2\/comments?post=79250"}],"version-history":[{"count":1,"href":"https:\/\/kamucalisani.net\/index.php\/wp-json\/wp\/v2\/posts\/79250\/revisions"}],"predecessor-version":[{"id":79256,"href":"https:\/\/kamucalisani.net\/index.php\/wp-json\/wp\/v2\/posts\/79250\/revisions\/79256"}],"wp:featuredmedia":[{"embeddable":true,"href":"https:\/\/kamucalisani.net\/index.php\/wp-json\/wp\/v2\/media\/79251"}],"wp:attachment":[{"href":"https:\/\/kamucalisani.net\/index.php\/wp-json\/wp\/v2\/media?parent=79250"}],"wp:term":[{"taxonomy":"category","embeddable":true,"href":"https:\/\/kamucalisani.net\/index.php\/wp-json\/wp\/v2\/categories?post=79250"},{"taxonomy":"post_tag","embeddable":true,"href":"https:\/\/kamucalisani.net\/index.php\/wp-json\/wp\/v2\/tags?post=79250"}],"curies":[{"name":"wp","href":"https:\/\/api.w.org\/{rel}","templated":true}]}}