{"id":79506,"date":"2024-08-11T23:00:06","date_gmt":"2024-08-11T23:00:06","guid":{"rendered":"https:\/\/kamucalisani.net\/?p=79506"},"modified":"2024-08-11T23:00:06","modified_gmt":"2024-08-11T23:00:06","slug":"oled-ekranli-ipad-air-icin-tarih-verildi","status":"publish","type":"post","link":"https:\/\/kamucalisani.net\/index.php\/2024\/08\/11\/oled-ekranli-ipad-air-icin-tarih-verildi\/","title":{"rendered":"OLED ekranl\u0131 iPad Air i\u00e7in tarih verildi"},"content":{"rendered":"<p><figure> <span> <img decoding=\"async\" src=\"https:\/\/kamucalisani.net\/wp-content\/uploads\/2024\/08\/oled-ekranli-ipad-air-icin-tarih-verildi-0-Qfx9TFzt.jpg\"\/> <\/span> Samsung, geli\u015fmi\u015f parlakl\u0131k ve g\u00fc\u00e7 verimlili\u011fi sa\u011flayan tandem tasar\u0131ma sahip yeni M4 iPad Pro i\u00e7in Apple\u2019a halihaz\u0131rda OLED paneller tedarik ediyor. Yeni bir raporda, Apple\u2019\u0131n 2026\u2019da <strong>\u200ciPad mini\u200c<\/strong> ile birlikte <strong>\u200ciPad Air\u200c<\/strong>\u2019e OLED panel getirece\u011fini s\u00f6yleniyor. <\/figure>\n<p><b>Yeni iPad Air OLED panelini Samsung \u00fcretecek<\/b><\/p>\n<p><strong>Samsung Display<\/strong>\u2019in iPhone ve \u200ciPad Pro\u200c i\u00e7in OLED panel \u00fcreten A3 serisi, ayda 135.000 \u00fcretim kapasitesine sahip. \u200ciPhone\u200c i\u00e7in OLED \u00fcreten LG Display&#8217;in E6-1~3 serisinin kapasitesi ayda yaln\u0131zca 45.000 birim. iPad i\u00e7in OLED \u00fcreten E6-4 serisinin kapasitesi ise yaln\u0131zca 15.000 birim.<\/p>\n<p>Ara\u015ft\u0131rma \u015firketi Omdia&#8217;ya g\u00f6re, OLED ekranl\u0131 \u200c\u200ciPad Air\u200c\u200c 2026\u2019da, OLED \u200c\u200ciPad mini 2027\u2019de gelecek. Ancak, <strong>13 in\u00e7 iPad Air OLED<\/strong> modelinin daha ge\u00e7 \u00e7\u0131kmas\u0131 bekleniyor. Bu arada yeni iPad Air\u2019\u0131n 11 in\u00e7 ve 13 in\u00e7 ekran boyutuyla gelebilece\u011fi, \u200c\u200c\u200ciPad mini\u200c\u200c\u200c\u2019nin ekran boyutunun da 8.3 in\u00e7ten 8.7 in\u00e7e artaca\u011f\u0131 s\u00f6yleniyor. Ayr\u0131ca iPad mini\u200c\u200c ve \u200c\u200ciPad Air\u200c\u200c\u2019\u0131n iki y\u0131\u011f\u0131nl\u0131 LTPO OLED panel kullanan yeni iPad Pro\u200c\u200c modelinin aksine, \u200c\u200ctek y\u0131\u011f\u0131nl\u0131 <strong>LTPS panellere<\/strong> sahip olmas\u0131 bekleniyor.<\/p>\n\n<p>Kaynak\u00a0 :\u00a0<span style=\"background-color: rgb(255, 249, 236); color: rgb(55, 58, 60); font-size: 14px;\">https:\/\/www.donanimhaber.com\/oled-ekranli-ipad-air-icin-tarih-verildi&#8211;180588<\/span><\/p>\n","protected":false},"excerpt":{"rendered":"<p>Samsung, geli\u015fmi\u015f parlakl\u0131k ve g\u00fc\u00e7 verimlili\u011fi sa\u011flayan tandem tasar\u0131ma sahip yeni M4 iPad Pro i\u00e7in Apple\u2019a halihaz\u0131rda OLED paneller tedarik ediyor. Yeni bir raporda, Apple\u2019\u0131n 2026\u2019da \u200ciPad mini\u200c ile birlikte \u200ciPad Air\u200c\u2019e OLED panel getirece\u011fini &#8230;<\/p>\n","protected":false},"author":1,"featured_media":79507,"comment_status":"open","ping_status":"open","sticky":false,"template":"","format":"standard","meta":{"footnotes":""},"categories":[8],"tags":[83,4765,90,4766],"class_list":["post-79506","post","type-post","status-publish","format-standard","has-post-thumbnail","hentry","category-teknoloji","tag-ipad","tag-ipad-air","tag-oled","tag-oled-panel"],"_links":{"self":[{"href":"https:\/\/kamucalisani.net\/index.php\/wp-json\/wp\/v2\/posts\/79506","targetHints":{"allow":["GET"]}}],"collection":[{"href":"https:\/\/kamucalisani.net\/index.php\/wp-json\/wp\/v2\/posts"}],"about":[{"href":"https:\/\/kamucalisani.net\/index.php\/wp-json\/wp\/v2\/types\/post"}],"author":[{"embeddable":true,"href":"https:\/\/kamucalisani.net\/index.php\/wp-json\/wp\/v2\/users\/1"}],"replies":[{"embeddable":true,"href":"https:\/\/kamucalisani.net\/index.php\/wp-json\/wp\/v2\/comments?post=79506"}],"version-history":[{"count":1,"href":"https:\/\/kamucalisani.net\/index.php\/wp-json\/wp\/v2\/posts\/79506\/revisions"}],"predecessor-version":[{"id":79509,"href":"https:\/\/kamucalisani.net\/index.php\/wp-json\/wp\/v2\/posts\/79506\/revisions\/79509"}],"wp:featuredmedia":[{"embeddable":true,"href":"https:\/\/kamucalisani.net\/index.php\/wp-json\/wp\/v2\/media\/79507"}],"wp:attachment":[{"href":"https:\/\/kamucalisani.net\/index.php\/wp-json\/wp\/v2\/media?parent=79506"}],"wp:term":[{"taxonomy":"category","embeddable":true,"href":"https:\/\/kamucalisani.net\/index.php\/wp-json\/wp\/v2\/categories?post=79506"},{"taxonomy":"post_tag","embeddable":true,"href":"https:\/\/kamucalisani.net\/index.php\/wp-json\/wp\/v2\/tags?post=79506"}],"curies":[{"name":"wp","href":"https:\/\/api.w.org\/{rel}","templated":true}]}}