{"id":80205,"date":"2024-08-13T09:00:07","date_gmt":"2024-08-13T09:00:07","guid":{"rendered":"https:\/\/kamucalisani.net\/?p=80205"},"modified":"2024-08-13T09:00:07","modified_gmt":"2024-08-13T09:00:07","slug":"galatasarayda-ilkay-gundogan-gelismesi-barcelona-yol-haritasi-belirledi","status":"publish","type":"post","link":"https:\/\/kamucalisani.net\/index.php\/2024\/08\/13\/galatasarayda-ilkay-gundogan-gelismesi-barcelona-yol-haritasi-belirledi\/","title":{"rendered":"Galatasaray&#8217;da \u0130lkay G\u00fcndo\u011fan geli\u015fmesi! Barcelona yol haritas\u0131 belirledi"},"content":{"rendered":"<p><p>Son \u015fampiyon Galatasaray yeni sezon haz\u0131rl\u0131klar\u0131 kapsam\u0131nda transfer \u00e7al\u0131\u015fmalar\u0131n\u0131 s\u00fcrd\u00fcr\u00fcyor. Aslan&#8217;\u0131n \u00f6ncelik verdi\u011fi b\u00f6lgeler 8 numara, sa\u011f bek ve 10 numara transferi olarak belirlendi<\/p>\n<p>Almanya kaptan\u0131 \u0130lkay G\u00fcndo\u011fan devre aras\u0131 transfer d\u00f6neminde sar\u0131-k\u0131rm\u0131z\u0131l\u0131 kul\u00fcb\u00fcn g\u00fcndemine gelmi\u015fti. Aslan&#8217;\u0131n bu konudaki giri\u015fimleri rafa kald\u0131r\u0131lm\u0131\u015f de\u011fil. Hansi Flick&#8217;in teknik direkt\u00f6r olarak Barcelona&#8217;n\u0131n ba\u015f\u0131na gelmesi sonras\u0131 \u0130lkay&#8217;\u0131n gelece\u011fi merak konusu oldu.<\/p>\n<p><strong>\u0130LKAY&#8217;IN YILLIK \u00dcCRET\u0130 BARCELONA&#8217;YI ZORA SOKAB\u0130L\u0130R<\/strong><br \/>Barcelona&#8217;daki gelece\u011fi \u00f6zellikle y\u0131ll\u0131k \u00fccreti tart\u0131\u015fma konusu olan \u0130lkay, EURO 2024&#8217;te \u00f6nemli bir performans ortaya koyuyor. Sport&#8217;ta yer alan haberde, Katalan ekibinin Finansal Fair Play kurallar\u0131 nedeniyle yaz Transfer d\u00f6neminde \u0130lkay G\u00fcndo\u011fan&#8217;a gelecek teklifleri de\u011ferlendirebilece\u011fi ifade edildi.<\/p>\n<p><strong>AYRILIK UZAK \u0130HT\u0130MAL AMA&#8230;<\/strong><br \/>Buna ra\u011fmen hem Barcelona hem de \u0130lkay G\u00fcndo\u011fan&#8217;\u0131n ayr\u0131l\u0131k gibi bir d\u00fc\u015f\u00fcncesi olmad\u0131\u011f\u0131 haberde vurguland\u0131. Ancak Barcelona&#8217;n\u0131n \u0130lkay&#8217;\u0131n tak\u0131mdan ayr\u0131lmaya karar vermesi durumunda kolayl\u0131k sa\u011flayaca\u011f\u0131 kaydedildi.<\/p>\n<div>\n<div> <img decoding=\"async\" src=\"https:\/\/kamucalisani.net\/wp-content\/uploads\/2024\/08\/galatasarayda-ilkay-gundogan-gelismesi-barcelona-yol-haritasi-belirledi-0-V4Up7tAn.jpg\"\/><\/img> <\/div>\n<\/p><\/div>\n<\/p>\n<p><strong>TEKL\u0130FLER DE\u011eERLEND\u0130R\u0130LECEK<\/strong><br \/>Barcelona&#8217;n\u0131n ekonomik olarak \u00f6nceli\u011finin maa\u015f tablosunda yer a\u00e7mak oldu\u011fu ifade edildi. Haberde ayr\u0131ca tak\u0131mdaki birka\u00e7 futbolcu d\u0131\u015f\u0131ndaki di\u011fer isimlere gelen tekliflerin de de\u011ferlendirilece\u011fi aktar\u0131ld\u0131.<\/p>\n<p><strong>BEDELS\u0130Z GELM\u0130\u015eT\u0130<\/strong><br \/>\u0130lkay G\u00fcndo\u011fan, \u0130ngiliz ekibi Manchester City&#8217;den Barcelona&#8217;ya herhangi bir bonservis bedeli \u00f6denmeden transfer olmu\u015ftu. Haberde \u0130lkay&#8217;\u0131n ayr\u0131l\u0131\u011f\u0131 durumunda Finansal Fair Play kurallar\u0131na g\u00f6re elde edilecek transfer gelirinin net olarak art\u0131 yazaca\u011f\u0131na dikkat \u00e7ekildi.<\/p>\n<p><strong>YILLIK 10 M\u0130LYON EURO KAZANIYOR<\/strong><br \/>Barcelona&#8217;da 49 ma\u00e7a \u00e7\u0131kan \u0130lkay 5 gol 13 asist ile katk\u0131 sa\u011flam\u0131\u015ft\u0131. Uzun y\u0131llar top ko\u015fturdu\u011fu Manchester City&#8217;den ayr\u0131larak Katalan devine transfer olan \u0130lkay, Barcelona&#8217;dan y\u0131ll\u0131k 10 milyon Euro \u00fccret al\u0131yor.<\/p>\n\n<p><\/p>\n<p>Kaynak :\u00a0<span style=\"background-color: rgb(255, 249, 236); color: rgb(55, 58, 60); font-size: 14px;\">http:\/\/www.milliyet.com.tr\/skorer\/galatasarayda-ilkay-gundogan-gelismesi-barcelona-yol-haritasi-belirledi-7146357<\/span><\/p>\n","protected":false},"excerpt":{"rendered":"<p>S\u00fcper Lig&#8217;in son \u015fampiyonu Galatasaray, yeni sezon \u00f6ncesi transfer \u00e7al\u0131\u015fmalar\u0131n\u0131 s\u00fcrd\u00fcr\u00fcrken \u0130lkay G\u00fcndo\u011fan tekrar g\u00fcndeme geldi. Barcelona&#8217;n\u0131n \u0130lkay i\u00e7in izleyece\u011fi yol haritas\u0131 belli oldu.<\/p>\n","protected":false},"author":1,"featured_media":80206,"comment_status":"open","ping_status":"open","sticky":false,"template":"","format":"standard","meta":{"footnotes":""},"categories":[7],"tags":[4823,4822,589],"class_list":["post-80205","post","type-post","status-publish","format-standard","has-post-thumbnail","hentry","category-spor","tag-barcelona","tag-ilkay","tag-transfer"],"_links":{"self":[{"href":"https:\/\/kamucalisani.net\/index.php\/wp-json\/wp\/v2\/posts\/80205","targetHints":{"allow":["GET"]}}],"collection":[{"href":"https:\/\/kamucalisani.net\/index.php\/wp-json\/wp\/v2\/posts"}],"about":[{"href":"https:\/\/kamucalisani.net\/index.php\/wp-json\/wp\/v2\/types\/post"}],"author":[{"embeddable":true,"href":"https:\/\/kamucalisani.net\/index.php\/wp-json\/wp\/v2\/users\/1"}],"replies":[{"embeddable":true,"href":"https:\/\/kamucalisani.net\/index.php\/wp-json\/wp\/v2\/comments?post=80205"}],"version-history":[{"count":1,"href":"https:\/\/kamucalisani.net\/index.php\/wp-json\/wp\/v2\/posts\/80205\/revisions"}],"predecessor-version":[{"id":80208,"href":"https:\/\/kamucalisani.net\/index.php\/wp-json\/wp\/v2\/posts\/80205\/revisions\/80208"}],"wp:featuredmedia":[{"embeddable":true,"href":"https:\/\/kamucalisani.net\/index.php\/wp-json\/wp\/v2\/media\/80206"}],"wp:attachment":[{"href":"https:\/\/kamucalisani.net\/index.php\/wp-json\/wp\/v2\/media?parent=80205"}],"wp:term":[{"taxonomy":"category","embeddable":true,"href":"https:\/\/kamucalisani.net\/index.php\/wp-json\/wp\/v2\/categories?post=80205"},{"taxonomy":"post_tag","embeddable":true,"href":"https:\/\/kamucalisani.net\/index.php\/wp-json\/wp\/v2\/tags?post=80205"}],"curies":[{"name":"wp","href":"https:\/\/api.w.org\/{rel}","templated":true}]}}