{"id":80273,"date":"2024-08-13T12:36:07","date_gmt":"2024-08-13T12:36:07","guid":{"rendered":"https:\/\/kamucalisani.net\/?p=80273"},"modified":"2024-08-13T12:36:07","modified_gmt":"2024-08-13T12:36:07","slug":"jose-mourinhodan-antrenmanda-oyunculara-uyarilar","status":"publish","type":"post","link":"https:\/\/kamucalisani.net\/index.php\/2024\/08\/13\/jose-mourinhodan-antrenmanda-oyunculara-uyarilar\/","title":{"rendered":"Jose Mourinho&#8217;dan antrenmanda oyunculara uyar\u0131lar"},"content":{"rendered":"<p><p>Fenerbah\u00e7e, yeni sezon \u00f6ncesi ilk etap kamp \u00e7al\u0131\u015fmalar\u0131 dahilinde geldi\u011fi Topuk Yaylas\u0131 Tesisleri\u2019nde taraftarlara a\u00e7\u0131k antrenman ile haz\u0131rl\u0131klar\u0131na devam etti.<\/p>\n<p>Saat 09:30\u2019da teknik direkt\u00f6r Jose Mourinho y\u00f6netiminde ba\u015flayan antrenmana taraftarlar yo\u011fun ilgi g\u00f6sterdi. Antrenman \u00f6ncesinde futbolcular ve teknik ekip, trib\u00fcnlere giderek taraftarlar\u0131 selamlad\u0131. Antrenman \u0131s\u0131nma hareketleriyle ba\u015flad\u0131ktan sonra iki gruba ayr\u0131lan futbolcular, yar\u0131 sahada pas ve sonu\u00e7land\u0131rma \u00e7al\u0131\u015fmas\u0131 ger\u00e7ekle\u015ftirdi. Daha sonra \u00e7ift kale ma\u00e7 yapan tak\u0131m, savunmadan \u00e7\u0131k\u0131\u015f, bask\u0131 ve yerle\u015fim \u00e7al\u0131\u015fmalar\u0131 yapt\u0131. \u00c7ift kale ma\u00e7\u0131 kurulan kuleden takip eden teknik direkt\u00f6r Mourinho, s\u0131k s\u0131k oyunu durdurarak oyunculara uyar\u0131larda bulundu. Antrenman streching \u00e7al\u0131\u015fmas\u0131yla sona erdi. Antrenman\u0131n sona ermesinin ard\u0131ndan trib\u00fcnlere giden Mourinho, taraftarlarla foto\u011fraf \u00e7ektirerek forma imzalad\u0131.<\/p>\n<p>Sar\u0131-lacivertlilerde EURO 2024 dolay\u0131s\u0131yla milli tak\u0131mlarda bulunan oyuncular\u0131n yan\u0131 s\u0131ra sezon bittikten sonra milli tak\u0131ma gittikleri i\u00e7in ekstra izinli olan Bright Osayi-Samuel ve Alexander Djiku antrenmanda yer almad\u0131.<\/p>\n<p>Sar\u0131-lacivertli ekip, \u00e7al\u0131\u015fmalar\u0131n\u0131 ak\u015fam saatlerinde yapaca\u011f\u0131 antrenman ile s\u00fcrd\u00fcrecek.<\/p>\n\n<p><\/p>\n<p>Kaynak :\u00a0<span style=\"background-color: rgb(255, 249, 236); color: rgb(55, 58, 60); font-size: 14px;\">http:\/\/www.milliyet.com.tr\/skorer\/jose-mourinhodan-antrenmanda-oyunculara-uyarilar-7146401<\/span><\/p>\n","protected":false},"excerpt":{"rendered":"<p>Fenerbah\u00e7e, Topuk Yaylas\u0131 Tesisleri\u2019nde taraftarlara a\u00e7\u0131k antrenman ile haz\u0131rl\u0131klar\u0131n\u0131 s\u00fcrd\u00fcrd\u00fc. Teknik direkt\u00f6r Mourinho s\u0131k s\u0131k oyunu durdurarak oyunculara uyar\u0131larda bulundu.<\/p>\n","protected":false},"author":1,"featured_media":80274,"comment_status":"open","ping_status":"open","sticky":false,"template":"","format":"standard","meta":{"footnotes":""},"categories":[7],"tags":[992],"class_list":["post-80273","post","type-post","status-publish","format-standard","has-post-thumbnail","hentry","category-spor","tag-antrenman"],"_links":{"self":[{"href":"https:\/\/kamucalisani.net\/index.php\/wp-json\/wp\/v2\/posts\/80273","targetHints":{"allow":["GET"]}}],"collection":[{"href":"https:\/\/kamucalisani.net\/index.php\/wp-json\/wp\/v2\/posts"}],"about":[{"href":"https:\/\/kamucalisani.net\/index.php\/wp-json\/wp\/v2\/types\/post"}],"author":[{"embeddable":true,"href":"https:\/\/kamucalisani.net\/index.php\/wp-json\/wp\/v2\/users\/1"}],"replies":[{"embeddable":true,"href":"https:\/\/kamucalisani.net\/index.php\/wp-json\/wp\/v2\/comments?post=80273"}],"version-history":[{"count":1,"href":"https:\/\/kamucalisani.net\/index.php\/wp-json\/wp\/v2\/posts\/80273\/revisions"}],"predecessor-version":[{"id":80275,"href":"https:\/\/kamucalisani.net\/index.php\/wp-json\/wp\/v2\/posts\/80273\/revisions\/80275"}],"wp:featuredmedia":[{"embeddable":true,"href":"https:\/\/kamucalisani.net\/index.php\/wp-json\/wp\/v2\/media\/80274"}],"wp:attachment":[{"href":"https:\/\/kamucalisani.net\/index.php\/wp-json\/wp\/v2\/media?parent=80273"}],"wp:term":[{"taxonomy":"category","embeddable":true,"href":"https:\/\/kamucalisani.net\/index.php\/wp-json\/wp\/v2\/categories?post=80273"},{"taxonomy":"post_tag","embeddable":true,"href":"https:\/\/kamucalisani.net\/index.php\/wp-json\/wp\/v2\/tags?post=80273"}],"curies":[{"name":"wp","href":"https:\/\/api.w.org\/{rel}","templated":true}]}}