{"id":80550,"date":"2024-08-14T01:24:07","date_gmt":"2024-08-14T01:24:07","guid":{"rendered":"https:\/\/kamucalisani.net\/?p=80550"},"modified":"2024-08-14T01:24:07","modified_gmt":"2024-08-14T01:24:07","slug":"ozel-ceklerin-yuzde-71i-turkiye-dedi-euro-2024te-ilginc-tablo","status":"publish","type":"post","link":"https:\/\/kamucalisani.net\/index.php\/2024\/08\/14\/ozel-ceklerin-yuzde-71i-turkiye-dedi-euro-2024te-ilginc-tablo\/","title":{"rendered":"\u00d6ZEL | \u00c7ekler&#8217;in y\u00fczde 71&#8217;i T\u00fcrkiye dedi! EURO 2024&#8217;te ilgin\u00e7 tablo"},"content":{"rendered":"<p><p>\u00c7ekya ile T\u00fcrkiye aras\u0131nda EURO 2024 F Grubu&#8217;nda oynanacak kar\u015f\u0131la\u015fma \u00f6ncesinde \u00c7ekya&#8217;da futbolseverlerin bu kar\u015f\u0131la\u015fmadan fazla \u00fcmidi olmad\u0131\u011f\u0131 ortaya \u00e7\u0131kt\u0131. idnes internet sitesinde yap\u0131lan ankette taraftarlar\u0131n b\u00fcy\u00fck b\u00f6l\u00fcm\u00fcn\u00fcn ay-y\u0131ld\u0131zl\u0131lar\u0131 bu ma\u00e7ta favori g\u00f6rd\u00fc\u011f\u00fc belirlendi.<\/p>\n<p><strong>\u0130TALYA GAL\u0130B\u0130YET\u0130 T\u00dcRK\u0130YE&#8217;YE YARADI<\/strong><br \/>EURO 2024&#8217;te A Milli Tak\u0131m\u0131m\u0131z yar\u0131n \u00c7ekya ile son 16 vizesi almak i\u00e7in kar\u015f\u0131 kar\u015f\u0131ya gelecek. D\u00fcn gece oynanan \u0130talya-H\u0131rvatistan ma\u00e7\u0131nda 90+8&#8217;de G\u00f6k Mavililerin buldu\u011fu gol, Ay-Y\u0131ld\u0131zl\u0131 ekibimizi sevindirdi.<\/p>\n<p>3 puan\u0131 bulunan Ay-Y\u0131ld\u0131zl\u0131 ekibimiz, 2 puanda yer alan H\u0131rvatistan&#8217;\u0131n \u00fcst\u00fcne \u00e7\u0131kt\u0131. Macaristan&#8217;\u0131n da averaj olarak \u00fcst\u00fcnde bulunan A Milli Tak\u0131m\u0131m\u0131z, \u00c7ekya ma\u00e7\u0131nda sahadan ma\u011flup ayr\u0131lsa dahi en iyi \u00fc\u00e7\u00fcnc\u00fc olarak son 16&#8217;ya y\u00fckselebilir.<\/p>\n<div>\n<div> <img decoding=\"async\" src=\"https:\/\/kamucalisani.net\/wp-content\/uploads\/2024\/08\/ozel-ceklerin-yuzde-71i-turkiye-dedi-euro-2024te-ilginc-tablo-0-tCZpr6Fv.jpg\"\/><\/img> <\/div>\n<\/p><\/div>\n<\/p>\n<p>\u00a0<\/p>\n<p><strong>\u00c7EKYA HALKI: T\u00dcRK\u0130YE&#8217;YE KAYBEDECEKLER<\/strong><br \/>&#8216;\u00c7ekya Avrupa \u015eampiyonas\u0131&#8217;nda son 16&#8217;ya y\u00fckselebilecek mi?&#8217; sorusunun y\u00f6neltildi\u011fi ankette binlerce ki\u015fi oy kulland\u0131. Kat\u0131l\u0131mc\u0131lar\u0131n y\u00fczde 71&#8217;i &#8216;Hay\u0131r, T\u00fcrkiye&#8217;ye kar\u015f\u0131 kaybedecekler&#8217; se\u00e7ene\u011fini i\u015faretledi. &#8216;Evet ikinci s\u0131radan&#8217; yan\u0131t\u0131n\u0131 verenler %20&#8217;de kald\u0131.<\/p>\n<p>Ankete kat\u0131lan futbolseverlerin %5&#8217;i ma\u00e7\u0131n berabere bitece\u011fini ancak bunun gruptan \u00e7\u0131kmaya yetmeyece\u011fini d\u00fc\u015f\u00fcnd\u00fc\u011f\u00fc i\u00e7in &#8216;Hay\u0131r iki puan yetmez&#8217; \u015f\u0131kk\u0131n\u0131 i\u015faretledi. %4 &#8216;Evet, \u00fc\u00e7\u00fcnc\u00fc s\u0131radan&#8217; dedi.<\/p>\n<div>\n<div> <img decoding=\"async\" src=\"https:\/\/kamucalisani.net\/wp-content\/uploads\/2024\/08\/ozel-ceklerin-yuzde-71i-turkiye-dedi-euro-2024te-ilginc-tablo-1-ZjkiIskz.jpg\"\/><\/img> <\/div>\n<\/p><\/div>\n<\/p>\n<p>\u00a0<\/p>\n<p><strong>\u0130\u015eTE GRUPTAK\u0130 \u0130HT\u0130MALLER <\/strong><\/p>\n<p>&#8211; A Milli Tak\u0131m\u0131m\u0131z yar\u0131n gece \u00c7ekya&#8217;y\u0131 yenerse grubu ikinci s\u0131rada bitirecek ve son 16 turuna kalacak. Beraberlik halinde de G\u00fcrcistan, Portekiz&#8217;i yenemedi\u011fi takdirde grubu ikinci s\u0131rada tamamlayaca\u011f\u0131z.<\/p>\n<p>&#8211; Ay-Y\u0131ld\u0131zl\u0131 ekibimiz \u00c7ekya kar\u015f\u0131s\u0131nda sahadan 2 farkl\u0131 ma\u011flubiyetle ayr\u0131l\u0131p, G\u00fcrcistan da Portekiz kar\u015f\u0131s\u0131nda kazanamazsa yine son 16 vizesi alacak.<\/p>\n<p><strong>BA\u015eKA \u0130HT\u0130MALLER DE VAR<\/strong><\/p>\n<p>C Grubu&#8217;nda Slovenya&#8217;n\u0131n \u0130ngiltere kar\u015f\u0131s\u0131nda kaybetmesi, Danimarka&#8217;n\u0131n ise S\u0131rbistan&#8217;\u0131 ma\u011flup etmesi gerekiyor. D Grubu&#8217;nda Avusturya&#8217;n\u0131n Hollanda&#8217;ya farkl\u0131 kaybetmesi, Fransa&#8217;n\u0131n ise Polonya&#8217;ya kar\u015f\u0131 en az 1 puanla sahadan ayr\u0131lmas\u0131 A Milli Tak\u0131m\u0131m\u0131z\u0131n en iyi \u00fc\u00e7\u00fcnc\u00fcler aras\u0131nda yer almas\u0131 i\u00e7in avantaj sa\u011flayacak.<\/p>\n<p>\u00a0<\/p>\n<p><strong>UKRAYNA EN DEZAVANTAJLI TAKIM <\/strong><\/p>\n<p>E Grubu&#8217;nda t\u00fcm tak\u0131mlar\u0131n 3&#8217;er puan\u0131 var. Slovakya&#8217;n\u0131n Romanya, Bel\u00e7ika&#8217;n\u0131n ise Ukrayna ile oynayaca\u011f\u0131 ma\u00e7larda galip gelecek olan tak\u0131mlar ad\u0131n\u0131 bir \u00fcst tura yazd\u0131rabilir. Bu grupta en dezavantajl\u0131 tak\u0131m -2 averajda bulunan Ukrayna. A Milli Tak\u0131m\u0131m\u0131z\u0131n en iyi \u00fc\u00e7\u00fcnc\u00fcler aras\u0131nda yer alabilmesi i\u00e7in gruptaki ma\u00e7larda iki tak\u0131m\u0131n galibiyetle sahadan ayr\u0131lmas\u0131 gerekiyor.<\/p>\n<p>\u00a0<\/p>\n\n<p><\/p>\n<p>Kaynak :\u00a0<span style=\"background-color: rgb(255, 249, 236); color: rgb(55, 58, 60); font-size: 14px;\">http:\/\/www.milliyet.com.tr\/skorer\/ozel-ceklerin-yuzde-71i-turkiye-dedi-euro-2024te-ilginc-tablo-7146541<\/span><\/p>\n","protected":false},"excerpt":{"rendered":"<p>EURO 2024 F Grubu&#8217;nda oynanacak T\u00fcrkiye &#8211; \u00c7ekya kar\u015f\u0131la\u015fmas\u0131 \u00f6ncesinde \u00c7ekya&#8217;da futbolseverlerin tak\u0131mlar\u0131na pek g\u00fcvenmedi\u011fi ortaya \u00e7\u0131kt\u0131.<\/p>\n","protected":false},"author":1,"featured_media":80551,"comment_status":"open","ping_status":"open","sticky":false,"template":"","format":"standard","meta":{"footnotes":""},"categories":[7],"tags":[1007,1134,4868,263],"class_list":["post-80550","post","type-post","status-publish","format-standard","has-post-thumbnail","hentry","category-spor","tag-a-milli-takimimiz","tag-cekya","tag-son-16","tag-takim"],"_links":{"self":[{"href":"https:\/\/kamucalisani.net\/index.php\/wp-json\/wp\/v2\/posts\/80550","targetHints":{"allow":["GET"]}}],"collection":[{"href":"https:\/\/kamucalisani.net\/index.php\/wp-json\/wp\/v2\/posts"}],"about":[{"href":"https:\/\/kamucalisani.net\/index.php\/wp-json\/wp\/v2\/types\/post"}],"author":[{"embeddable":true,"href":"https:\/\/kamucalisani.net\/index.php\/wp-json\/wp\/v2\/users\/1"}],"replies":[{"embeddable":true,"href":"https:\/\/kamucalisani.net\/index.php\/wp-json\/wp\/v2\/comments?post=80550"}],"version-history":[{"count":1,"href":"https:\/\/kamucalisani.net\/index.php\/wp-json\/wp\/v2\/posts\/80550\/revisions"}],"predecessor-version":[{"id":80554,"href":"https:\/\/kamucalisani.net\/index.php\/wp-json\/wp\/v2\/posts\/80550\/revisions\/80554"}],"wp:featuredmedia":[{"embeddable":true,"href":"https:\/\/kamucalisani.net\/index.php\/wp-json\/wp\/v2\/media\/80551"}],"wp:attachment":[{"href":"https:\/\/kamucalisani.net\/index.php\/wp-json\/wp\/v2\/media?parent=80550"}],"wp:term":[{"taxonomy":"category","embeddable":true,"href":"https:\/\/kamucalisani.net\/index.php\/wp-json\/wp\/v2\/categories?post=80550"},{"taxonomy":"post_tag","embeddable":true,"href":"https:\/\/kamucalisani.net\/index.php\/wp-json\/wp\/v2\/tags?post=80550"}],"curies":[{"name":"wp","href":"https:\/\/api.w.org\/{rel}","templated":true}]}}