{"id":80733,"date":"2024-08-14T10:00:07","date_gmt":"2024-08-14T10:00:07","guid":{"rendered":"https:\/\/kamucalisani.net\/?p=80733"},"modified":"2024-08-14T10:00:07","modified_gmt":"2024-08-14T10:00:07","slug":"trabzonspor-borna-barisici-kapa-bildirdi-iste-kazanacagi-ucret","status":"publish","type":"post","link":"https:\/\/kamucalisani.net\/index.php\/2024\/08\/14\/trabzonspor-borna-barisici-kapa-bildirdi-iste-kazanacagi-ucret\/","title":{"rendered":"Trabzonspor Borna Barisic&#8217;i KAP&#8217;a bildirdi! \u0130\u015fte kazanaca\u011f\u0131 \u00fccret"},"content":{"rendered":"<p><p>Trabzonspor, \u0130sko\u00e7ya&#8217;n\u0131n Rangers tak\u0131m\u0131yla s\u00f6zle\u015fmesi sona eren ve bonservisi elinde olan 31 ya\u015f\u0131ndaki H\u0131rvat sol bek Borna Barisic&#8217;i renklerine ba\u011flad\u0131.<\/p>\n<p>Bordo mavili ekip H\u0131rvat futbolcunun kazanaca\u011f\u0131 \u00fccreti KAP&#8217;a bildirdi.<\/p>\n<p><strong>Trabzonspor&#8217;dan KAP&#8217;a yap\u0131lan a\u00e7\u0131klama \u015fu \u015fekilde:<\/strong><\/p>\n<p>Serbest Stat\u00fcde yer alan profesyonel futbolcu Borna Barisic ile 2+1 y\u0131ll\u0131k anla\u015fma sa\u011flam\u0131\u015ft\u0131r.<\/p>\n<p>Yap\u0131lan anla\u015fmaya g\u00f6re futbolcuya; Her bir sezon i\u00e7in 1.500.000.-EUR garanti \u00fccret ve 330.000.-EUR imza \u00fccreti \u00f6denecektir.<\/p>\n<p>Futbolcunun, 2025\/2026 futbol sezonunda, Kul\u00fcb\u00fcm\u00fcz\u00fcn S\u00fcper Lig ma\u00e7lar\u0131n\u0131n %50&#8217;sinde ilk 11&#8217;de ba\u015flamas\u0131 halinde mevcut s\u00f6zle\u015fme bir y\u0131l uzayacak olup, futbolcuya 2026\/2027 futbol sezonunda 1.500.000.-EUR garanti \u00fccret ve 330.000.-EUR imza \u00fccreti \u00f6denecektir.<\/p>\n<p>Menajerlik hizmet bedeli olarak, futbolcuya \u00f6denecek br\u00fct \u00fccret tutar\u0131n\u0131n %4&#8217;\u00fc oran\u0131nda \u00f6deme yap\u0131lacakt\u0131r.<\/p>\n\n<p><\/p>\n<p>Kaynak :\u00a0<span style=\"background-color: rgb(255, 249, 236); color: rgb(55, 58, 60); font-size: 14px;\">http:\/\/www.milliyet.com.tr\/skorer\/trabzonspor-borna-barisici-kapa-bildirdi-iste-kazanacagi-ucret-7146645<\/span><\/p>\n","protected":false},"excerpt":{"rendered":"<p>Borna Barisic ile 2+1 y\u0131ll\u0131k anla\u015fmaya varan Trabzonspor, H\u0131rvat futbolcunun kazanaca\u011f\u0131 \u00fccreti KAP&#8217;a bildirdi.<\/p>\n","protected":false},"author":1,"featured_media":80734,"comment_status":"open","ping_status":"open","sticky":false,"template":"","format":"standard","meta":{"footnotes":""},"categories":[7],"tags":[922,1367],"class_list":["post-80733","post","type-post","status-publish","format-standard","has-post-thumbnail","hentry","category-spor","tag-futbolcu","tag-ucret"],"_links":{"self":[{"href":"https:\/\/kamucalisani.net\/index.php\/wp-json\/wp\/v2\/posts\/80733","targetHints":{"allow":["GET"]}}],"collection":[{"href":"https:\/\/kamucalisani.net\/index.php\/wp-json\/wp\/v2\/posts"}],"about":[{"href":"https:\/\/kamucalisani.net\/index.php\/wp-json\/wp\/v2\/types\/post"}],"author":[{"embeddable":true,"href":"https:\/\/kamucalisani.net\/index.php\/wp-json\/wp\/v2\/users\/1"}],"replies":[{"embeddable":true,"href":"https:\/\/kamucalisani.net\/index.php\/wp-json\/wp\/v2\/comments?post=80733"}],"version-history":[{"count":1,"href":"https:\/\/kamucalisani.net\/index.php\/wp-json\/wp\/v2\/posts\/80733\/revisions"}],"predecessor-version":[{"id":80735,"href":"https:\/\/kamucalisani.net\/index.php\/wp-json\/wp\/v2\/posts\/80733\/revisions\/80735"}],"wp:featuredmedia":[{"embeddable":true,"href":"https:\/\/kamucalisani.net\/index.php\/wp-json\/wp\/v2\/media\/80734"}],"wp:attachment":[{"href":"https:\/\/kamucalisani.net\/index.php\/wp-json\/wp\/v2\/media?parent=80733"}],"wp:term":[{"taxonomy":"category","embeddable":true,"href":"https:\/\/kamucalisani.net\/index.php\/wp-json\/wp\/v2\/categories?post=80733"},{"taxonomy":"post_tag","embeddable":true,"href":"https:\/\/kamucalisani.net\/index.php\/wp-json\/wp\/v2\/tags?post=80733"}],"curies":[{"name":"wp","href":"https:\/\/api.w.org\/{rel}","templated":true}]}}