{"id":80946,"date":"2024-08-14T22:36:06","date_gmt":"2024-08-14T22:36:06","guid":{"rendered":"https:\/\/kamucalisani.net\/?p=80946"},"modified":"2024-08-14T22:36:06","modified_gmt":"2024-08-14T22:36:06","slug":"cumhurbaskani-erdogan-slovenya-basbakani-ile-filistini-gorustu","status":"publish","type":"post","link":"https:\/\/kamucalisani.net\/index.php\/2024\/08\/14\/cumhurbaskani-erdogan-slovenya-basbakani-ile-filistini-gorustu\/","title":{"rendered":"Cumhurba\u015fkan\u0131 Erdo\u011fan Slovenya Ba\u015fbakan\u0131 ile Filistin&#8217;i g\u00f6r\u00fc\u015ft\u00fc"},"content":{"rendered":"<p><p>Cumhurba\u015fkanl\u0131\u011f\u0131 \u0130leti\u015fim Ba\u015fkanl\u0131\u011f\u0131ndan yap\u0131lan a\u00e7\u0131klamaya g\u00f6re, g\u00f6r\u00fc\u015fmede, T\u00fcrkiye ile Slovenya ili\u015fkileri, b\u00f6lgesel ve k\u00fcresel konular ele al\u0131nd\u0131.<\/p>\n<p>Slovenya&#8217;n\u0131n, Filistin&#8217;i devlet olarak tan\u0131ma karar\u0131n\u0131 tebrik eden Erdo\u011fan, bu anlay\u0131\u015f\u0131n b\u00f6lgede kal\u0131c\u0131 bar\u0131\u015fa ve huzura katk\u0131 sa\u011flayaca\u011f\u0131n\u0131 vurgulad\u0131.<\/p>\n<p>Cumhurba\u015fkan\u0131 Erdo\u011fan, Slovenya&#8217;n\u0131n milli g\u00fcn\u00fcn\u00fc de kutlad\u0131.<\/p>\n\n<p><\/p>\n<p>Kaynak :\u00a0<span style=\"background-color: rgb(255, 249, 236); color: rgb(55, 58, 60); font-size: 14px;\">http:\/\/www.milliyet.com.tr\/gundem\/cumhurbaskani-erdogan-slovenya-basbakani-ile-filistini-gorustu-7146715<\/span><\/p>\n","protected":false},"excerpt":{"rendered":"<p>Cumhurba\u015fkan\u0131 Erdo\u011fan, Slovenya Ba\u015fbakan\u0131 Golob ile telefon g\u00f6r\u00fc\u015fmesinde, Slovenya&#8217;n\u0131n Filistin&#8217;i tan\u0131ma karar\u0131n\u0131 tebrik etti, bunun kal\u0131c\u0131 bar\u0131\u015fa katk\u0131 sa\u011flayaca\u011f\u0131n\u0131 belirtti.<\/p>\n","protected":false},"author":1,"featured_media":80947,"comment_status":"open","ping_status":"open","sticky":false,"template":"","format":"standard","meta":{"footnotes":""},"categories":[3],"tags":[],"class_list":["post-80946","post","type-post","status-publish","format-standard","has-post-thumbnail","hentry","category-guncel"],"_links":{"self":[{"href":"https:\/\/kamucalisani.net\/index.php\/wp-json\/wp\/v2\/posts\/80946","targetHints":{"allow":["GET"]}}],"collection":[{"href":"https:\/\/kamucalisani.net\/index.php\/wp-json\/wp\/v2\/posts"}],"about":[{"href":"https:\/\/kamucalisani.net\/index.php\/wp-json\/wp\/v2\/types\/post"}],"author":[{"embeddable":true,"href":"https:\/\/kamucalisani.net\/index.php\/wp-json\/wp\/v2\/users\/1"}],"replies":[{"embeddable":true,"href":"https:\/\/kamucalisani.net\/index.php\/wp-json\/wp\/v2\/comments?post=80946"}],"version-history":[{"count":1,"href":"https:\/\/kamucalisani.net\/index.php\/wp-json\/wp\/v2\/posts\/80946\/revisions"}],"predecessor-version":[{"id":80948,"href":"https:\/\/kamucalisani.net\/index.php\/wp-json\/wp\/v2\/posts\/80946\/revisions\/80948"}],"wp:featuredmedia":[{"embeddable":true,"href":"https:\/\/kamucalisani.net\/index.php\/wp-json\/wp\/v2\/media\/80947"}],"wp:attachment":[{"href":"https:\/\/kamucalisani.net\/index.php\/wp-json\/wp\/v2\/media?parent=80946"}],"wp:term":[{"taxonomy":"category","embeddable":true,"href":"https:\/\/kamucalisani.net\/index.php\/wp-json\/wp\/v2\/categories?post=80946"},{"taxonomy":"post_tag","embeddable":true,"href":"https:\/\/kamucalisani.net\/index.php\/wp-json\/wp\/v2\/tags?post=80946"}],"curies":[{"name":"wp","href":"https:\/\/api.w.org\/{rel}","templated":true}]}}