{"id":81705,"date":"2024-08-16T12:12:08","date_gmt":"2024-08-16T12:12:08","guid":{"rendered":"https:\/\/kamucalisani.net\/?p=81705"},"modified":"2024-08-16T12:12:08","modified_gmt":"2024-08-16T12:12:08","slug":"hilalden-1-yil-once-ayrilmisti-cinayetin-sebebi-ortaya-cikti","status":"publish","type":"post","link":"https:\/\/kamucalisani.net\/index.php\/2024\/08\/16\/hilalden-1-yil-once-ayrilmisti-cinayetin-sebebi-ortaya-cikti\/","title":{"rendered":"Hilal\u2019den 1 y\u0131l \u00f6nce ayr\u0131lm\u0131\u015ft\u0131! Cinayetin sebebi ortaya \u00e7\u0131kt\u0131"},"content":{"rendered":"<p><p>Olay, 23 Haziran&#8217;da Ba\u011flar il\u00e7esi 5 Nisan Mahallesi 798&#8217;inci Sokak&#8217;ta meydana geldi. M.D., 6 y\u0131l dini nikahla ya\u015fad\u0131\u011f\u0131 ve 1 y\u0131ld\u0131r ayr\u0131 oldu\u011fu, 1 \u00e7ocuk annesi Hilal Kar&#8217;a, sokakta y\u00fcr\u00fcrken arkas\u0131ndan yakla\u015f\u0131p tabancayla ate\u015f etti. Kar, ba\u015f\u0131na isabet eden kur\u015funla yere y\u0131\u011f\u0131l\u0131rken, M.D. de ka\u00e7t\u0131.<\/p>\n<p>Olay yerinde hayat\u0131n\u0131 kaybetti\u011fi belirlenen Hilal Kar&#8217;\u0131n cenazesi, adli t\u0131p kurumundaki otopsi i\u015flemlerinin ard\u0131ndan Ba\u011flar il\u00e7esinde Yenik\u00f6y Asri Mezarl\u0131\u011f\u0131&#8217;nda topra\u011fa verildi. Polis ekiplerinin M.D.&#8217;yi yakalamak i\u00e7in ba\u015flatt\u0131\u011f\u0131 \u00e7al\u0131\u015fma devam ediyor.<\/p>\n<p><strong>&#8216;5 YA\u015eINDAK\u0130 YE\u011eEN\u0130M EL\u0130NDE, HAYATINDAN END\u0130\u015eEL\u0130Y\u0130Z&#8217;<\/strong><\/p>\n<p>Hilal Kar\u2019\u0131n karde\u015fi Muhammed Kar, M.D.&#8217;nin ablas\u0131n\u0131 \u00e7al\u0131\u015fmas\u0131n\u0131 istemedi\u011fi i\u00e7in \u00f6ld\u00fcrd\u00fc\u011f\u00fcn\u00fc ifade ederek, &#8220;Biz 6 karde\u015fiz. \u00d6ld\u00fcr\u00fclen en b\u00fcy\u00fck ablam\u0131zd\u0131. Ablam Hilal, 6 y\u0131l \u00f6nce M.D. ile evlendi. Bir \u00e7ocu\u011fu var. M.D. arada gelip \u00e7ocu\u011fu al\u0131yordu. En son \u00e7ocu\u011funu almaya geldi\u011finde, \u00e7ocu\u011funun kimli\u011fini al\u0131yor. Sabah saatlerinde de ablam i\u015fe giderken, sokakta ablama &#8216;\u0130\u015fe gitme&#8217; diyor. Tart\u0131\u015f\u0131yorlar. Sonra ablam sokakta giderken arkas\u0131ndan ona s\u0131k\u0131yor ve ablam olay yerinde hayat\u0131n\u0131 kaybediyor. Ablam bir al\u0131\u015fveri\u015f merkezinde \u00e7ocu\u011funa bakmak i\u00e7in \u00e7al\u0131\u015f\u0131yordu. M.D. bunu kabullenemeyince, b\u00f6yle bir giri\u015fimde bulunuyor. Cinayet olduktan sonra akrabalar\u0131m\u0131z bize haber verdi. Biz de adli t\u0131p kurumuna gittik. M.D. isimli \u015fah\u0131s daha \u00f6nce uyu\u015fturucudan cezaevinde yatt\u0131. Biz bu \u015fahs\u0131n bir an \u00f6nce yakalanmas\u0131n\u0131 istiyoruz. 5 ya\u015f\u0131ndaki ye\u011fenim de onun yan\u0131nda. S\u0131k\u0131nt\u0131l\u0131 bir insan oldu\u011fu i\u00e7in ye\u011fenimin hayat\u0131ndan endi\u015feleniyoruz. Bunun ne yapaca\u011f\u0131 belli olmaz. L\u00fctfen bu \u015fahs\u0131 bir an \u00f6nce yakalay\u0131n&#8221; diye konu\u015ftu.<\/p>\n\n<p><\/p>\n<p>Kaynak :\u00a0<span style=\"background-color: rgb(255, 249, 236); color: rgb(55, 58, 60); font-size: 14px;\">http:\/\/www.milliyet.com.tr\/gundem\/hilalden-1-yil-once-ayrilmisti-cinayetin-sebebi-ortaya-cikti-7146997<\/span><\/p>\n","protected":false},"excerpt":{"rendered":"<p>Diyarbak\u0131r\u2019da, dini nikahla ya\u015farken 1 y\u0131l \u00f6nce ayr\u0131ld\u0131\u011f\u0131 Hilal Kar&#8217;\u0131 (33), ba\u015f\u0131ndan vurup \u00f6ld\u00fcren M.D.&#8217;nin yakalanmas\u0131 i\u00e7in \u00e7al\u0131\u015fmalar s\u00fcr\u00fcyor. Hilal&#8217;in karde\u015fi Muhammed Kar, M.D.&#8217;nin ablas\u0131n\u0131, \u00e7al\u0131\u015fmas\u0131n\u0131 istemedi\u011fi i\u00e7in \u00f6ld\u00fcrd\u00fc\u011f\u00fcn\u00fc belirtti.<\/p>\n","protected":false},"author":1,"featured_media":81706,"comment_status":"open","ping_status":"open","sticky":false,"template":"","format":"standard","meta":{"footnotes":""},"categories":[3],"tags":[4986,1344],"class_list":["post-81705","post","type-post","status-publish","format-standard","has-post-thumbnail","hentry","category-guncel","tag-ablam","tag-m-d"],"_links":{"self":[{"href":"https:\/\/kamucalisani.net\/index.php\/wp-json\/wp\/v2\/posts\/81705","targetHints":{"allow":["GET"]}}],"collection":[{"href":"https:\/\/kamucalisani.net\/index.php\/wp-json\/wp\/v2\/posts"}],"about":[{"href":"https:\/\/kamucalisani.net\/index.php\/wp-json\/wp\/v2\/types\/post"}],"author":[{"embeddable":true,"href":"https:\/\/kamucalisani.net\/index.php\/wp-json\/wp\/v2\/users\/1"}],"replies":[{"embeddable":true,"href":"https:\/\/kamucalisani.net\/index.php\/wp-json\/wp\/v2\/comments?post=81705"}],"version-history":[{"count":1,"href":"https:\/\/kamucalisani.net\/index.php\/wp-json\/wp\/v2\/posts\/81705\/revisions"}],"predecessor-version":[{"id":81707,"href":"https:\/\/kamucalisani.net\/index.php\/wp-json\/wp\/v2\/posts\/81705\/revisions\/81707"}],"wp:featuredmedia":[{"embeddable":true,"href":"https:\/\/kamucalisani.net\/index.php\/wp-json\/wp\/v2\/media\/81706"}],"wp:attachment":[{"href":"https:\/\/kamucalisani.net\/index.php\/wp-json\/wp\/v2\/media?parent=81705"}],"wp:term":[{"taxonomy":"category","embeddable":true,"href":"https:\/\/kamucalisani.net\/index.php\/wp-json\/wp\/v2\/categories?post=81705"},{"taxonomy":"post_tag","embeddable":true,"href":"https:\/\/kamucalisani.net\/index.php\/wp-json\/wp\/v2\/tags?post=81705"}],"curies":[{"name":"wp","href":"https:\/\/api.w.org\/{rel}","templated":true}]}}