{"id":81737,"date":"2024-08-16T14:12:06","date_gmt":"2024-08-16T14:12:06","guid":{"rendered":"https:\/\/kamucalisani.net\/?p=81737"},"modified":"2024-08-16T14:12:06","modified_gmt":"2024-08-16T14:12:06","slug":"erdogandan-mark-rutteye-telefon","status":"publish","type":"post","link":"https:\/\/kamucalisani.net\/index.php\/2024\/08\/16\/erdogandan-mark-rutteye-telefon\/","title":{"rendered":"Erdo\u011fan&#8217;dan Mark Rutte&#8217;ye telefon"},"content":{"rendered":"<p><p>Cumhurba\u015fkan\u0131 Recep Tayyip Erdo\u011fan, NATO Genel Sekreterli\u011fi g\u00f6revine se\u00e7ilen Mark Rutte ile bir telefon g\u00f6r\u00fc\u015fmesi ger\u00e7ekle\u015ftirdi.<\/p>\n<p>G\u00f6r\u00fc\u015fmede Cumhurba\u015fkan\u0131 Erdo\u011fan, Rutte\u2019ye yeni g\u00f6revinde ba\u015far\u0131lar diledi. Rutte de g\u00f6r\u00fc\u015fmede Cumhurba\u015fkan\u0131 Erdo\u011fan\u2019a desteklerinden dolay\u0131 te\u015fekk\u00fcr etti.<\/p>\n<p>NATO, Hollanda Ba\u015fbakan\u0131 Rutte&#8217;yi birli\u011fin yeni genel sekreteri olarak atad\u0131. NATO&#8217;dan yap\u0131lan yaz\u0131l\u0131 a\u00e7\u0131klamaya g\u00f6re, Rutte&#8217;nin yeni Genel Sekreter olarak atanmas\u0131na karar verildi. Hollanda Ba\u015fbakan\u0131 Rutte, g\u00f6revi 1 Ekim&#8217;de Jens Stoltenberg&#8217;den devralacak.<\/p>\n<p>Rutte, Hollanda&#8217;da koalisyon h\u00fck\u00fcmetinin bozulmas\u0131 \u00fczerine 7 Temmuz 2023&#8217;te istifa etmi\u015f ve yeni h\u00fck\u00fcmet kurulana kadar ba\u015fbakanl\u0131k g\u00f6revini s\u00fcrd\u00fcr\u00fcp ard\u0131ndan aktif siyaseti b\u0131rakaca\u011f\u0131n\u0131 duyurmu\u015ftu. Stoltenberg&#8217;in g\u00f6revinin bir d\u00f6nem daha uzat\u0131lmayaca\u011f\u0131n\u0131n kesinle\u015fmesinin ard\u0131ndan Rutte, NATO Genel Sekreterli\u011fi adayl\u0131\u011f\u0131n\u0131 a\u00e7\u0131klam\u0131\u015ft\u0131.<\/p>\n<p>K\u0131sa s\u00fcrede bir\u00e7ok \u00fclkenin deste\u011fini kazanan Rutte, son olarak 18 Haziran&#8217;da Macaristan&#8217;\u0131n onay\u0131n\u0131 alm\u0131\u015ft\u0131. 20 Haziran&#8217;da di\u011fer aday Romanya Cumhurba\u015fkan\u0131 Klaus Iohannis&#8217;in \u00e7ekildi\u011fini a\u00e7\u0131klamas\u0131 \u00fczerine Rutte, tek aday kalm\u0131\u015ft\u0131.<\/p>\n<p><strong>DI\u015e\u0130\u015eLER\u0130&#8217;NDEN TEBR\u0130K MESAJI<\/strong><\/p>\n<p>Rutte&#8217;nin Genel Sekreterli\u011fe se\u00e7ilmesinin ard\u0131ndan D\u0131\u015fi\u015fleri Bakanl\u0131\u011f\u0131&#8217;ndan a\u00e7\u0131klama yap\u0131ld\u0131. Bakanl\u0131k a\u00e7\u0131klamas\u0131nda, &#8216;T\u00fcm M\u00fcttefiklerin muvafakat\u0131yla yeni NATO Genel Sekreteri olarak ilan edilen Hollanda Ba\u015fbakan\u0131 Mark Rutte\u2019yi tebrik ediyoruz. Bu vesileyle, g\u00f6reve geldi\u011fi 2014 y\u0131l\u0131ndan bu yana sergiledi\u011fi ba\u015far\u0131l\u0131 liderlik i\u00e7in Genel Sekreter Stoltenberg\u2019e \u015f\u00fckranlar\u0131m\u0131z\u0131 sunuyoruz.&#8217; denildi.<\/p>\n\n<p><\/p>\n<p>Kaynak :\u00a0<span style=\"background-color: rgb(255, 249, 236); color: rgb(55, 58, 60); font-size: 14px;\">http:\/\/www.milliyet.com.tr\/gundem\/erdogandan-mark-rutteye-telefon-7147042<\/span><\/p>\n","protected":false},"excerpt":{"rendered":"<p>Cumhurba\u015fkan\u0131 Erdo\u011fan, NATO Genel Sekreterli\u011fi g\u00f6revine se\u00e7ilen Mark Rutte&#8217;ye yeni g\u00f6revinde ba\u015far\u0131lar diledi.<\/p>\n","protected":false},"author":1,"featured_media":81738,"comment_status":"open","ping_status":"open","sticky":false,"template":"","format":"standard","meta":{"footnotes":""},"categories":[3],"tags":[4993,3831,705,4992],"class_list":["post-81737","post","type-post","status-publish","format-standard","has-post-thumbnail","hentry","category-guncel","tag-genel-sekreter","tag-gorevi","tag-nato","tag-rutte"],"_links":{"self":[{"href":"https:\/\/kamucalisani.net\/index.php\/wp-json\/wp\/v2\/posts\/81737","targetHints":{"allow":["GET"]}}],"collection":[{"href":"https:\/\/kamucalisani.net\/index.php\/wp-json\/wp\/v2\/posts"}],"about":[{"href":"https:\/\/kamucalisani.net\/index.php\/wp-json\/wp\/v2\/types\/post"}],"author":[{"embeddable":true,"href":"https:\/\/kamucalisani.net\/index.php\/wp-json\/wp\/v2\/users\/1"}],"replies":[{"embeddable":true,"href":"https:\/\/kamucalisani.net\/index.php\/wp-json\/wp\/v2\/comments?post=81737"}],"version-history":[{"count":1,"href":"https:\/\/kamucalisani.net\/index.php\/wp-json\/wp\/v2\/posts\/81737\/revisions"}],"predecessor-version":[{"id":81739,"href":"https:\/\/kamucalisani.net\/index.php\/wp-json\/wp\/v2\/posts\/81737\/revisions\/81739"}],"wp:featuredmedia":[{"embeddable":true,"href":"https:\/\/kamucalisani.net\/index.php\/wp-json\/wp\/v2\/media\/81738"}],"wp:attachment":[{"href":"https:\/\/kamucalisani.net\/index.php\/wp-json\/wp\/v2\/media?parent=81737"}],"wp:term":[{"taxonomy":"category","embeddable":true,"href":"https:\/\/kamucalisani.net\/index.php\/wp-json\/wp\/v2\/categories?post=81737"},{"taxonomy":"post_tag","embeddable":true,"href":"https:\/\/kamucalisani.net\/index.php\/wp-json\/wp\/v2\/tags?post=81737"}],"curies":[{"name":"wp","href":"https:\/\/api.w.org\/{rel}","templated":true}]}}