{"id":81915,"date":"2024-08-16T23:00:06","date_gmt":"2024-08-16T23:00:06","guid":{"rendered":"https:\/\/kamucalisani.net\/?p=81915"},"modified":"2024-08-16T23:00:06","modified_gmt":"2024-08-16T23:00:06","slug":"yokten-aciklama-yks-tercihlerinde-bir-ilk","status":"publish","type":"post","link":"https:\/\/kamucalisani.net\/index.php\/2024\/08\/16\/yokten-aciklama-yks-tercihlerinde-bir-ilk\/","title":{"rendered":"Y\u00d6K&#8217;ten a\u00e7\u0131klama: YKS tercihlerinde bir ilk"},"content":{"rendered":"<p><p>Y\u00fcksek\u00f6\u011fretim Kurumlar\u0131 S\u0131nav\u0131 (YKS) sonu\u00e7lar\u0131na g\u00f6re tercih edilecek b\u00f6l\u00fcmlerin yer alaca\u011f\u0131 Y\u00fcksek\u00f6\u011fretim Programlar\u0131 ve Kontenjanlar\u0131 K\u0131lavuzu&#8217;nda bu y\u0131l ilk kez T\u00fcrkiye Yeterlilikler \u00c7er\u00e7evesi (TY\u00c7) logosuna sahip programlara yer verilecek.<\/p>\n<p>Y\u00fcksek\u00f6\u011fretim Kurulundan (Y\u00d6K) yap\u0131lan a\u00e7\u0131klamaya g\u00f6re, T\u00fcrkiye&#8217;de 109 \u00fcniversitenin 894&#8217;\u00fc lisans ve 4&#8217;\u00fc \u00f6nlisans olmak \u00fczere toplam 898 program\u0131, 2024 Y\u0131l\u0131 Y\u00fcksek\u00f6\u011fretim Programlar\u0131 ve Kontenjanlar\u0131 K\u0131lavuzu&#8217;nda ilk defa TY\u00c7 logosuyla yer alacak.<\/p>\n<p>Avrupa Y\u00fcksek\u00f6\u011fretim Alan\u0131 (AYA) ile Y\u00d6K&#8217;\u00fcn uyum \u00e7al\u0131\u015fmalar\u0131 kapsam\u0131nda 23 Aral\u0131k 2021&#8217;den beri gerekli \u015fartlar\u0131 sa\u011flayan y\u00fcksek\u00f6\u011fretim programlar\u0131na mezuniyet belgelerinde TY\u00c7 logosu kullan\u0131m hakk\u0131 veriliyor.<\/p>\n<p>Y\u00fcksek\u00f6\u011fretim mezuniyet belgelerinde TY\u00c7 logosunun kullan\u0131labilmesi i\u00e7in \u00f6ncelikle ilgili program\u0131n Y\u00fcksek\u00f6\u011fretim Kalite Kurulu (Y\u00d6KAK) taraf\u0131ndan yetkilendirilmi\u015f veya tan\u0131nm\u0131\u015f akreditasyon kurulu\u015flar\u0131 taraf\u0131ndan akredite olmas\u0131, program yeterlilik formunun ilgili yeterlilik t\u00fcr belirleyicisi ile uyumlu olmas\u0131 ve yeterlili\u011fin Mesleki Yeterlilik Kurumunca (MYK) y\u00fcr\u00fct\u00fclen T\u00fcrkiye Yeterlilikler Veri Taban\u0131&#8217;nda yer almas\u0131 gerekiyor.<\/p>\n<p>Y\u00d6KAK taraf\u0131ndan yetkilendirilmi\u015f akreditasyon kurulu\u015flar\u0131nca akredite edilmi\u015f y\u00fcksek\u00f6\u011fretim programlar\u0131, Y\u00d6K&#8217;\u00fcn de\u011ferlendirmesi sonucunda TY\u00c7 Kurulu g\u00fcndemine al\u0131nmas\u0131 i\u00e7in MYK&#8217;ye iletiliyor ve TY\u00c7 Kurulunun uygun buldu\u011fu y\u00fcksek\u00f6\u011fretim programlar\u0131, mezuniyet belgelerinde TY\u00c7 logosu kullan\u0131m hakk\u0131na sahip oluyor.<\/p>\n<p>Bu logo, diplomalar\u0131n yurt d\u0131\u015f\u0131nda daha h\u0131zl\u0131 tan\u0131nmas\u0131na ve istihdam imkanlar\u0131n\u0131n art\u0131rmas\u0131na olanak sa\u011flarken, y\u00fcksek\u00f6\u011fretim staj yeterliliklerinin ve yurt d\u0131\u015f\u0131nda ge\u00e7irilen \u00f6\u011frenim d\u00f6nemlerinin kazan\u0131mlar\u0131n\u0131n kar\u015f\u0131l\u0131kl\u0131 do\u011frudan tan\u0131nmas\u0131nda, yatay ve dikey \u00f6\u011frenci hareketlili\u011finde de kolayl\u0131k sa\u011fl\u0131yor.<\/p>\n\n<p><\/p>\n<p>Kaynak :\u00a0<span style=\"background-color: rgb(255, 249, 236); color: rgb(55, 58, 60); font-size: 14px;\">http:\/\/www.milliyet.com.tr\/gundem\/yokten-aciklama-yks-tercihlerinde-bir-ilk-7147122<\/span><\/p>\n","protected":false},"excerpt":{"rendered":"<p>Y\u00fcksek\u00f6\u011fretim Programlar\u0131 ve Kontenjanlar\u0131 K\u0131lavuzu&#8217;nda ilk kez TY\u00c7 logosuna sahip programlara yer verilecek.<\/p>\n","protected":false},"author":1,"featured_media":81916,"comment_status":"open","ping_status":"open","sticky":false,"template":"","format":"standard","meta":{"footnotes":""},"categories":[3],"tags":[5007,5005,5006,1986],"class_list":["post-81915","post","type-post","status-publish","format-standard","has-post-thumbnail","hentry","category-guncel","tag-logosu","tag-tyc","tag-yeterlilik","tag-yuksekogretim"],"_links":{"self":[{"href":"https:\/\/kamucalisani.net\/index.php\/wp-json\/wp\/v2\/posts\/81915","targetHints":{"allow":["GET"]}}],"collection":[{"href":"https:\/\/kamucalisani.net\/index.php\/wp-json\/wp\/v2\/posts"}],"about":[{"href":"https:\/\/kamucalisani.net\/index.php\/wp-json\/wp\/v2\/types\/post"}],"author":[{"embeddable":true,"href":"https:\/\/kamucalisani.net\/index.php\/wp-json\/wp\/v2\/users\/1"}],"replies":[{"embeddable":true,"href":"https:\/\/kamucalisani.net\/index.php\/wp-json\/wp\/v2\/comments?post=81915"}],"version-history":[{"count":1,"href":"https:\/\/kamucalisani.net\/index.php\/wp-json\/wp\/v2\/posts\/81915\/revisions"}],"predecessor-version":[{"id":81917,"href":"https:\/\/kamucalisani.net\/index.php\/wp-json\/wp\/v2\/posts\/81915\/revisions\/81917"}],"wp:featuredmedia":[{"embeddable":true,"href":"https:\/\/kamucalisani.net\/index.php\/wp-json\/wp\/v2\/media\/81916"}],"wp:attachment":[{"href":"https:\/\/kamucalisani.net\/index.php\/wp-json\/wp\/v2\/media?parent=81915"}],"wp:term":[{"taxonomy":"category","embeddable":true,"href":"https:\/\/kamucalisani.net\/index.php\/wp-json\/wp\/v2\/categories?post=81915"},{"taxonomy":"post_tag","embeddable":true,"href":"https:\/\/kamucalisani.net\/index.php\/wp-json\/wp\/v2\/tags?post=81915"}],"curies":[{"name":"wp","href":"https:\/\/api.w.org\/{rel}","templated":true}]}}