{"id":81923,"date":"2024-08-16T23:24:05","date_gmt":"2024-08-16T23:24:05","guid":{"rendered":"https:\/\/kamucalisani.net\/?p=81923"},"modified":"2024-08-16T23:24:05","modified_gmt":"2024-08-16T23:24:05","slug":"ogretmenlik-meslegi-kanunu-teklifi-meclise-sunuldu","status":"publish","type":"post","link":"https:\/\/kamucalisani.net\/index.php\/2024\/08\/16\/ogretmenlik-meslegi-kanunu-teklifi-meclise-sunuldu\/","title":{"rendered":"\u00d6\u011fretmenlik Mesle\u011fi Kanunu Teklifi Meclis&#8217;e sunuldu"},"content":{"rendered":"<p><p>Milli E\u011fitim Akademisi kurulmas\u0131n\u0131 da i\u00e7eren \u00d6\u011fretmenlik Mesle\u011fi Kanunu Teklifi, TBMM Ba\u015fkanl\u0131\u011f\u0131na sunuldu. Milli E\u011fitim Bakanl\u0131\u011f\u0131&#8217;nca ger\u00e7ekle\u015ftirilen &#8220;\u00d6\u011fretmenler Odas\u0131 Bulu\u015fmalar\u0131&#8221;n\u0131n tamam\u0131nda ana ba\u015fl\u0131k olarak ele al\u0131nan \u00d6\u011fretmenlik Meslek Kanunu yeniden incelenerek gelecek nesillerin mimar\u0131 \u00f6\u011fretmenlerin beklenti ve talepleri do\u011frultusunda, daha kapsaml\u0131 yeni bir kanun tasla\u011f\u0131 haz\u0131rland\u0131.<\/p>\n<p>TRT Haber&#8217;in ula\u015ft\u0131\u011f\u0131 kanun tasla\u011f\u0131na g\u00f6re, yeni \u00d6\u011fretmenlik Meslek Kanunu ile Anayasa Mahkemesi&#8217;nin iptal karar\u0131 sebebiyle duran kariyer uygulamas\u0131n\u0131n devam\u0131 sa\u011flanacak.<\/p>\n<p>Uzman \u00f6\u011fretmenlikte 10 y\u0131l bekleme \u015fart\u0131 aranmaks\u0131z\u0131n 20 y\u0131ll\u0131k k\u0131demi dolduran \u00f6\u011fretmenlere ba\u015f\u00f6\u011fretmen unvan\u0131 i\u00e7in ba\u015fvuruda bulunma imkan\u0131 sa\u011flanacak.<\/p>\n<p>Kanun ile \u00f6\u011fretmenlerin mesle\u011fe se\u00e7ilmesinden kariyer basamaklar\u0131nda ilerlemelerine kadar t\u00fcm a\u015famalar\u0131 bir b\u00fct\u00fcnl\u00fck i\u00e7inde sunan, \u00f6\u011fretmenlere \u00f6zg\u00fc kanuni bir d\u00fczenleme ama\u00e7lan\u0131yor.<\/p>\n<p><strong>CEZALAR YARI ORANINDA ARTIRILACAK<\/strong><\/p>\n<p>Cumhuriyet tarihinde ilk olarak \u00f6\u011fretmene y\u00f6nelik i\u015flenen su\u00e7larda cezalar yar\u0131 oran\u0131nda art\u0131r\u0131lacak. Kasten yaralama su\u00e7unda 2 y\u0131l 3 aydan 6 y\u0131l 9 aya kadar hapis cezas\u0131 uygulanacak. Tehdit su\u00e7unda ise 9 aydan 3 y\u0131la kadar, nitelikli hallerde 3 y\u0131ldan 7 y\u0131l 6 aya kadar ceza uygulanacak.<\/p>\n<p><strong>HAP\u0130S CEZALARI ERTELENMEYECEK<\/strong><\/p>\n<p>\u00d6\u011fretmene hakaret su\u00e7unda 1 y\u0131ldan 3 y\u0131la kadar ceza verilebilecek. G\u00f6revi yapt\u0131rmamak i\u00e7in direnme su\u00e7lar\u0131 9 aydan 4 y\u0131l 6 aya kadar, nitelikli hallerde ise 1 y\u0131l 4 aydan 9 y\u0131la kadar hapis cezas\u0131 verilebilecek. \u00d6\u011fretmene y\u00f6nelik i\u015flenen su\u00e7larda verilen hapis cezas\u0131 ertelenmeyecek.<\/p>\n<p><strong>\u00d6ZEL \u00d6\u011eRET\u0130M KURUMLARINDA \u00c7ALI\u015eAN \u00d6\u011eRETMENLER\u0130 DE KAPSAYACAK<\/strong><\/p>\n<p>E\u011fitim \u00e7al\u0131\u015fanlar\u0131n\u0131n \u015fiddetten korunmas\u0131na ili\u015fkin h\u00fck\u00fcmler, \u00f6zel \u00f6\u011fretim kurumlar\u0131nda \u00e7al\u0131\u015fan \u00f6\u011fretmenleri de kapsayacak. E\u011fitim \u00e7al\u0131\u015fanlar\u0131n\u0131n \u015fiddetten korunmas\u0131na ili\u015fkin h\u00fck\u00fcmler; uzman \u00f6\u011fretici, usta \u00f6\u011fretici ve ders \u00fccreti kar\u015f\u0131l\u0131\u011f\u0131 \u00f6\u011fretmenlik yapanlar\u0131 da kaypsayacak.<\/p>\n\n<p><\/p>\n<p>Kaynak :\u00a0<span style=\"background-color: rgb(255, 249, 236); color: rgb(55, 58, 60); font-size: 14px;\">http:\/\/www.milliyet.com.tr\/gundem\/ogretmenlik-meslegi-kanunu-teklifi-meclise-sunuldu-7147128<\/span><\/p>\n","protected":false},"excerpt":{"rendered":"<p>Milli E\u011fitim Akademisi kurulmas\u0131n\u0131 da i\u00e7eren \u00d6\u011fretmenlik Mesle\u011fi Kanunu Teklifi, TBMM Ba\u015fkanl\u0131\u011f\u0131na sunuldu.<\/p>\n","protected":false},"author":1,"featured_media":81924,"comment_status":"open","ping_status":"open","sticky":false,"template":"","format":"standard","meta":{"footnotes":""},"categories":[3],"tags":[386,564,5008],"class_list":["post-81923","post","type-post","status-publish","format-standard","has-post-thumbnail","hentry","category-guncel","tag-ceza","tag-kanun","tag-ogretmenlik"],"_links":{"self":[{"href":"https:\/\/kamucalisani.net\/index.php\/wp-json\/wp\/v2\/posts\/81923","targetHints":{"allow":["GET"]}}],"collection":[{"href":"https:\/\/kamucalisani.net\/index.php\/wp-json\/wp\/v2\/posts"}],"about":[{"href":"https:\/\/kamucalisani.net\/index.php\/wp-json\/wp\/v2\/types\/post"}],"author":[{"embeddable":true,"href":"https:\/\/kamucalisani.net\/index.php\/wp-json\/wp\/v2\/users\/1"}],"replies":[{"embeddable":true,"href":"https:\/\/kamucalisani.net\/index.php\/wp-json\/wp\/v2\/comments?post=81923"}],"version-history":[{"count":1,"href":"https:\/\/kamucalisani.net\/index.php\/wp-json\/wp\/v2\/posts\/81923\/revisions"}],"predecessor-version":[{"id":81925,"href":"https:\/\/kamucalisani.net\/index.php\/wp-json\/wp\/v2\/posts\/81923\/revisions\/81925"}],"wp:featuredmedia":[{"embeddable":true,"href":"https:\/\/kamucalisani.net\/index.php\/wp-json\/wp\/v2\/media\/81924"}],"wp:attachment":[{"href":"https:\/\/kamucalisani.net\/index.php\/wp-json\/wp\/v2\/media?parent=81923"}],"wp:term":[{"taxonomy":"category","embeddable":true,"href":"https:\/\/kamucalisani.net\/index.php\/wp-json\/wp\/v2\/categories?post=81923"},{"taxonomy":"post_tag","embeddable":true,"href":"https:\/\/kamucalisani.net\/index.php\/wp-json\/wp\/v2\/tags?post=81923"}],"curies":[{"name":"wp","href":"https:\/\/api.w.org\/{rel}","templated":true}]}}