{"id":82626,"date":"2024-08-18T01:00:07","date_gmt":"2024-08-18T01:00:07","guid":{"rendered":"https:\/\/kamucalisani.net\/?p=82626"},"modified":"2024-08-18T01:00:07","modified_gmt":"2024-08-18T01:00:07","slug":"realme-13-5gnin-kuresel-versiyonu-geekbenchte-ortaya-cikti-iste-beklenen-ozellikler","status":"publish","type":"post","link":"https:\/\/kamucalisani.net\/index.php\/2024\/08\/18\/realme-13-5gnin-kuresel-versiyonu-geekbenchte-ortaya-cikti-iste-beklenen-ozellikler\/","title":{"rendered":"Realme 13 5G&#8217;nin k\u00fcresel versiyonu, Geekbench&#8217;te ortaya \u00e7\u0131kt\u0131: \u0130\u015fte beklenen \u00f6zellikler"},"content":{"rendered":"<p><figure> <span> <img decoding=\"async\" src=\"https:\/\/kamucalisani.net\/wp-content\/uploads\/2024\/08\/realme-13-5gnin-kuresel-versiyonu-geekbenchte-ortaya-cikti-iste-beklenen-ozellikler-0-inlhi6K4.jpg\"\/> <\/span> Ge\u00e7ti\u011fimiz haftalarda Realme 13 Pro serisini\u00a0Hindistan&#8217;da piyasaya s\u00fcren <strong>Realme<\/strong>, \u015fimdilerde <strong>Realme 13 5G&#8217;yi, <\/strong>k\u00fcresel pazarlarda piyasya s\u00fcrmeye haz\u0131rlan\u0131yor. Yak\u0131n bir zamanda ise cihaz, Geekbench&#8217;te listelendi ve b\u00f6ylece \u00f6nemli \u00f6zellikleri ortaya \u00e7\u0131kt\u0131. <\/figure>\n<p><b>\u0130\u015fte\u00a0Realme 13 5G k\u00fcresel versiyonunun beklenen \u00f6zellikleri:<\/b><\/p>\n<p><strong>RMX3951 <\/strong>model numaras\u0131yla Geekbench&#8217;te ortaya \u00e7\u0131kan Realme 13 5G&#8217;nin k\u00fcresel varyant\u0131, tek \u00e7ekirdek testinde <strong>784 puan <\/strong>ve \u00e7ok \u00e7ekirdek testinde ise <strong>1.760 puan<\/strong> ald\u0131. Ayr\u0131ca listeye g\u00f6re Mali-G57 MC2 GPU ve 2,40 GHz maksimum saat h\u0131z\u0131n\u0131 i\u00e7eren bir i\u015flemciden g\u00fc\u00e7 alacak cihaz, bu verilere g\u00f6re y\u00fcksek ihtimal <strong>MediaTek Dimensity 6300 SoC <\/strong>ile donat\u0131lacak.<\/p>\n<figure> <span> <img decoding=\"async\" src=\"https:\/\/kamucalisani.net\/wp-content\/uploads\/2024\/08\/realme-13-5gnin-kuresel-versiyonu-geekbenchte-ortaya-cikti-iste-beklenen-ozellikler-1-g7kKCfTD.jpg\"\/> <\/span> Realme 13 5G, ge\u00e7mi\u015f s\u0131z\u0131nt\u0131lara g\u00f6reyse <strong>6,72 in\u00e7 LTPS FHD+ <\/strong>ekrana ve 16 MP selfie kameras\u0131na sahip olacak. Ayr\u0131ca\u00a06 GB + 128 GB, 8 GB + 256 GB, 12 GB + 512 GB ve 16 GB + 1 TB olmak \u00fczere d\u00f6rt farkl\u0131 depolama se\u00e7ene\u011fi ile gelecek cihaz\u0131n,\u00a0EIS \u00f6zellikli 12,5 MP&#8217;lik bir kameraya sahip olmas\u0131 ve son olarak <strong>5.000 mAh&#8217;lik<\/strong> bir bataryadan g\u00fc\u00e7 almas\u0131 bekleniyor. <\/figure>\n<\/p>\n<p>Kaynak\u00a0 :\u00a0<span style=\"background-color: rgb(255, 249, 236); color: rgb(55, 58, 60); font-size: 14px;\">https:\/\/www.donanimhaber.com\/realme-13-5g-nin-kuresel-versiyonu-geekbench-te-ortaya-cikti&#8211;180825<\/span><\/p>\n","protected":false},"excerpt":{"rendered":"<p>Ge\u00e7ti\u011fimiz haftalarda Realme 13 Pro serisini\u00a0Hindistan&#8217;da piyasaya s\u00fcren Realme, \u015fimdilerde Realme 13 5G&#8217;yi, k\u00fcresel pazarlarda piyasya s\u00fcrmeye haz\u0131rlan\u0131yor. Yak\u0131n bir zamanda ise cihaz, Geekbench&#8217;te listelendi ve b\u00f6ylece \u00f6nemli \u00f6zellikleri &#8230;<\/p>\n","protected":false},"author":1,"featured_media":82627,"comment_status":"open","ping_status":"open","sticky":false,"template":"","format":"standard","meta":{"footnotes":""},"categories":[8],"tags":[5049],"class_list":["post-82626","post","type-post","status-publish","format-standard","has-post-thumbnail","hentry","category-teknoloji","tag-realme-13"],"_links":{"self":[{"href":"https:\/\/kamucalisani.net\/index.php\/wp-json\/wp\/v2\/posts\/82626","targetHints":{"allow":["GET"]}}],"collection":[{"href":"https:\/\/kamucalisani.net\/index.php\/wp-json\/wp\/v2\/posts"}],"about":[{"href":"https:\/\/kamucalisani.net\/index.php\/wp-json\/wp\/v2\/types\/post"}],"author":[{"embeddable":true,"href":"https:\/\/kamucalisani.net\/index.php\/wp-json\/wp\/v2\/users\/1"}],"replies":[{"embeddable":true,"href":"https:\/\/kamucalisani.net\/index.php\/wp-json\/wp\/v2\/comments?post=82626"}],"version-history":[{"count":1,"href":"https:\/\/kamucalisani.net\/index.php\/wp-json\/wp\/v2\/posts\/82626\/revisions"}],"predecessor-version":[{"id":82630,"href":"https:\/\/kamucalisani.net\/index.php\/wp-json\/wp\/v2\/posts\/82626\/revisions\/82630"}],"wp:featuredmedia":[{"embeddable":true,"href":"https:\/\/kamucalisani.net\/index.php\/wp-json\/wp\/v2\/media\/82627"}],"wp:attachment":[{"href":"https:\/\/kamucalisani.net\/index.php\/wp-json\/wp\/v2\/media?parent=82626"}],"wp:term":[{"taxonomy":"category","embeddable":true,"href":"https:\/\/kamucalisani.net\/index.php\/wp-json\/wp\/v2\/categories?post=82626"},{"taxonomy":"post_tag","embeddable":true,"href":"https:\/\/kamucalisani.net\/index.php\/wp-json\/wp\/v2\/tags?post=82626"}],"curies":[{"name":"wp","href":"https:\/\/api.w.org\/{rel}","templated":true}]}}