{"id":82838,"date":"2024-08-18T12:00:07","date_gmt":"2024-08-18T12:00:07","guid":{"rendered":"https:\/\/kamucalisani.net\/?p=82838"},"modified":"2024-08-18T12:00:07","modified_gmt":"2024-08-18T12:00:07","slug":"erdogan-muhalefeti-elestirdi-suc-ortagi-arayan-para-kulesine-baksin","status":"publish","type":"post","link":"https:\/\/kamucalisani.net\/index.php\/2024\/08\/18\/erdogan-muhalefeti-elestirdi-suc-ortagi-arayan-para-kulesine-baksin\/","title":{"rendered":"Erdo\u011fan muhalefeti ele\u015ftirdi: Su\u00e7 orta\u011f\u0131 arayan para kulesine baks\u0131n"},"content":{"rendered":"<p><p><strong>ANKARA Milliyet &#8211;<\/strong> Cumhurba\u015fkan\u0131 Recep Tayyip Erdo\u011fan, AK Parti TBMM Grup Toplant\u0131s\u0131\u2019nda konu\u015ftu. Erdo\u011fan, \u00f6zetle \u015funlar\u0131 s\u00f6yledi:\u00a0<\/p>\n<p><strong>KUTUPLA\u015eTIRICI S\u0130YASET: <\/strong>AK Parti kuruldu\u011fu g\u00fcnden bug\u00fcne kadar asla gerilim siyaseti g\u00fctmedi. Tam tersine AK Parti T\u00fcrkiye\u2019de kutupla\u015ft\u0131r\u0131c\u0131, kampla\u015ft\u0131r\u0131c\u0131, ayr\u0131\u015ft\u0131r\u0131c\u0131 siyasetin her zaman hedefi ve ma\u011fduru olmu\u015ftur. Bizim siyasette yumu\u015fama, muhataplar\u0131m\u0131z\u0131n ifadesiyle normalle\u015fme \u00e7abam\u0131z asl\u0131nda muhalefeti normalle\u015ftirme \u00e7abas\u0131d\u0131r. S\u0131k\u0131l\u0131 yumruklar\u0131 a\u00e7acak, han\u00e7erleri k\u0131n\u0131na koyacak, dilini, s\u00f6ylemini, siyaset tarz\u0131n\u0131 d\u00fczeltecek olan, yani yumu\u015famas\u0131, normalle\u015fmesi gereken muhalefettir. Bizim son 1 y\u0131lda \u00fcst \u00fcste ya\u015fanan \u00fc\u00e7 se\u00e7im sebebiyle artan siyasi tansiyonu d\u00fc\u015f\u00fcrmek i\u00e7in att\u0131\u011f\u0131m\u0131z ad\u0131mlar\u0131 kimse yanl\u0131\u015f anlamas\u0131n.\u00a0<\/p>\n<p><strong>\u0130TT\u0130FAK OLMAZ:<\/strong> \u0130ktidar partisiyle ana muhalefet partisi aras\u0131nda uzla\u015fma, normalle\u015fme\/yumu\u015fama olur ama siyasi ittifak olmaz. Zira siyasetin de, demokrasinin de, \u00e7ok partili sistemin de f\u0131trat\u0131na ayk\u0131r\u0131d\u0131r. Biz de zaten b\u00f6yle bir \u00e7aba i\u00e7inde de\u011filiz. Bir defa \u015funu kimse unutmas\u0131n: Biz 22 y\u0131ld\u0131r kimi zaman yaln\u0131z kimi zaman da samimi dostlar\u0131m\u0131zla bu yolu y\u00fcr\u00fcyoruz. Bu 22 y\u0131l boyunca CHP\u2019den ho\u015fg\u00f6r\u00fc de nezaket de g\u00f6rmedik. \u0130stiyoruz ki CHP gerilim siyasetini art\u0131k b\u0131raks\u0131n, normalle\u015fsin, milli iradeyle bar\u0131\u015fs\u0131n ve bundan da milletimiz, demokrasimiz kazan\u00e7l\u0131 \u00e7\u0131ks\u0131n.\u00a0<\/p>\n<p><strong>UYSAL KOYUN DE\u011e\u0130L\u0130Z:<\/strong> Diyalo\u011fa \u015fans tan\u0131ma arzumuz; partimize, h\u00fck\u00fcmetimize ve Cumhur \u0130ttifak\u0131\u2019na y\u00f6nelik hadsizlikleri kabullenece\u011fiz; edepli olmam\u0131z, edepsizli\u011fe g\u00f6z yumaca\u011f\u0131m\u0131z anlam\u0131na gelmez. Yumu\u015fak ba\u015fl\u0131y\u0131z ama boynu \u00e7ekilecek uysal koyun da de\u011filiz. \u00c7\u0131km\u0131\u015flar \u2018su\u00e7 ortakl\u0131\u011f\u0131ndan\u2019 bahsediyorlar. Su\u00e7 orta\u011f\u0131 arayanlar kendilerini fazla yormas\u0131n, nereden geldi\u011fini ve halen nereye gitti\u011fini tam olarak a\u00e7\u0131klayamad\u0131klar\u0131 para kulelerine baks\u0131nlar.\u00a0<\/p>\n<p><strong>S\u0130NEYE \u00c7EKMEY\u0130Z:<\/strong> Muhalafetten de yap\u0131c\u0131 davranmalar\u0131n\u0131, asgari siyasi nezakete uymalar\u0131n\u0131, eski al\u0131\u015fkanl\u0131klar\u0131n\u0131 terk ederek normalle\u015fmelerini bekliyoruz. Diyalog s\u00fcreci parti i\u00e7i iktidar kavgas\u0131na kurban edilmemelidir. Muhalefetten gelecek her t\u00fcrl\u00fc m\u00fcspet ele\u015ftiriye de a\u00e7\u0131\u011f\u0131z ama ele\u015ftiri s\u0131n\u0131rlar\u0131n\u0131 a\u015fan yak\u0131\u015f\u0131ks\u0131z ifadeleri de sineye \u00e7ekmeyiz. Cevab\u0131m\u0131z\u0131 misliyle vermekten geri durmay\u0131z.\u00a0<\/p>\n<p><strong>OYUNUN FARKINDAYIZ:<\/strong> 15 Temmuz darbe giri\u015fimine kar\u015f\u0131 \u015fehitlerimizin fedak\u00e2rl\u0131klar\u0131 \u00fczerinde y\u00fckselen Cumhur \u0130ttifak\u0131, T\u00fcrkiye\u2019nin bekas\u0131n\u0131n teminat\u0131 olmu\u015ftur. 8 y\u0131ld\u0131r \u00fclkeye hizmet m\u00fccadelesini ayn\u0131 hissiyat\u0131 ta\u015f\u0131d\u0131\u011f\u0131m\u0131z, \u00fclkemiz, milletimiz ad\u0131na ayn\u0131 duygular\u0131 payla\u015ft\u0131\u011f\u0131m\u0131z yol arkada\u015f\u0131m\u0131z, ittifak orta\u011f\u0131m\u0131z MHP ile omuz omuza y\u00fcr\u00fcyoruz. Cumhur \u0130ttifak\u0131\u2019n\u0131n herhangi bir \u00fcyesine yap\u0131lan sald\u0131r\u0131, do\u011frudan do\u011fruya Cumhur \u0130ttifak\u0131\u2019n\u0131n birli\u011fine, b\u00fct\u00fcnl\u00fc\u011f\u00fcne, insicam\u0131na yap\u0131lm\u0131\u015ft\u0131r. Biz bu sald\u0131r\u0131lara eyvallah demeyiz, ge\u00e7it vermeyiz. Oynanan oyunun da fark\u0131nday\u0131z.\u00a0<\/p>\n<p><strong>TUZA\u011eA D\u00dc\u015eMEYECE\u011e\u0130Z:<\/strong> Gerek Say\u0131n Devlet Bah\u00e7eli gerekse \u015fahs\u0131m, yap\u0131lan sald\u0131r\u0131lar\u0131, fitne \u00e7abalar\u0131n\u0131, o sald\u0131r\u0131lar\u0131n arkas\u0131ndaki akl\u0131, maksad\u0131 ve karanl\u0131k odalar\u0131 gayet net g\u00f6r\u00fcyoruz. Bunlar\u0131n meselesi MHP\u2019den ziyade T\u00fcrkiye\u2019nin g\u00fcvencesi olan Cumhur \u0130ttifak\u0131\u2019d\u0131r. Allah\u2019\u0131n izniyle bu tuza\u011fa d\u00fc\u015fmeyece\u011fiz. \u015eunu herkes zihnine adeta m\u0131h gibi kaz\u0131s\u0131n; 15 Temmuz gecesi darbecilere kar\u015f\u0131 meydanlarda kurulan Cumhur \u0130ttifak\u0131 sapasa\u011flam ayaktad\u0131r. Cumhur \u0130ttifak\u0131 olarak sars\u0131lmadan yolumuza devam edece\u011fiz.\u00a0<\/p>\n<p><strong>Be\u015ftepe\u2019de 50 dakikal\u0131k zirve<\/strong><\/p>\n<p>Cumhurba\u015fkan\u0131 Recep Tayyip Erdo\u011fan, MHP Genel Ba\u015fkan\u0131 Devlet Bah\u00e7eli ile g\u00f6r\u00fc\u015ft\u00fc. Be\u015ftepe\u2019deki zirve, her iki liderin Cumhur \u0130ttifak\u0131\u2019n\u0131n \u00f6nemine vurgu yapan mesajlar\u0131n\u0131n ard\u0131ndan geldi. Siyasette yumu\u015fama ve normalle\u015fme a\u00e7\u0131klamalar\u0131n\u0131n ard\u0131ndan beklenen Erdo\u011fan-Bah\u00e7eli bulu\u015fmas\u0131 d\u00fcn ger\u00e7ekle\u015fti. Cumhurba\u015fkanl\u0131\u011f\u0131 K\u00fclliyesi\u2019nde bas\u0131na kapal\u0131 ger\u00e7ekle\u015fen kabul, yakla\u015f\u0131k 50 dakika s\u00fcrd\u00fc. G\u00f6r\u00fc\u015fme sonras\u0131 resmi bir a\u00e7\u0131klama yap\u0131lmad\u0131. \u0130ki lider, Bah\u00e7eli\u2019nin \u201csiyasette yumu\u015fama\u201d konulu a\u00e7\u0131klamalar\u0131ndan sonra ilk defa y\u00fcz y\u00fcze g\u00f6r\u00fc\u015fm\u00fc\u015f oldu. D\u00fcnk\u00fc zirve, Erdo\u011fan ve Bah\u00e7eli\u2019nin 2024 y\u0131l\u0131ndaki 4. g\u00f6r\u00fc\u015fmesi olarak kay\u0131tlara ge\u00e7ti. Cumhur \u0130ttifak\u0131\u2019n\u0131n iki lideri son olarak 10 May\u0131s\u2019ta Cumhurba\u015fkanl\u0131\u011f\u0131 K\u00fclliyesi\u2019nde g\u00f6r\u00fc\u015fm\u00fc\u015ft\u00fc. <strong>&#8211; ANKARA Milliyet<\/strong><\/p>\n<p><strong>L\u00fcbnan Ba\u015fbakan\u0131 ile g\u00f6r\u00fc\u015ft\u00fc<\/strong><\/p>\n<p>Cumhurba\u015fkan\u0131 Erdo\u011fan, L\u00fcbnan Ba\u015fbakan\u0131 Necip Mikati ile telefonda g\u00f6r\u00fc\u015ft\u00fc. G\u00f6r\u00fc\u015fmede; Erdo\u011fan, \u00e7ok ge\u00e7 olmadan uluslararas\u0131 toplum ile \u0130slam d\u00fcnyas\u0131n\u0131n b\u00f6lgesel ve k\u00fcresel bar\u0131\u015f\u0131 tehdit eden \u0130srail\u2019e \u2018art\u0131k yeter\u2019 demesi gerekti\u011fini belirtti. \u25cf ANKARA Milliyet<\/p>\n\n<p><\/p>\n<p>Kaynak :\u00a0<span style=\"background-color: rgb(255, 249, 236); color: rgb(55, 58, 60); font-size: 14px;\">http:\/\/www.milliyet.com.tr\/gundem\/erdogan-muhalefeti-elestirdi-suc-ortagi-arayan-para-kulesine-baksin-7147383<\/span><\/p>\n","protected":false},"excerpt":{"rendered":"<p>Cumhurba\u015fkan\u0131 Erdo\u011fan, AK Parti Grup Toptant\u0131s\u0131\u2019nda CHP\u2019yi ele\u015ftirerek \u201cYumu\u015fak ba\u015fl\u0131y\u0131z ama boynu \u00e7ekilecek uysal koyun da de\u011filiz. \u00c7\u0131km\u0131\u015flar \u2018su\u00e7 ortakl\u0131\u011f\u0131ndan\u2019 bahsediyorlar. Su\u00e7 orta\u011f\u0131 arayanlar, nereden geldi\u011fini a\u00e7\u0131klayamad\u0131klar\u0131 para kulelerine baks\u0131nlar\u201d dedi<\/p>\n","protected":false},"author":1,"featured_media":82839,"comment_status":"open","ping_status":"open","sticky":false,"template":"","format":"standard","meta":{"footnotes":""},"categories":[3],"tags":[3551,4990,582,1538,5067],"class_list":["post-82838","post","type-post","status-publish","format-standard","has-post-thumbnail","hentry","category-guncel","tag-bahceli","tag-cumhur-ittifaki","tag-parti","tag-siyaset","tag-yumusama"],"_links":{"self":[{"href":"https:\/\/kamucalisani.net\/index.php\/wp-json\/wp\/v2\/posts\/82838","targetHints":{"allow":["GET"]}}],"collection":[{"href":"https:\/\/kamucalisani.net\/index.php\/wp-json\/wp\/v2\/posts"}],"about":[{"href":"https:\/\/kamucalisani.net\/index.php\/wp-json\/wp\/v2\/types\/post"}],"author":[{"embeddable":true,"href":"https:\/\/kamucalisani.net\/index.php\/wp-json\/wp\/v2\/users\/1"}],"replies":[{"embeddable":true,"href":"https:\/\/kamucalisani.net\/index.php\/wp-json\/wp\/v2\/comments?post=82838"}],"version-history":[{"count":1,"href":"https:\/\/kamucalisani.net\/index.php\/wp-json\/wp\/v2\/posts\/82838\/revisions"}],"predecessor-version":[{"id":82840,"href":"https:\/\/kamucalisani.net\/index.php\/wp-json\/wp\/v2\/posts\/82838\/revisions\/82840"}],"wp:featuredmedia":[{"embeddable":true,"href":"https:\/\/kamucalisani.net\/index.php\/wp-json\/wp\/v2\/media\/82839"}],"wp:attachment":[{"href":"https:\/\/kamucalisani.net\/index.php\/wp-json\/wp\/v2\/media?parent=82838"}],"wp:term":[{"taxonomy":"category","embeddable":true,"href":"https:\/\/kamucalisani.net\/index.php\/wp-json\/wp\/v2\/categories?post=82838"},{"taxonomy":"post_tag","embeddable":true,"href":"https:\/\/kamucalisani.net\/index.php\/wp-json\/wp\/v2\/tags?post=82838"}],"curies":[{"name":"wp","href":"https:\/\/api.w.org\/{rel}","templated":true}]}}