{"id":82904,"date":"2024-08-18T16:12:06","date_gmt":"2024-08-18T16:12:06","guid":{"rendered":"https:\/\/kamucalisani.net\/?p=82904"},"modified":"2024-08-18T16:12:06","modified_gmt":"2024-08-18T16:12:06","slug":"bilal-mese-hakan-calhanoglunun-golunun-perde-arkasini-anlatti-bir-isyandi-anlayanlara","status":"publish","type":"post","link":"https:\/\/kamucalisani.net\/index.php\/2024\/08\/18\/bilal-mese-hakan-calhanoglunun-golunun-perde-arkasini-anlatti-bir-isyandi-anlayanlara\/","title":{"rendered":"Bilal Me\u015fe, Hakan \u00c7alhano\u011flu&#8217;nun gol\u00fcn\u00fcn perde arkas\u0131n\u0131 anlatt\u0131: Bir isyand\u0131 anlayanlara"},"content":{"rendered":"<p><p>EURO 2024 F Grubu&#8217;nun son ma\u00e7\u0131nda A Milli Futbol Tak\u0131m\u0131, \u00c7ekya ile kar\u015f\u0131 kar\u015f\u0131ya geldi. 2-1 kazan\u0131lan ma\u00e7\u0131n ard\u0131ndan A Milli Futbol Tak\u0131m\u0131 ad\u0131n\u0131 son 16 turuna yazd\u0131rd\u0131. Galibiyet sonras\u0131 spor yazarlar\u0131 ma\u00e7\u0131 de\u011ferlendirirdi.<\/p>\n<p><span><strong>ERCAN G\u00dcVEN: \u00c7IKTIK A\u00c7IK ALINLA \/ M\u0130LL\u0130YET<\/strong><\/span><br \/>G\u00fcrcistan kar\u015f\u0131s\u0131nda \u015fans\u0131 deneyimleyip, Portekiz ile hatalar\u0131m\u0131zla y\u00fczle\u015ftikten sonra \u00c7ekya ma\u00e7\u0131nda kapasitemizi anlad\u0131k ve aln\u0131m\u0131z\u0131n ak\u0131yla \u00e7\u0131kt\u0131k gruptan.<br \/>Turnuva b\u00f6yle bir \u015fey zaten. Her ma\u00e7 ayr\u0131 bir ser\u00fcven. Futbolun yo\u011funla\u015ft\u0131r\u0131lm\u0131\u015f hali. Bundan sonras\u0131 daha da \u00e7\u0131lg\u0131n. Dayanan ayakta kal\u0131r. \u015eimdilik dimdik duruyoruz.<br \/>Kazand\u0131k ama sorunlar\u0131 da biliyoruz.<br \/>En ba\u015fta g\u00fcven eksik. Sonra g\u00fcc\u00fcn\u00fcn fark\u0131nda olmamak var. Ard\u0131ndan oyunda tercihlerde hata yapmak. Bu ko\u015fullara ra\u011fmen gruptan \u00e7\u0131k\u0131p son 16\u2019ya kalmak ise en \u00f6nemli en alk\u0131\u015flanacak meziyetimiz; o kadar.<\/p>\n<div>\n<div> <img decoding=\"async\" src=\"https:\/\/kamucalisani.net\/wp-content\/uploads\/2024\/08\/bilal-mese-hakan-calhanoglunun-golunun-perde-arkasini-anlatti-bir-isyandi-anlayanlara-0-5XqfpgTJ.jpg\"\/><\/img> <\/div>\n<\/p><\/div>\n<\/p>\n<p><strong>T\u00dcRK\u0130YE&#8217;YE TAT\u0130LE B\u0130LE GELEMEZD\u0130<\/strong><br \/>Bir acayipti ma\u00e7\u0131n ilk yar\u0131s\u0131\u2026 Paralel ma\u00e7ta G\u00fcrcistan\u2019\u0131n Portekiz\u2019e att\u0131\u011f\u0131 gol milli tak\u0131m\u0131m\u0131z\u0131n ba\u015f\u0131nda sallanan Demokles\u2019in k\u0131l\u0131c\u0131na d\u00f6nm\u00fc\u015f, di\u011fer yandan \u00c7ek tak\u0131m\u0131ndan Barak, hen\u00fcz 20. dakikada iki sar\u0131 kartla oyun d\u0131\u015f\u0131 kal\u0131p, iyi ba\u015flayan \u00c7ekya\u2019y\u0131 frenlemi\u015fti\u2026 Ki, bizden biri ayn\u0131 \u015feyi yapsa uzun s\u00fcre T\u00fcrkiye\u2019ye tatile bile gelemezdi.<br \/>Eksik \u00c7ekya\u2019ya a\u011f\u0131r bask\u0131 yapt\u0131 millilerimiz. Kendi yar\u0131 alan\u0131na kapat\u0131p kap\u0131s\u0131n\u0131 m\u00fch\u00fcrledi. Rakip tak\u0131m\u0131n t\u00fcm\u00fcn\u00fc savunmaya dizdi. Ama bu nas\u0131l bask\u0131ysa \u00c7ekya\u2019n\u0131n \u00fc\u00e7 pozisyonu var ilk yar\u0131da, T\u00fcrkiye\u2019nin s\u0131f\u0131r! Orta yapsan olmuyor; adamlardan be\u015f tanesi 1.90 \u00fczeri. Savunmay\u0131 delmeye \u00e7al\u0131\u015fsan ne o h\u0131z var bizimkilerde ne de o kalabal\u0131\u011f\u0131 a\u015facak organizasyon. Bari bir santrfor olsa!<br \/>M\u00fcthi\u015f (!) bask\u0131 yapt\u0131\u011f\u0131m\u0131z ilk yar\u0131 biterken soldan 60 metre bombo\u015f gelen \u00c7eklerin ata\u011f\u0131 gol olmad\u0131ysa kaleci Mert\u2019in sayesinde. Bombo\u015f geldiler. \u00c7\u00fcnk\u00fc stoperlerimiz Merih ve Samet hamle oyuncusu; geni\u015f alanda ap\u0131\u015f\u0131p kal\u0131yorlar. Ya da sar\u0131 kart al\u0131yorlar.<\/p>\n<div>\n<div> <img decoding=\"async\" src=\"https:\/\/kamucalisani.net\/wp-content\/uploads\/2024\/08\/bilal-mese-hakan-calhanoglunun-golunun-perde-arkasini-anlatti-bir-isyandi-anlayanlara-1-Mnj8A5eu.jpg\"\/><\/img> <\/div>\n<\/p><\/div>\n<p>Montella ikinci yar\u0131ya sar\u0131 kartl\u0131 Salih\u2019in yerine Kaan Ayhan\u2019\u0131 koyarak, milli tak\u0131m\u0131m\u0131z ise pozisyon fukaral\u0131\u011f\u0131ndan \u00e7\u0131karak ba\u015flad\u0131. Hakan\u2019\u0131n gol\u00fcyle \u00f6ne ge\u00e7tik ama sevincimiz 15 dakika s\u00fcrd\u00fc, on ki\u015filik \u00c7ekya kalecimiz Mert\u2019e bariz faulle de olsa gol\u00fc att\u0131. Asl\u0131nda savunma hesaba kat\u0131l\u0131rsa biz de on ki\u015fi oynuyor say\u0131l\u0131rd\u0131k. Arda ve Kenan\u2019\u0131 da katarsan\u0131z sekiz ki\u015fi!<br \/>Niye tutturuyorlar acaba; Arda orta sahada \u00f6nde bulu\u015ftu\u011fu topu pes edip rakibine b\u0131rakacak kadar eksik oynuyor i\u015fte. E\u011frisi do\u011frusuna gelecek ceza yay\u0131ndan bir muz atacak, olmazsa onun d\u0131\u015f\u0131nda kuliste.<br \/>Arda ile Kenan \u00e7\u0131k\u0131p Cenk ve Kerem\u2019in girmesi milli tak\u0131m\u0131m\u0131z\u0131n \u00f6ndeki aksiyonlar\u0131n\u0131 art\u0131rmak ve \u00e7\u0131lg\u0131n gibi gol arayan \u00c7ekya\u2019y\u0131 biraz olsun frenlemek bir yana uzun zamand\u0131r ele\u015ftirilen \u201csantrforsuz oynama\u201d tak\u0131nt\u0131s\u0131n\u0131 son 16 arifesinde bir kere daha d\u00fc\u015f\u00fcnd\u00fcrmeli Montella\u2019ya.<br \/>Hele Cenk\u2019in ma\u00e7a noktay\u0131 koyan 90+3\u2019teki \u015f\u0131k gol\u00fcnden sonra.<\/p>\n<p><span><strong>B\u0130LAL ME\u015eE: B\u0130Z B\u00d6YLEY\u0130Z, ZORU SEVER\u0130Z \/ M\u0130LL\u0130YET<\/strong><\/span><br \/>Elbette b\u00fcy\u00fck turnuvalara kat\u0131lmak \u00f6nemli bir ba\u015far\u0131d\u0131r. Fakat as\u0131l olan \u2018misafir\u2019 de\u011fil, \u2018kal\u0131c\u0131\u2019 olmakt\u0131r! S\u0131k\u0131nt\u0131 da burada yat\u0131yor, s\u00fcrekli u\u00e7urum kenarlar\u0131nda turlad\u0131\u011f\u0131m\u0131z elemeleri an\u0131ms\u0131yorum!<br \/>Neyse ki bu kez ba\u015fard\u0131k, son 16\u2019ya ad\u0131m\u0131z\u0131 yazd\u0131rd\u0131k. Ma\u00e7lar \u00f6ncesi Portekiz\u2019in yan\u0131 s\u0131ra T\u00fcrkiye ka\u011f\u0131t \u00fczerinde favoriydi. Ancak G\u00fcrcistan\u2019\u0131 yenerken \u00e7ok zorland\u0131k, Portekiz\u2019e kaybettik ve umudumuzu \u00c7ekya ma\u00e7\u0131na ta\u015f\u0131d\u0131k.<br \/>\u00c7ekya\u2019y\u0131 tan\u0131yoruz, fizikli ve y\u00fcksek toplarda etkili olduklar\u0131n\u0131 c\u00fcmle alem biliyor. B\u00f6ylesi bir rakip kar\u015f\u0131s\u0131nda topu yere indirerek ba\u015flad\u0131k ma\u00e7a&#8230; Montella\u2019n\u0131n 11 tercihini tart\u0131\u015facak halimiz yok, savunma malum, s\u0131k\u0131nt\u0131l\u0131, di\u011fer b\u00f6lgeler yeterli ve de etkili.<\/p>\n<div>\n<div> <img decoding=\"async\" src=\"https:\/\/kamucalisani.net\/wp-content\/uploads\/2024\/08\/bilal-mese-hakan-calhanoglunun-golunun-perde-arkasini-anlatti-bir-isyandi-anlayanlara-2-ntCEQMGQ.jpg\"\/><\/img> <\/div>\n<\/p><\/div>\n<p>Ma\u00e7\u0131n 20. dakikas\u0131nda Barak\u2019\u0131n \u00e7ift sar\u0131dan k\u0131zarmas\u0131, bu zorlu ma\u00e7ta adeta piyangoydu bizim ad\u0131m\u0131za. Nitekim aya\u011fa paslarla, eksik kalan rakibimizi zorlad\u0131k. Ne var ki ilk yar\u0131da kilidi a\u00e7amad\u0131k. Mert G\u00fcnok\u2019un kritik kurtar\u0131\u015flar\u0131n\u0131 da not d\u00fc\u015felim.<\/p>\n<p><strong>B\u0130R \u0130SYANDI ANLAYANLARA<\/strong><br \/>\u00c7ilingir ar\u0131yorduk, nihayet 51\u2019de bulduk. Kaptan Hakan \u00e7aprazdan uzak k\u00f6\u015feyi g\u00f6r\u00fcrken, y\u00fcz ifadesi \u00e7ok \u015fey anlat\u0131yordu. Ku\u015fkusuz bir isyand\u0131, anlayanlara! O tela\u015f yok mu, stresi de birlikte getirir her zaman. Hakan\u2019\u0131n gol\u00fcnden sonra 10 ki\u015fiyle ofansa d\u00f6nen \u00c7ekya, 66\u2019da Soucek ile skoru e\u015fitledi.Ancak Mert\u2019e Chory taraf\u0131ndan yap\u0131lan y\u00fczde y\u00fcz fauld\u00fc. VAR inceledi, Rumen hakem gol\u00fc verdi. Ahh Mert ahh, b\u0131rak topu tutma, yumrukla gitsin g\u00fczel adam!<br \/>Kovacs tuhaf bir hakem, eli cebinden \u00e7\u0131kmad\u0131, sar\u0131 \u00fcst\u00fcne sar\u0131, f\u0131rsat bulsa iki tak\u0131m\u0131n tamam\u0131na kart \u00e7\u0131karacakt\u0131!<br \/>75\u2019te Kerem ile birlikte sahaya giren Cenk, diken \u00fcst\u00fcnde oldu\u011fumuz anlarda 90+4\u2019te m\u00fckemmel bir gol att\u0131, ay- y\u0131ld\u0131zl\u0131 ekibimizi 16\u2019ya ta\u015f\u0131d\u0131.<br \/>\u0130\u015fte biz buyuz arkada\u015f&#8230; \u015eartlar ne olursa olsun, zoru ba\u015farmay\u0131 seviyoruz. Helal olsun al\u0131n terinize, y\u00fcre\u011finize, seviyoruz sizleri, yolunuz a\u00e7\u0131k \u015fans\u0131n\u0131z bol olsun. Durmak yok, yola devam, yeni hedef Avusturya!<br \/>Bu arada seni de seviyoruz Montella, d\u00fc\u015fman de\u011filiz asla&#8230;<\/p>\n\n<p><\/p>\n<p>Kaynak :\u00a0<span style=\"background-color: rgb(255, 249, 236); color: rgb(55, 58, 60); font-size: 14px;\">http:\/\/www.milliyet.com.tr\/skorer\/bilal-mese-hakan-calhanoglunun-golunun-perde-arkasini-anlatti-bir-isyandi-anlayanlara-7147434<\/span><\/p>\n","protected":false},"excerpt":{"rendered":"<p>EURO 2024&#8217;te A Milli Tak\u0131m, \u00c7ekya&#8217;y\u0131 2-1 ma\u011flup ederek ad\u0131n\u0131 son 16 turuna yazd\u0131rd\u0131. Galibiyet sonras\u0131 spor yazarlar\u0131 ma\u00e7\u0131 de\u011ferlendirirken Cenk Tosun hamlesine dikkat \u00e7ekti. \u00d6te yandan Bilal Me\u015fe, Hakan \u00c7alhano\u011flu&#8217;nun golden sonraki g\u00f6r\u00fcnt\u00fcs\u00fcn\u00fc yorumlad\u0131.<\/p>\n","protected":false},"author":1,"featured_media":82905,"comment_status":"open","ping_status":"open","sticky":false,"template":"","format":"standard","meta":{"footnotes":""},"categories":[7],"tags":[1134,289,288,623,348],"class_list":["post-82904","post","type-post","status-publish","format-standard","has-post-thumbnail","hentry","category-spor","tag-cekya","tag-gol","tag-mac","tag-milli","tag-takimi"],"_links":{"self":[{"href":"https:\/\/kamucalisani.net\/index.php\/wp-json\/wp\/v2\/posts\/82904","targetHints":{"allow":["GET"]}}],"collection":[{"href":"https:\/\/kamucalisani.net\/index.php\/wp-json\/wp\/v2\/posts"}],"about":[{"href":"https:\/\/kamucalisani.net\/index.php\/wp-json\/wp\/v2\/types\/post"}],"author":[{"embeddable":true,"href":"https:\/\/kamucalisani.net\/index.php\/wp-json\/wp\/v2\/users\/1"}],"replies":[{"embeddable":true,"href":"https:\/\/kamucalisani.net\/index.php\/wp-json\/wp\/v2\/comments?post=82904"}],"version-history":[{"count":1,"href":"https:\/\/kamucalisani.net\/index.php\/wp-json\/wp\/v2\/posts\/82904\/revisions"}],"predecessor-version":[{"id":82909,"href":"https:\/\/kamucalisani.net\/index.php\/wp-json\/wp\/v2\/posts\/82904\/revisions\/82909"}],"wp:featuredmedia":[{"embeddable":true,"href":"https:\/\/kamucalisani.net\/index.php\/wp-json\/wp\/v2\/media\/82905"}],"wp:attachment":[{"href":"https:\/\/kamucalisani.net\/index.php\/wp-json\/wp\/v2\/media?parent=82904"}],"wp:term":[{"taxonomy":"category","embeddable":true,"href":"https:\/\/kamucalisani.net\/index.php\/wp-json\/wp\/v2\/categories?post=82904"},{"taxonomy":"post_tag","embeddable":true,"href":"https:\/\/kamucalisani.net\/index.php\/wp-json\/wp\/v2\/tags?post=82904"}],"curies":[{"name":"wp","href":"https:\/\/api.w.org\/{rel}","templated":true}]}}