{"id":83331,"date":"2024-08-19T10:48:06","date_gmt":"2024-08-19T10:48:06","guid":{"rendered":"https:\/\/kamucalisani.net\/?p=83331"},"modified":"2024-08-19T10:48:06","modified_gmt":"2024-08-19T10:48:06","slug":"emekli-astsubayin-vasiyeti-olumunden-11-yil-sonra-topraga-verilecek","status":"publish","type":"post","link":"https:\/\/kamucalisani.net\/index.php\/2024\/08\/19\/emekli-astsubayin-vasiyeti-olumunden-11-yil-sonra-topraga-verilecek\/","title":{"rendered":"Emekli astsubay\u0131n vasiyeti! \u00d6l\u00fcm\u00fcnden 11 y\u0131l sonra topra\u011fa verilecek"},"content":{"rendered":"<p><p>Denizli&#8217;de ya\u015fayan emekli astsubay Saymaz, zat\u00fcrre te\u015fhisiyle g\u00f6t\u00fcr\u00fcld\u00fc\u011f\u00fc Bursa Ali Osman S\u00f6nmez Onkoloji Hastanesi&#8217;nde 2013 y\u0131l\u0131nda 67 ya\u015f\u0131ndayken vefat etti. Vasiyeti \u00fczerine yak\u0131nlar\u0131, Saymaz&#8217;\u0131n bedenini kadavra olarak kullan\u0131lmak \u00fczere Bursa Uluda\u011f \u00dcniversitesi (BU\u00dc) T\u0131p Fak\u00fcltesine ba\u011f\u0131\u015flad\u0131.<\/p>\n<p>\u00dcniversitede yakla\u015f\u0131k 11 y\u0131l t\u0131p \u00f6\u011frencilerinin e\u011fitimi i\u00e7in kullan\u0131lan Saymaz&#8217;\u0131n bedeni, yine ailesinin talebi \u00fczerine defnedilmek \u00fczere karde\u015fi Ergin Saymaz (65), k\u0131zlar\u0131 \u00c7i\u011fdem Saymaz Narl\u0131 (56) ve Semra Kama&#8217;ya (58) t\u00f6renle teslim edildi.<\/p>\n<p>\u00c7i\u011fdem Saymaz Narl\u0131, gazetecilere, babas\u0131n\u0131n emekliye ayr\u0131lmadan \u00f6nce Denizli&#8217;de askeri hastanede r\u00f6ntgen teknisyeni olarak g\u00f6rev yapt\u0131\u011f\u0131n\u0131 s\u00f6yledi.<\/p>\n<div>\n<div> <img decoding=\"async\" src=\"https:\/\/kamucalisani.net\/wp-content\/uploads\/2024\/08\/emekli-astsubayin-vasiyeti-olumunden-11-yil-sonra-topraga-verilecek-0-N7zO4XZA.jpg\"\/><\/img> <\/div>\n<\/p><\/div>\n<\/p>\n<p><strong>KADAVRA VAS\u0130YET\u0130<\/strong><\/p>\n<p>Babas\u0131n\u0131n bu kentte zat\u00fcrre te\u015fhisiyle yakla\u015f\u0131k bir ay hastanede tedavi g\u00f6rd\u00fc\u011f\u00fcn\u00fc, daha sonra kendisine Bursa&#8217;ya getirdiklerini belirten Narl\u0131, \u015funlar\u0131 kaydetti:<\/p>\n<p>&#8220;Annem kabul etmeyece\u011fi i\u00e7in bana, amcama s\u00f6yledi. Haberlerde, doktor adaylar\u0131n\u0131n kadavra olmad\u0131\u011f\u0131 i\u00e7in s\u0131k\u0131nt\u0131 ya\u015fad\u0131\u011f\u0131n\u0131 g\u00f6rm\u00fc\u015f. Kadavra ihtiyac\u0131 oldu\u011funu duymu\u015f, &#8216;Vefat edersem beni kadavra olarak ba\u011f\u0131\u015flay\u0131n.&#8217; diye \u0131srar etti. Ba\u011f\u0131\u015f yaparken bize 5 y\u0131l dediler. Korona ve deprem d\u00f6neminde kullan\u0131lmad\u0131\u011f\u0131 s\u00f6ylendi. Ge\u00e7en y\u0131llarda telefonla arad\u0131m. Kadavra eksikli\u011finden dolay\u0131 daha uzun kalm\u0131\u015f. 11 y\u0131l babam\u0131n hep ya\u015fad\u0131\u011f\u0131n\u0131 d\u00fc\u015f\u00fcnd\u00fcm, bug\u00fcn bir eksik tamamlanm\u0131\u015f gibi olacak.&#8221;<\/p>\n<p>BU\u00dc T\u0131p Fak\u00fcltesi Anatomi Ana Bilim Dal\u0131 Ba\u015fkan\u0131 Prof. Dr. Erdo\u011fan \u015eendemir ise t\u00f6rende yapt\u0131\u011f\u0131 konu\u015fmada, T\u00fcrkiye&#8217;de 120 t\u0131p fak\u00fcltesi olmas\u0131na ra\u011fmen beden ba\u011f\u0131\u015f\u0131 say\u0131s\u0131n\u0131n \u00e7ok d\u00fc\u015f\u00fck oldu\u011funu bildirdi.<\/p>\n<p>Saymaz&#8217;\u0131n, binlerce t\u0131p fak\u00fcltesi \u00f6\u011frencisine en iyi e\u011fitimi alabilmeleri i\u00e7in bedenini ba\u011f\u0131\u015flayarak b\u00fcy\u00fck bir hizmette bulundu\u011funu vurgulayan \u015eendemir, &#8220;Uzunca s\u00fcre insanl\u0131\u011fa hizmet etmi\u015f Fehmettin Saymaz&#8217;\u0131 ve yak\u0131nlar\u0131n\u0131 \u015f\u00fckranla u\u011furlamak istiyoruz. B\u00fcy\u00fck bir bor\u00e7tur, \u00f6\u011frencilerimiz buna sayg\u0131yla yakla\u015f\u0131p alabilecekleri en b\u00fcy\u00fck e\u011fitim ve bilgiyi Fehmettin Saymaz&#8217;dan alm\u0131\u015flard\u0131r.&#8221; dedi.<\/p>\n<p>T\u00f6renin ard\u0131ndan cenaze arac\u0131na konulan Saymaz&#8217;\u0131n bedeni, yak\u0131nlar\u0131 taraf\u0131ndan defnedilmek \u00fczere Bal\u0131kesir&#8217;in Ayval\u0131k il\u00e7esine g\u00f6t\u00fcr\u00fcld\u00fc. <\/p>\n<div>\n<div> <img decoding=\"async\" src=\"https:\/\/kamucalisani.net\/wp-content\/uploads\/2024\/08\/emekli-astsubayin-vasiyeti-olumunden-11-yil-sonra-topraga-verilecek-1-zOXAMwQp.jpg\"\/><\/img> <\/div>\n<\/p><\/div>\n<\/p>\n<p><\/p>\n<p>Kaynak :\u00a0<span style=\"background-color: rgb(255, 249, 236); color: rgb(55, 58, 60); font-size: 14px;\">http:\/\/www.milliyet.com.tr\/gundem\/emekli-astsubayin-vasiyeti-olumunden-11-yil-sonra-topraga-verilecek-7147641<\/span><\/p>\n","protected":false},"excerpt":{"rendered":"<p>Bursa&#8217;da, vasiyeti dolay\u0131s\u0131yla ba\u011f\u0131\u015flanan bedeni t\u0131p \u00f6\u011frencilerinin e\u011fitimlerinde kadavra olarak kullan\u0131lan emekli astsubay Fehmettin Saymaz i\u00e7in te\u015fekk\u00fcr t\u00f6reni d\u00fczenlendi.<\/p>\n","protected":false},"author":1,"featured_media":83332,"comment_status":"open","ping_status":"open","sticky":false,"template":"","format":"standard","meta":{"footnotes":""},"categories":[3],"tags":[4206,5126,5125,5124,4271],"class_list":["post-83331","post","type-post","status-publish","format-standard","has-post-thumbnail","hentry","category-guncel","tag-bagis","tag-beden","tag-kadavra","tag-saymaz","tag-tip"],"_links":{"self":[{"href":"https:\/\/kamucalisani.net\/index.php\/wp-json\/wp\/v2\/posts\/83331","targetHints":{"allow":["GET"]}}],"collection":[{"href":"https:\/\/kamucalisani.net\/index.php\/wp-json\/wp\/v2\/posts"}],"about":[{"href":"https:\/\/kamucalisani.net\/index.php\/wp-json\/wp\/v2\/types\/post"}],"author":[{"embeddable":true,"href":"https:\/\/kamucalisani.net\/index.php\/wp-json\/wp\/v2\/users\/1"}],"replies":[{"embeddable":true,"href":"https:\/\/kamucalisani.net\/index.php\/wp-json\/wp\/v2\/comments?post=83331"}],"version-history":[{"count":1,"href":"https:\/\/kamucalisani.net\/index.php\/wp-json\/wp\/v2\/posts\/83331\/revisions"}],"predecessor-version":[{"id":83335,"href":"https:\/\/kamucalisani.net\/index.php\/wp-json\/wp\/v2\/posts\/83331\/revisions\/83335"}],"wp:featuredmedia":[{"embeddable":true,"href":"https:\/\/kamucalisani.net\/index.php\/wp-json\/wp\/v2\/media\/83332"}],"wp:attachment":[{"href":"https:\/\/kamucalisani.net\/index.php\/wp-json\/wp\/v2\/media?parent=83331"}],"wp:term":[{"taxonomy":"category","embeddable":true,"href":"https:\/\/kamucalisani.net\/index.php\/wp-json\/wp\/v2\/categories?post=83331"},{"taxonomy":"post_tag","embeddable":true,"href":"https:\/\/kamucalisani.net\/index.php\/wp-json\/wp\/v2\/tags?post=83331"}],"curies":[{"name":"wp","href":"https:\/\/api.w.org\/{rel}","templated":true}]}}