{"id":83339,"date":"2024-08-19T11:12:08","date_gmt":"2024-08-19T11:12:08","guid":{"rendered":"https:\/\/kamucalisani.net\/?p=83339"},"modified":"2024-08-19T11:12:08","modified_gmt":"2024-08-19T11:12:08","slug":"ozgur-ozelden-erken-secim-aciklamasi","status":"publish","type":"post","link":"https:\/\/kamucalisani.net\/index.php\/2024\/08\/19\/ozgur-ozelden-erken-secim-aciklamasi\/","title":{"rendered":"\u00d6zg\u00fcr \u00d6zel&#8217;den erken se\u00e7im a\u00e7\u0131klamas\u0131"},"content":{"rendered":"<p><p>CHP Genel Ba\u015fkan\u0131 \u00d6zg\u00fcr \u00d6zel, Meclis&#8217;te bas\u0131n mensuplar\u0131n\u0131n sorular\u0131n\u0131 cevapland\u0131rd\u0131. \u00d6zel, erken se\u00e7im tart\u0131\u015fmalar\u0131na ili\u015fkin, &#8220;Erken se\u00e7im meselesinde CHP olarak istikrarl\u0131 bir \u015fekilde ayn\u0131 de\u011ferlendirmeyi yap\u0131yoruz. Biz, 31 Mart se\u00e7imlerinde se\u00e7menden oy isterken, bunun bir genel se\u00e7im olmad\u0131\u011f\u0131n\u0131, yerel se\u00e7im oldu\u011funu s\u00f6yleyerek t\u00fcm siyasi partilerin se\u00e7menlerinden oy istedik. Se\u00e7im gecesi de &#8216;Biz ald\u0131\u011f\u0131m\u0131z deste\u011fin de kredinin de fark\u0131nday\u0131z. Bu sonu\u00e7lar\u0131 sadece partimize mal ederek bir erken se\u00e7im \u00e7a\u011fr\u0131s\u0131 yapmayaca\u011f\u0131m&#8217; demi\u015ftim. &#8216;Erken se\u00e7im isterse ancak halk ister&#8217; demi\u015ftim. Tabii bunu \u00e7ok olumlu yorumlayanlar oldu\u011fu gibi zaman zaman, &#8216;Birinci parti ni\u00e7in erken se\u00e7im istemiyor&#8217; diye ele\u015ftiriler de oldu. O g\u00fcnden bug\u00fcne, 4 ayd\u0131r yay\u0131mlanan b\u00fct\u00fcn anketlerde, yine d\u00fcn yay\u0131nlanan, hepinizin takip etti\u011fi ve her tarafta g\u00fcndem olan anketlerde de 4&#8217;\u00fcnc\u00fc ay \u00fcst \u00fcstte, &#8216;Bu pazar erken se\u00e7im olsa, bu pazar milletvekili se\u00e7imi olsa hangi partiye oy verirsiniz&#8217; denildi\u011finde CHP, her ay fark\u0131 1 puan da a\u00e7arak, 1&#8217;inci parti durumunu muhafaza ediyor. Bu bizim a\u00e7\u0131m\u0131zdan \u00e7ok \u00f6nemli&#8221; ifadelerini kulland\u0131.<\/p>\n<p><strong>&#8216;VATANDA\u015e ERKEN SE\u00c7\u0130M \u0130STER VE S\u0130Z\u0130 G\u00d6NDER\u0130R&#8217;<\/strong><\/p>\n<p>\u00d6zel, vatanda\u015flar\u0131n erken se\u00e7im talebinin her ay artt\u0131\u011f\u0131n\u0131 kaydederek, &#8220;\u015eu an itibar\u0131yla erken se\u00e7im isteyenlerle istemeyenler aras\u0131nda belirgin bir farkl\u0131l\u0131k yok; ama toplumun yar\u0131ya yak\u0131n\u0131n\u0131n erken se\u00e7im talebi var. Erken se\u00e7im talebi y\u00fckseldik\u00e7e biz bu talebi seslendirmeye devam ederiz. Erken se\u00e7im yap\u0131labilmesi i\u00e7in 360 milletvekilinin oyuna ihtiya\u00e7 var. Bug\u00fcn i\u00e7in b\u00f6yle bir milletvekili say\u0131s\u0131 bizde ve muhalefette yok. \u0130ktidar istemeden, erken se\u00e7im teknik olarak m\u00fcmk\u00fcn de\u011fil. Ancak siyasi olarak da erken se\u00e7ime direnebilmenin belli \u015fartlar\u0131 var. Ekonomi bu kadar k\u00f6t\u00fcye gidiyorken; siz asgari \u00fccrete zam yapmazsan\u0131z, 10 bin liral\u0131k emekli maa\u015f\u0131 d\u00fcnyan\u0131n hi\u00e7bir yerinde izah edilemez bir noktadayken, 270 euro gibi Avrupa Birli\u011fi&#8217;nin \u00fcyesi bir\u00e7ok \u00fclkedeki emekli maa\u015flar\u0131n\u0131n onda biri, sekizde biri noktas\u0131ndayken, siz bu sese kulak t\u0131karsan\u0131z, \u00fcz\u00fcm \u00fcreticisinden \u00e7ay \u00fcreticisine, f\u0131nd\u0131k \u00fcreticisinden bu\u011fday \u00fcreticisine hepsini peri\u015fan ederseniz, esnaf bu kadar zor durumdayken duymaz, halen daha faizlerini artt\u0131r\u0131rsan\u0131z ve &#8216;para yok&#8217; dedi\u011finiz s\u0131rada da yanda\u015f m\u00fcteahhitlerinizin, hala vergi \u00f6demedikleri ortaya \u00e7\u0131k\u0131yorsa, b\u0131\u00e7ak kemi\u011fe dayan\u0131r vatanda\u015f erken se\u00e7im ister ve sizi g\u00f6nderir. Bence 5 y\u0131l tamamlanmaz. 2 veya 2,5&#8217;uncu y\u0131l\u0131n tam ortas\u0131nda bir erken se\u00e7im olur. Bug\u00fcnden 1,5 y\u0131l sonras\u0131 i\u00e7in bir erken se\u00e7imi olas\u0131 g\u00f6r\u00fcyorum. \u0130stiyor muyum? Vallahi gelecek hafta olsun istiyorum, gelecek ay olsun istiyorum, erken se\u00e7im. Parti birinci partiyken ve bu kadar zor durumdaki insanlar\u0131n umudu, Cumhuriyet Halk Partisi olmu\u015fken ben neden erken se\u00e7im istemeyeyim. Ama 130 milletvekilimizle, AK Parti ve MHP oy vermedi\u011fi takdirde erken se\u00e7im karar\u0131 al\u0131nam\u0131yorsa bizim burada erken se\u00e7im dememizin ya da demememizin teknik bir kar\u015f\u0131l\u0131\u011f\u0131 yok; ama siyaseten, hele hele b\u00f6yle devam edeceklerse kesinlikle ve kesinlikle erken se\u00e7im ka\u00e7\u0131n\u0131lmaz olur&#8221; dedi.<\/p>\n<p><strong>&#8216;NORMALLE\u015eMEYE DEVAM&#8217;<\/strong><\/p>\n<p>\u00d6zel, siyasette y\u00fcr\u00fctt\u00fckleri s\u00fcrece verdikleri, &#8216;Normalle\u015fme&#8217; teriminin Cumhurba\u015fkan\u0131 Erdo\u011fan taraf\u0131ndan da kullan\u0131lmaya ba\u015fland\u0131\u011f\u0131n\u0131 vurgulayarak, &#8220;Uzun s\u00fcredir biz &#8216;normalle\u015fme&#8217; diyorduk, Say\u0131n Erdo\u011fan, &#8216;yumu\u015fama&#8217; diyordu. D\u00fcnden itibaren bu s\u00fcrecin terminolojisinde bizim kulland\u0131\u011f\u0131m\u0131z ifadeye d\u00f6nd\u00fc ve o da &#8216;normalle\u015fme&#8217; demeye ba\u015flad\u0131. \u015eunu g\u00f6rm\u00fc\u015f olmal\u0131lar; bu s\u00fcre\u00e7te muhalefetten kimse yumu\u015fama beklemesin. Millet bu kadar zorluk i\u00e7indeyken ne yumu\u015famas\u0131? Ama diyalog zemini g\u00f6r\u00fc\u015fmek, konu\u015fmak, el s\u0131k\u0131\u015fmak, biraz \u00f6nce de pek \u00e7ok AK Parti y\u00f6neticisiyle selamla\u015ft\u0131k, el s\u0131k\u0131\u015ft\u0131k. Herkes i\u015fini yap\u0131yor. Benim i\u015fim ma\u011fdurun, mazlumun, yoksulun, g\u00fcvencesizin hakk\u0131n\u0131 korumak. Ben Halk Partisi&#8217;nin genel ba\u015fkan\u0131y\u0131m. Onlar\u0131n, kimlerin hakk\u0131n\u0131 korudu\u011funu g\u00f6r\u00fcyoruz, izlemeye devam edece\u011fiz. Normalle\u015fme kelimesini kabullenmelerini \u00f6nemli bir d\u00f6neme\u00e7 olarak d\u00fc\u015f\u00fcn\u00fcyorum. \u00c7\u00fcnk\u00fc bu kadar a\u011f\u0131r \u015fartlar, sert \u015fartlar varken muhalefet mi yumu\u015fayacak? Kendileri yumu\u015fayacaksa, yumu\u015famas\u0131nlar, normalle\u015fsinler. Normal demokrasilerde iktidarlar, Anayasa Mahkemesi kararlar\u0131na, Avrupa \u0130nsan Haklar\u0131 Mahkemesi kararlar\u0131na, hukuka uyarlar, bir de iktidar ortaklar\u0131, her g\u00fcn birilerini tehdit etmezler, &#8216;Anayasa Mahkemesini kapataca\u011f\u0131z&#8217; demezler. Bir cinayetin ortaya \u00e7\u0131kmas\u0131n\u0131n \u00fczerine sis perdesi \u00f6rtmeye \u00e7al\u0131\u015fmazlar. Biz en sert muhalefete devam ediyoruz; ama ortaya koydu\u011fumuz normalle\u015fme, m\u00fczakere, diyalog, selamla\u015fma, milletin oylar\u0131na sayg\u0131dan dolay\u0131 o oyu verdi\u011fi partilerin genel ba\u015fkanlar\u0131na h\u00fcrmetsizlik etmemek veya birbirimize hakaret eden bir d\u00fczlemde bulu\u015fmamak normalle\u015fmenin ta kendisidir. Millet normalle\u015fmeden memnundur. Ama kimse bu \u015fartlarda muhalefetten yumu\u015fama beklemesin. Terimler tam yerine oturmu\u015ftur. Yumu\u015fama kelimesinin terk edilmesinden fevkalade memnunum. Normalle\u015fmeye devam&#8221; ifadelerini kulland\u0131.<\/p>\n<p><strong>&#8216;REST\u0130NE KAR\u015eI G\u00d6NL\u00dcN\u00dc YAPMAK \u0130STED\u0130&#8217;<\/strong><\/p>\n<p>\u00d6zel, Cumhurba\u015fkan\u0131 Recep Tayyip Erdo\u011fan ve MHP Genel Ba\u015fkan\u0131 Devlet Bah\u00e7eli aras\u0131ndaki g\u00f6r\u00fc\u015fmenin normal oldu\u011funu belirterek, &#8220;Normalle\u015fme en \u00e7ok MHP&#8217;yi ve i\u00e7indeki o 2 ki\u015fiyle temsil edilen bir oda\u011f\u0131 rahats\u0131z etti. Normalle\u015fme hukuka uymaksa onlar\u0131n hukuktan b\u00fcy\u00fck kayg\u0131lar\u0131 var. O odaklar MHP&#8217;yi belli bir yere \u00e7ektiler ve iktidar ortaklar\u0131na rest \u00e7ektirdiler. Dediler ki, &#8216;CHP&#8217;yle y\u00fcr\u00fcy\u00fcn.&#8217; Bizim bu 22 y\u0131l\u0131n sonunda AKP&#8217;yle y\u00fcr\u00fcyecek bir yolumuz olamaz. D\u00fcn Say\u0131n Cumhurba\u015fkan\u0131 da \u015funu s\u00f6yledi zaten, &#8216;Muhalefetle ittifak olmaz. Muhalefet ile diyalog olur. Belli konularda uzla\u015fma olur. Siyasetin normali budur&#8217; dedi. Ben de haftalard\u0131r bunu s\u00f6yl\u00fcyorum. Yani bir masa varsa etraf\u0131nda oturunca, bu masa ya ittifak masas\u0131 olacak ya da devrilecek sava\u015f \u00e7\u0131kacak. Siyaset b\u00f6yle bir yer de\u011fil. Bazen rakibinizle oturur, m\u00fczakere edersiniz. Bazen \u00fclkenin ortak menfaatleri i\u00e7in katk\u0131 sa\u011flars\u0131n\u0131z. Bunlar ba\u015fka bir \u015feydir. \u0130ktidar, iktidarl\u0131\u011f\u0131n\u0131 yapacak. Ne isteniyor? Enflasyonu d\u00fc\u015f\u00fcrecek. Hayat pahal\u0131l\u0131\u011f\u0131n\u0131 d\u00fc\u015f\u00fcrecek. \u0130\u015fsizlere i\u015f bulacak. Yoksullar\u0131 bu cendereden kurtaracak. Yapabiliyor mu? Yapam\u0131yor. G\u00f6r\u00fcnen o, yapam\u0131yor. Muhalefet, muhalefetini yapacak. Ne yapacak? Bu toplum kesimlerinin sesi olacak. Onlar\u0131n dertlerini anlatacak. Maa\u015flar\u0131na zam isteyecek. Meclis&#8217;te m\u00fccadele olmad\u0131, mitingler yapacak, yollara d\u00fc\u015fecek, sesini duyuracak. Muhalefet g\u00f6revini yap\u0131yor mu? Vatanda\u015fa bakarsan\u0131z, anketlere bakarsan\u0131z muhalefet g\u00f6revini yap\u0131yor. G\u00f6revimizin en \u00f6nemli s\u00fcre\u00e7lerinden bir tanesi pazar g\u00fcn\u00fc Kocaeli&#8217;nde yapaca\u011f\u0131m\u0131z, b\u00fcy\u00fck emek mitingidir. &#8216;Biz ge\u00e7inemiyoruz&#8217; diyen herkesin sesi olmaya devam edece\u011fiz. Bu \u015fartlar alt\u0131nda normalle\u015fmeden rahats\u0131z olan bir parti ve onun restine kar\u015f\u0131l\u0131k onun g\u00f6nl\u00fcn\u00fc yapmak isteyen ittifak orta\u011f\u0131 d\u00fcn birbirlerine olumlu mesajlar verdiler. Zaten do\u011frusu budur. Milliyet\u00e7i Hareket Partisi, AK Parti&#8217;nin bu \u00fclkeye ya\u015fatt\u0131\u011f\u0131 her \u015feyin orta\u011f\u0131d\u0131r. AK Parti de bug\u00fcnk\u00fc ekonomik krizin m\u00fcsebbibidir. \u00c7\u00f6zemiyorlarsa vatanda\u015f daha fazla sabretmez. Erken se\u00e7im gelir&#8221; diye konu\u015ftu.<\/p>\n<p><strong>&#8216;MHP&#8217;N\u0130N DAYATTI\u011eI GERG\u0130NL\u0130\u011e\u0130 T\u00dcRK\u0130YE HAK ETM\u0130YOR&#8217;<\/strong><\/p>\n<p>\u00d6zel, iktidar\u0131n \u00fclkeyi kampla\u015ft\u0131rd\u0131\u011f\u0131n\u0131 ifade ederek, &#8220;5 Kas\u0131m g\u00fcn\u00fcnden itibaren Erdo\u011fan&#8217;a bir hakaretim yok, bir tane de hakaret duymad\u0131m. Bir dava a\u00e7mad\u0131m, bana da bir dava a\u00e7\u0131lmad\u0131. Haftada 3&#8217;er hakaret davas\u0131n\u0131n havada u\u00e7u\u015ftu\u011fu bir \u00fclkeden bu \u00fclkenin vatanda\u015flar\u0131 memnun de\u011fil. Bu \u015fartlar\u0131 dayatan MHP&#8217;nin \u00e7ok arzulad\u0131\u011f\u0131 o gerginlik siyasetini de bu \u00fclke hak etmiyor. O oyunlara gelmeyiz. \u0130stedikleri kadar gersinler, tehdit etsinler, sakinli\u011fimizi koruruz, diyece\u011fimizi s\u00f6yleriz. Durdu\u011fumuz yerden bir ad\u0131m geri pozisyonumuzu bozmay\u0131z. CHP, \u00f6zg\u00fcvenli siyasetine devam ediyor. Ben meselenin oturdu\u011fu zeminden son derece memnunum. Say\u0131n Erdo\u011fan&#8217;\u0131n baz\u0131 kelimelerini &#8216;Acaba bunu MHP&#8217;ye mi diyor&#8217; diye bir okuyun. Ben hep \u00f6yle yapar\u0131m&#8221; dedi.<\/p>\n\n<p><\/p>\n<p>Kaynak :\u00a0<span style=\"background-color: rgb(255, 249, 236); color: rgb(55, 58, 60); font-size: 14px;\">http:\/\/www.milliyet.com.tr\/gundem\/ozgur-ozelden-erken-secim-aciklamasi-7147644<\/span><\/p>\n","protected":false},"excerpt":{"rendered":"<p>CHP Genel Ba\u015fkan\u0131 \u00d6zg\u00fcr \u00d6zel, Meclis&#8217;te bas\u0131n mensuplar\u0131n\u0131n sorular\u0131n\u0131 cevapland\u0131rd\u0131. \u00d6zel, erken se\u00e7im tart\u0131\u015fmalar\u0131na ili\u015fkin a\u00e7\u0131klamalarda bulundu.<\/p>\n","protected":false},"author":1,"featured_media":83340,"comment_status":"open","ping_status":"open","sticky":false,"template":"","format":"standard","meta":{"footnotes":""},"categories":[3],"tags":[2504,867,1539,4419,582],"class_list":["post-83339","post","type-post","status-publish","format-standard","has-post-thumbnail","hentry","category-guncel","tag-erken-secim","tag-hak","tag-muhalefet","tag-normallesme","tag-parti"],"_links":{"self":[{"href":"https:\/\/kamucalisani.net\/index.php\/wp-json\/wp\/v2\/posts\/83339","targetHints":{"allow":["GET"]}}],"collection":[{"href":"https:\/\/kamucalisani.net\/index.php\/wp-json\/wp\/v2\/posts"}],"about":[{"href":"https:\/\/kamucalisani.net\/index.php\/wp-json\/wp\/v2\/types\/post"}],"author":[{"embeddable":true,"href":"https:\/\/kamucalisani.net\/index.php\/wp-json\/wp\/v2\/users\/1"}],"replies":[{"embeddable":true,"href":"https:\/\/kamucalisani.net\/index.php\/wp-json\/wp\/v2\/comments?post=83339"}],"version-history":[{"count":1,"href":"https:\/\/kamucalisani.net\/index.php\/wp-json\/wp\/v2\/posts\/83339\/revisions"}],"predecessor-version":[{"id":83341,"href":"https:\/\/kamucalisani.net\/index.php\/wp-json\/wp\/v2\/posts\/83339\/revisions\/83341"}],"wp:featuredmedia":[{"embeddable":true,"href":"https:\/\/kamucalisani.net\/index.php\/wp-json\/wp\/v2\/media\/83340"}],"wp:attachment":[{"href":"https:\/\/kamucalisani.net\/index.php\/wp-json\/wp\/v2\/media?parent=83339"}],"wp:term":[{"taxonomy":"category","embeddable":true,"href":"https:\/\/kamucalisani.net\/index.php\/wp-json\/wp\/v2\/categories?post=83339"},{"taxonomy":"post_tag","embeddable":true,"href":"https:\/\/kamucalisani.net\/index.php\/wp-json\/wp\/v2\/tags?post=83339"}],"curies":[{"name":"wp","href":"https:\/\/api.w.org\/{rel}","templated":true}]}}