{"id":83458,"date":"2024-08-19T17:36:06","date_gmt":"2024-08-19T17:36:06","guid":{"rendered":"https:\/\/kamucalisani.net\/?p=83458"},"modified":"2024-08-19T17:36:06","modified_gmt":"2024-08-19T17:36:06","slug":"ispartada-dehset-babasini-satirla-kesip-oldurdu","status":"publish","type":"post","link":"https:\/\/kamucalisani.net\/index.php\/2024\/08\/19\/ispartada-dehset-babasini-satirla-kesip-oldurdu\/","title":{"rendered":"Isparta&#8217;da deh\u015fet! Babas\u0131n\u0131 sat\u0131rla kesip \u00f6ld\u00fcrd\u00fc"},"content":{"rendered":"<p><p>Olay, saat 01.00 s\u0131ralar\u0131nda Senirkent il\u00e7esi Cumhuriyet Mahallesi&#8217;nde meydana geldi. 18 ya\u015f\u0131nda k\u00fc\u00e7\u00fck oldu\u011fu belirtilen O.S., nedeni hen\u00fcz belirlenemeyen tart\u0131\u015fman\u0131n ard\u0131ndan babas\u0131 Abdullah Sar\u0131ta\u015f&#8217;\u0131n bo\u011faz k\u0131sm\u0131na sat\u0131rla vurdu.<\/p>\n<p>A\u011f\u0131r yaral\u0131 olarak Senirkent Devlet Hastanesi&#8217;ne g\u00f6t\u00fcr\u00fclen Sar\u0131ta\u015f, m\u00fcdahalelere ra\u011fmen hayat\u0131n\u0131 kaybetti. Senirkent \u0130l\u00e7e M\u00fcft\u00fcl\u00fc\u011f\u00fc&#8217;nde g\u00f6revli oldu\u011fu \u00f6\u011frenilen Abdullah Sar\u0131ta\u015f&#8217;\u0131n cenazesi otopsi yap\u0131lmak \u00fczere morga g\u00f6t\u00fcr\u00fcl\u00fcrken, olayla ilgili soru\u015fturma ba\u015flat\u0131ld\u0131.<\/p>\n<p>Psikolojik sorunlar\u0131 oldu\u011fu \u00f6ne s\u00fcr\u00fclen O.S., g\u00f6zalt\u0131na al\u0131nd\u0131.<\/p>\n\n<p><\/p>\n<p>Kaynak :\u00a0<span style=\"background-color: rgb(255, 249, 236); color: rgb(55, 58, 60); font-size: 14px;\">http:\/\/www.milliyet.com.tr\/gundem\/ispartada-dehset-babasini-satirla-kesip-oldurdu-7147730<\/span><\/p>\n","protected":false},"excerpt":{"rendered":"<p>Isparta&#8217;da psikolojik sorunlar\u0131 oldu\u011fu \u00f6ne s\u00fcr\u00fclen O.S. \u00e7\u0131kan tart\u0131\u015fmada babas\u0131 Abdullah Sar\u0131ta\u015f&#8217;\u0131n (51) bo\u011faz\u0131na sat\u0131rla vurdu. A\u011f\u0131r yaral\u0131 halde hastaneye g\u00f6t\u00fcr\u00fclen baba Sar\u0131ta\u015f, hayat\u0131n\u0131 kaybetti.<\/p>\n","protected":false},"author":1,"featured_media":83459,"comment_status":"open","ping_status":"open","sticky":false,"template":"","format":"standard","meta":{"footnotes":""},"categories":[3],"tags":[],"class_list":["post-83458","post","type-post","status-publish","format-standard","has-post-thumbnail","hentry","category-guncel"],"_links":{"self":[{"href":"https:\/\/kamucalisani.net\/index.php\/wp-json\/wp\/v2\/posts\/83458","targetHints":{"allow":["GET"]}}],"collection":[{"href":"https:\/\/kamucalisani.net\/index.php\/wp-json\/wp\/v2\/posts"}],"about":[{"href":"https:\/\/kamucalisani.net\/index.php\/wp-json\/wp\/v2\/types\/post"}],"author":[{"embeddable":true,"href":"https:\/\/kamucalisani.net\/index.php\/wp-json\/wp\/v2\/users\/1"}],"replies":[{"embeddable":true,"href":"https:\/\/kamucalisani.net\/index.php\/wp-json\/wp\/v2\/comments?post=83458"}],"version-history":[{"count":1,"href":"https:\/\/kamucalisani.net\/index.php\/wp-json\/wp\/v2\/posts\/83458\/revisions"}],"predecessor-version":[{"id":83460,"href":"https:\/\/kamucalisani.net\/index.php\/wp-json\/wp\/v2\/posts\/83458\/revisions\/83460"}],"wp:featuredmedia":[{"embeddable":true,"href":"https:\/\/kamucalisani.net\/index.php\/wp-json\/wp\/v2\/media\/83459"}],"wp:attachment":[{"href":"https:\/\/kamucalisani.net\/index.php\/wp-json\/wp\/v2\/media?parent=83458"}],"wp:term":[{"taxonomy":"category","embeddable":true,"href":"https:\/\/kamucalisani.net\/index.php\/wp-json\/wp\/v2\/categories?post=83458"},{"taxonomy":"post_tag","embeddable":true,"href":"https:\/\/kamucalisani.net\/index.php\/wp-json\/wp\/v2\/tags?post=83458"}],"curies":[{"name":"wp","href":"https:\/\/api.w.org\/{rel}","templated":true}]}}