{"id":83499,"date":"2024-08-19T19:48:06","date_gmt":"2024-08-19T19:48:06","guid":{"rendered":"https:\/\/kamucalisani.net\/?p=83499"},"modified":"2024-08-19T19:48:06","modified_gmt":"2024-08-19T19:48:06","slug":"havacilikta-yeni-proje-hava-kampus-uygulamasi-basliyor","status":"publish","type":"post","link":"https:\/\/kamucalisani.net\/index.php\/2024\/08\/19\/havacilikta-yeni-proje-hava-kampus-uygulamasi-basliyor\/","title":{"rendered":"Havac\u0131l\u0131kta yeni proje: Hava kamp\u00fcs uygulamas\u0131 ba\u015fl\u0131yor"},"content":{"rendered":"<p><figure> <span> <img decoding=\"async\" src=\"https:\/\/kamucalisani.net\/wp-content\/uploads\/2024\/08\/havacilikta-yeni-proje-hava-kampus-uygulamasi-basliyor-0-YsApWeDr.jpg\"\/> <\/span> <strong>Ula\u015ft\u0131rma ve Altyap\u0131 Bakan\u0131<\/strong>\u00a0Abdulkadir Uralo\u011flu,\u00a0Sivil Havac\u0131l\u0131k Genel M\u00fcd\u00fcrl\u00fc\u011f\u00fc\u00a0taraf\u0131ndan <strong>sportif ve amat\u00f6r havac\u0131l\u0131\u011f\u0131<\/strong> geli\u015ftirmek ve havalimanlar\u0131ndaki trafi\u011fi hafifletmek i\u00e7in ba\u015flat\u0131lan <strong>hava kamp\u00fcs\u00a0uygulamas\u0131<\/strong> hakk\u0131nda konu\u015ftu. <\/figure>\n<p><b>Amat\u00f6r ve sportif havac\u0131lar i\u00e7in hava kamp\u00fcs uygulamas\u0131 ba\u015fl\u0131yor<\/b><\/p>\n<p>Uralo\u011flu,\u00a0Hava kamp\u00fcs uygulamas\u0131 ile <strong>5 bin 700 kilogram<\/strong> a\u011f\u0131rl\u0131\u011fa kadar olan <strong>sabit kanatl\u0131 hava ara\u00e7lar\u0131<\/strong> ba\u015fta olmak \u00fczere, dikey ini\u015f kalk\u0131\u015f yapabilen insanl\u0131 veya \u0130nsans\u0131z Hava Ara\u00e7lar\u0131 ve D\u00f6ner Kanatl\u0131 Hava Ara\u00e7lar\u0131 i\u00e7in havaalan\u0131 prosed\u00fcrlerinden ve yo\u011funlu\u011fundan etkilenmeden ini\u015f ve kalk\u0131\u015f yapabilecekleri alanlar kuracaklar\u0131n\u0131 a\u00e7\u0131klad\u0131.<\/p>\n<p>T\u00fcrkiye&#8217;nin d\u00f6rt bir yan\u0131na kurulacak dikey ini\u015f kalk\u0131\u015f yapan ve di\u011fer hava ara\u00e7lar\u0131 i\u00e7in hava kamp\u00fcsleri ile hem insanl\u0131 hem insans\u0131z hava ara\u00e7lar\u0131n\u0131n hem de sivil havac\u0131l\u0131\u011f\u0131n geli\u015fmesini sa\u011flayacaklar\u0131n\u0131 kaydeden Bakan Uralo\u011flu,\u00a0\u201cT\u00fcrkiye&#8217;ye amat\u00f6r havac\u0131l\u0131k ve sportif havac\u0131l\u0131k konusunda da d\u00fcnyan\u0131n merkezlerinden biri haline getirece\u011fiz&#8221;\u00a0dedi.<\/p>\n<p>Bu hava ara\u00e7lar\u0131n\u0131n pilotlar\u0131n\u0131n ini\u015f kalk\u0131\u015f yapabilece\u011fi alanlar\u0131n say\u0131s\u0131n\u0131n art\u0131r\u0131lmas\u0131 sayesinde havaalanlar\u0131nda uygulanan prosed\u00fcr karma\u015fas\u0131ndan ve yo\u011funluktan etkilenmeden u\u00e7u\u015flar\u0131n\u0131 yapabileceklerini de ifade eden Uralo\u011flu, bu durumun amat\u00f6r havac\u0131l\u0131\u011f\u0131n geli\u015fmesine katk\u0131 sa\u011flayaca\u011f\u0131n\u0131 belirtti.<\/p>\n<p>Uralo\u011flu, bu durumun ayr\u0131ca pilot e\u011fitimleri i\u00e7in kullan\u0131lacak ini\u015f alanlar\u0131na olan ihtiyac\u0131n ortadan kalkmas\u0131n\u0131 ve dronbanlar i\u00e7in de park alan\u0131 fonksiyonu g\u00f6rmesini planlad\u0131klar\u0131n\u0131 s\u00f6yledi. Hava Kamp\u00fcs ba\u015fvurusu yap\u0131ld\u0131\u011f\u0131nda talep edilmesi durumunda Hava kamp\u00fcsler i\u00e7in hava sahas\u0131 tan\u0131mlanabilece\u011fini ve tan\u0131mlanan hava sahas\u0131n\u0131n i\u00e7inde kalmas\u0131 ko\u015fuluyla, ger\u00e7ekle\u015ftirilecek u\u00e7u\u015flar i\u00e7in u\u00e7u\u015f plan\u0131 sunma gereksiniminin aranmayaca\u011f\u0131n\u0131 vurguland\u0131.<\/p>\n<p>Hava Kamp\u00fcs i\u00e7in ba\u015fvurular\u0131n Sivil Havac\u0131l\u0131k Genel M\u00fcd\u00fcrl\u00fc\u011f\u00fc\u2019ne yap\u0131labilece\u011fini belirten Bakan Uralo\u011flu, bu uygulamadan \u00f6nce kullan\u0131m izni verilen ini\u015f \u015feritleri i\u00e7in tekrar ba\u015fvuru yap\u0131lmas\u0131na gerek olmad\u0131\u011f\u0131n\u0131, Genel M\u00fcd\u00fcrl\u00fck taraf\u0131ndan o alanlar\u0131n Hava kamp\u00fcs olarak tan\u0131mlanaca\u011f\u0131n\u0131 duyurdu.<\/p>\n<p><figure> <span> <img decoding=\"async\" src=\"https:\/\/kamucalisani.net\/wp-content\/uploads\/2024\/08\/havacilikta-yeni-proje-hava-kampus-uygulamasi-basliyor-1-FMc61Twc.jpg\"\/> <\/span> <\/figure>\n<\/p>\n<p>Bakan Uralo\u011flu, hava kamp\u00fcs\u00fc in\u015fa etmek isteyenlerin ilk olarak yer belirlemesi gerekti\u011fini belirterek, se\u00e7ilen yerin ini\u015f ve kalk\u0131\u015flara elveri\u015fli olmas\u0131 gerekti\u011fini a\u00e7\u0131klad\u0131. Uralo\u011flu, SHGM\u2019ye yap\u0131lan ba\u015fvurunun ard\u0131ndan i\u015fleyen s\u00fcre\u00e7 hakk\u0131nda da bilgi vererek,\u00a0\u201cGenelkurmay Ba\u015fkanl\u0131\u011f\u0131 ba\u015fvurunun ulusal g\u00fcvenli\u011fini, valilikler ise kamp\u00fcslerin insan ve \u00e7evre a\u00e7\u0131s\u0131ndan etkilerini denetleyecek. Rapor olumlu de\u011ferlendirilirse hava kamp\u00fcsler a\u00e7\u0131labilecek\u201d\u00a0diye konu\u015ftu.<\/p>\n<p>Uralo\u011flu, ayr\u0131ca i\u015fletmecilerin izni ald\u0131\u011f\u0131 tarihten itibaren 3 y\u0131l i\u00e7inde hava kamp\u00fcs\u00fc yap\u0131m\u0131n\u0131n tamamlamas\u0131 gerekti\u011finin alt\u0131n\u0131 \u00e7izerek, bu s\u00fcrede yap\u0131lmayan kamp\u00fcslerin izinlerinin i\u015fleme gerek kalmaks\u0131z\u0131n iptal edilebilece\u011fini s\u00f6yledi.<\/p>\n<p>Ticari ama\u00e7l\u0131 kullan\u0131lacak kamp\u00fcslerin izinlerinin bir y\u0131l s\u00fcreyle ge\u00e7erli olaca\u011f\u0131n\u0131 ve her y\u0131l\u0131n sonunda iznin uzat\u0131lmas\u0131 gerekti\u011fini de bildiren Uralo\u011flu, ticari ama\u00e7 d\u0131\u015f\u0131ndaki \u015fah\u0131slara ait 5 bin 700 kilo alt\u0131 kalk\u0131\u015f a\u011f\u0131rl\u0131\u011f\u0131na sahip sabit kanatl\u0131 hava ara\u00e7lar\u0131n\u0131n park edilece\u011fi kamp\u00fcsler i\u00e7in izin uzatma \u015fart\u0131 gerekmeyece\u011fini belirterek,\u00a0\u201cZararl\u0131 bulunan kamp\u00fcslerin izinleri ise SHGM taraf\u0131ndan iptal edilebilecek\u201d\u00a0dedi.<\/p>\n\n<p>Kaynak\u00a0 :\u00a0<span style=\"background-color: rgb(255, 249, 236); color: rgb(55, 58, 60); font-size: 14px;\">https:\/\/www.donanimhaber.com\/havacilikta-yeni-proje-hava-kampus-uygulamasi-basliyor&#8211;180863<\/span><\/p>\n","protected":false},"excerpt":{"rendered":"<p>Ula\u015ft\u0131rma ve Altyap\u0131 Bakan\u0131\u00a0Abdulkadir Uralo\u011flu,\u00a0Sivil Havac\u0131l\u0131k Genel M\u00fcd\u00fcrl\u00fc\u011f\u00fc\u00a0taraf\u0131ndan sportif ve amat\u00f6r havac\u0131l\u0131\u011f\u0131 geli\u015ftirmek ve havalimanlar\u0131ndaki trafi\u011fi hafifletmek i\u00e7in ba\u015flat\u0131lan hava kamp\u00fcs\u00a0uygulamas\u0131 hakk\u0131nda konu\u015ftu. Amat\u00f6r ve &#8230;<\/p>\n","protected":false},"author":1,"featured_media":83500,"comment_status":"open","ping_status":"open","sticky":false,"template":"","format":"standard","meta":{"footnotes":""},"categories":[8],"tags":[421,3217,5140,1020,375],"class_list":["post-83499","post","type-post","status-publish","format-standard","has-post-thumbnail","hentry","category-teknoloji","tag-hava","tag-hava-araclari","tag-hava-kampus","tag-inis","tag-uraloglu"],"_links":{"self":[{"href":"https:\/\/kamucalisani.net\/index.php\/wp-json\/wp\/v2\/posts\/83499","targetHints":{"allow":["GET"]}}],"collection":[{"href":"https:\/\/kamucalisani.net\/index.php\/wp-json\/wp\/v2\/posts"}],"about":[{"href":"https:\/\/kamucalisani.net\/index.php\/wp-json\/wp\/v2\/types\/post"}],"author":[{"embeddable":true,"href":"https:\/\/kamucalisani.net\/index.php\/wp-json\/wp\/v2\/users\/1"}],"replies":[{"embeddable":true,"href":"https:\/\/kamucalisani.net\/index.php\/wp-json\/wp\/v2\/comments?post=83499"}],"version-history":[{"count":1,"href":"https:\/\/kamucalisani.net\/index.php\/wp-json\/wp\/v2\/posts\/83499\/revisions"}],"predecessor-version":[{"id":83503,"href":"https:\/\/kamucalisani.net\/index.php\/wp-json\/wp\/v2\/posts\/83499\/revisions\/83503"}],"wp:featuredmedia":[{"embeddable":true,"href":"https:\/\/kamucalisani.net\/index.php\/wp-json\/wp\/v2\/media\/83500"}],"wp:attachment":[{"href":"https:\/\/kamucalisani.net\/index.php\/wp-json\/wp\/v2\/media?parent=83499"}],"wp:term":[{"taxonomy":"category","embeddable":true,"href":"https:\/\/kamucalisani.net\/index.php\/wp-json\/wp\/v2\/categories?post=83499"},{"taxonomy":"post_tag","embeddable":true,"href":"https:\/\/kamucalisani.net\/index.php\/wp-json\/wp\/v2\/tags?post=83499"}],"curies":[{"name":"wp","href":"https:\/\/api.w.org\/{rel}","templated":true}]}}